{"id":29283,"date":"2018-11-18T10:17:42","date_gmt":"2018-11-18T13:17:42","guid":{"rendered":"http:\/\/blogdoeloiltoncajuhy.com.br\/site\/?p=29283"},"modified":"2018-11-18T10:17:42","modified_gmt":"2018-11-18T13:17:42","slug":"empregos-sinebahia-abre-vagas-em-senhor-do-bonfim-e-outras-cidades-nesta-segunda-feira-19","status":"publish","type":"post","link":"https:\/\/blogdoeloiltoncajuhy.com.br\/site\/empregos-sinebahia-abre-vagas-em-senhor-do-bonfim-e-outras-cidades-nesta-segunda-feira-19\/","title":{"rendered":"EMPREGOS: Sinebahia abre vagas em Senhor do Bonfim e outras cidades nesta segunda-feira (19)"},"content":{"rendered":"<p><em><strong>DOCUMENTA\u00c7\u00c3O NECESS\u00c1RIA:<\/strong> Obrigat\u00f3rio portar Carteira de Trabalho, RG, CPF, comprovante de resid\u00eancia e certificado de escolaridade.\u00a0Essas s\u00e3o apenas algumas vagas dispon\u00edveis. Para consultar a lista completa, o trabalhador deve comparecer \u00e0 unidade de seu munic\u00edpio.<\/em><\/p>\n<p><strong><a href=\"https:\/\/i0.wp.com\/blogdoeloiltoncajuhy.com.br\/site\/wp-content\/uploads\/2015\/07\/sinebahia1.jpg\"><img data-recalc-dims=\"1\" fetchpriority=\"high\" decoding=\"async\" class=\"aligncenter wp-image-2079\" src=\"https:\/\/i0.wp.com\/blogdoeloiltoncajuhy.com.br\/site\/wp-content\/uploads\/2015\/07\/sinebahia1.jpg?resize=460%2C305\" alt=\"\" width=\"460\" height=\"305\" srcset=\"https:\/\/i0.wp.com\/blogdoeloiltoncajuhy.com.br\/site\/wp-content\/uploads\/2015\/07\/sinebahia1.jpg?w=318&amp;ssl=1 318w, https:\/\/i0.wp.com\/blogdoeloiltoncajuhy.com.br\/site\/wp-content\/uploads\/2015\/07\/sinebahia1.jpg?resize=300%2C199&amp;ssl=1 300w, https:\/\/i0.wp.com\/blogdoeloiltoncajuhy.com.br\/site\/wp-content\/uploads\/2015\/07\/sinebahia1.jpg?resize=250%2C166&amp;ssl=1 250w\" sizes=\"(max-width: 460px) 100vw, 460px\" \/><\/a>Vagas exclusivas para Senhor do Bonfim (19\/11)<\/strong><\/p>\n<p>MOTORISTA DE \u00d4NIBUS<br \/>\nEnsino M\u00e9dio completo<br \/>\nExperi\u00eancia na fun\u00e7\u00e3o<br \/>\nCNH: D<br \/>\n12 VAGAS<\/p>\n<p>ANALISTA DE RH<br \/>\nEnsino Superior completo<br \/>\nExperi\u00eancia na fun\u00e7\u00e3o<br \/>\n01 VAGA<\/p>\n<p>DESIGNER GR\u00c1FICO<br \/>\nEnsino M\u00e9dio completo<br \/>\nExperi\u00eancia na fun\u00e7\u00e3o<br \/>\n02 VAGAS<\/p>\n<p>MONTADOR DE M\u00d3VEIS<br \/>\nEnsino M\u00e9dio completo<br \/>\nExperi\u00eancia na fun\u00e7\u00e3o<br \/>\nCNH: B<br \/>\n01 VAGA<\/p>\n<p><strong>Vagas exclusivas para unidades de Salvador (19\/11)<\/strong><\/p>\n<p>VENDEDOR DE CONS\u00d3RCIO<br \/>\nEnsino M\u00e9dio completo<br \/>\nExperi\u00eancia m\u00ednima de 06 meses na carteira<br \/>\nObrigat\u00f3rio possuir CNH \u2018B\u2019<br \/>\nDesej\u00e1vel: Vivencia com vendas de cons\u00f3rcios ve\u00edculos<br \/>\n01 VAGA<\/p>\n<p>T\u00c9CNICO DE EQUIPAMENTOS EL\u00c9TRICOS<br \/>\nEnsino M\u00e9dio completo<br \/>\nExperi\u00eancia m\u00ednima de 03 meses na fun\u00e7\u00e3o<br \/>\nObrigat\u00f3rio possuir conhecimento na \u00e1rea<br \/>\n02 VAGAS<\/p>\n<p>RELOJOEIRO<br \/>\nEnsino M\u00e9dio completo<br \/>\nExperi\u00eancia m\u00ednima de 06 meses na fun\u00e7\u00e3o<br \/>\nObrigat\u00f3rio possuir conhecimento na \u00e1rea<br \/>\n02 VAGAS<\/p>\n<p>OURIVES<br \/>\nEnsino M\u00e9dio completo<br \/>\nExperi\u00eancia m\u00ednima de 06 meses na fun\u00e7\u00e3o<br \/>\nObrigat\u00f3rio possuir conhecimento na \u00e1rea<br \/>\n02 VAGAS<\/p>\n<p>CHAVEIRO<br \/>\nEnsino M\u00e9dio completo<br \/>\nExperi\u00eancia m\u00ednima de 06 meses na fun\u00e7\u00e3o<br \/>\nObrigat\u00f3rio possuir conhecimento na \u00e1rea<br \/>\n02 VAGAS<\/p>\n<p>VIDRACEIRO COLOCADOR DE VIDROS<br \/>\nEnsino Fundamental incompleto<br \/>\nExperi\u00eancia m\u00ednima de 06 meses na carteira<br \/>\nObrigat\u00f3rio possuir conhecimento na \u00e1rea<br \/>\nSal\u00e1rio R$ 1.000,00 + benef\u00edcios<br \/>\n01 VAGA<\/p>\n<p>POLIDOR DE VIDROS<br \/>\nEnsino Fundamental incompleto<br \/>\nExperi\u00eancia m\u00ednima de 06 meses na carteira<br \/>\nObrigat\u00f3rio possuir conhecimento na \u00e1rea<br \/>\nSal\u00e1rio R$ 1.000,00 + benef\u00edcios<br \/>\n01 VAGA<\/p>\n<p>DESIGNER DE SOBRANCELHAS<br \/>\nEnsino M\u00e9dio completo<br \/>\nExperi\u00eancia m\u00ednima de 06 meses na fun\u00e7\u00e3o<br \/>\nObrigat\u00f3rio possuir curso de Designer de Sobrancelha com certificado<br \/>\nSal\u00e1rio R$ 1.084,04 + benef\u00edcios<br \/>\n02 VAGAS<\/p>\n<p>DEPILADORA COM T\u00c9CNICA EM LASER<br \/>\nEnsino Superior completo em Enfermagem, Fisioterapia ou Biomedicina<br \/>\nExperi\u00eancia m\u00ednima de 06 meses na fun\u00e7\u00e3o<br \/>\nObrigat\u00f3rio possuir conhecimento na \u00e1rea<br \/>\n02 VAGAS<\/p>\n<p>MANICURE<br \/>\nEnsino Fundamental completo<br \/>\nExperi\u00eancia m\u00ednima de 06 meses na carteira<br \/>\nObrigat\u00f3rio possuir conhecimento na fun\u00e7\u00e3o. Vaga destinada a pessoas que sejam profissionais da \u00e1rea e tenham inscri\u00e7\u00e3o ou disponibilidade de se inscrever como MEI (lei 13.352\/2016)<br \/>\n02 VAGAS<\/p>\n<p>DESIGNER DE SOBRANCELHAS<br \/>\nEnsino M\u00e9dio completo<br \/>\nExperi\u00eancia m\u00ednima de 06 meses na carteira<br \/>\nObrigat\u00f3rio possuir conhecimento na fun\u00e7\u00e3o. Vaga destinada a pessoas que sejam profissionais da \u00e1rea e tenham inscri\u00e7\u00e3o ou disponibilidade de se inscrever como MEI (lei 13.352\/2016)<br \/>\n02 VAGAS<\/p>\n<p>CABELEIREIRO<br \/>\nEnsino M\u00e9dio completo<br \/>\nExperi\u00eancia m\u00ednima de 06 meses na carteira<br \/>\nObrigat\u00f3rio possuir conhecimento na fun\u00e7\u00e3o. Vaga destinada a pessoas que sejam profissionais da \u00e1rea e tenham inscri\u00e7\u00e3o ou disponibilidade de se inscrever como MEI (lei 13.352\/2016).<br \/>\n02 VAGAS<\/p>\n<p>INSTALADOR DE MATERIAIS DE COMBATE \u00c0 INC\u00caNDIO<br \/>\nEnsino M\u00e9dio completo<br \/>\nExperi\u00eancia m\u00ednima de 06 meses na carteira<br \/>\nObrigat\u00f3rio possuir conhecimento em materiais de combate a inc\u00eandio<br \/>\n01 VAGA<\/p>\n<p>REPRESENTANTE T\u00c9CNICO DE VENDAS<br \/>\nEnsino M\u00e9dio completo<br \/>\nExperi\u00eancia m\u00ednima de 06 meses na carteira<br \/>\nObrigat\u00f3rio possuir conhecimento em materiais de combate a inc\u00eandio<br \/>\n01 VAGA<\/p>\n<p>ELETRICISTA DE INSTALA\u00c7\u00d5ES<br \/>\nEnsino Fundamental completo<br \/>\nExperi\u00eancia m\u00ednima de 06 meses na carteira<br \/>\nObrigat\u00f3rio possuir CNH \u2018D\u2019<br \/>\nDesej\u00e1vel: Curso T\u00e9cnico<br \/>\nSal\u00e1rio R$ 1.771,00 + benef\u00edcios<br \/>\n01 VAGA<\/p>\n<p>MEC\u00c2NICO DE MANUTEN\u00c7\u00c3O DE M\u00c1QUINAS<br \/>\nEnsino M\u00e9dio completo<br \/>\nExperi\u00eancia m\u00ednima de 06 meses na carteira<br \/>\nObrigat\u00f3rio possuir viv\u00eancia com manuten\u00e7\u00e3o de compactadores, mangotes, placas, betoneiras e demais equipamentos, al\u00e9m de disponibilidade para viagens e CNH \u2018B\u2019.<br \/>\nDesej\u00e1vel: Curso NR10<br \/>\n01 VAGA<\/p>\n<p>AUXILIAR T\u00c9CNICO ELETR\u00d4NICO<br \/>\nEnsino M\u00e9dio completo<br \/>\nExperi\u00eancia m\u00ednima de 06 meses na carteira<br \/>\nObrigat\u00f3rio possuir conhecimentos na \u00e1rea e CNH \u2018A\u2019<br \/>\n02 VAGAS<\/p>\n<p><strong>Vagas EXCLUSIVAS para UNIDADE CENTRAL de Salvador (19\/11)<\/strong><br \/>\nENDERE\u00c7O: Av. ACM, 3359 \u2013 Cond. Torres do Iguatemi.<br \/>\nFuncionamento de segunda \u00e0 sexta, das 7h as 17h.<\/p>\n<p>CONSULTOR DE VENDAS<br \/>\nEnsino Superior incompleto na \u00e1rea comercial &#8211; A partir do 1\u00ba Sem.<br \/>\nExperi\u00eancia m\u00ednima de 06 meses na carteira<br \/>\nObrigat\u00f3rio possuir CNH \u2018A\u2019 ou \u2018B\u2019, ve\u00edculo pr\u00f3prio e viv\u00eancia na \u00e1rea comercial, al\u00e9m de conhecer as ferramentas de Windows, Word, Excel, Internet e Outlook<br \/>\nDesej\u00e1vel: Conhecimento com institui\u00e7\u00e3o de ensino superior<br \/>\nSal\u00e1rio R$ 1.181,81 + benef\u00edcios<br \/>\n02 VAGAS<\/p>\n<p>ASSISTENTE OPERACIONAL<br \/>\nEnsino T\u00e9cnico incompleto ou completo em Edifica\u00e7\u00f5es<br \/>\nExperi\u00eancia m\u00ednima de 06 meses na carteira<br \/>\nObrigat\u00f3rio possuir conhecimento na \u00e1rea e em pacote Office (intermedi\u00e1rio)<br \/>\nSal\u00e1rio R$ 1.304,49 + benef\u00edcios<br \/>\n01 VAGA<\/p>\n<p>COSTUREIRA DE M\u00c1QUINAS INDUSTRIAIS<br \/>\nEnsino M\u00e9dio completo<br \/>\nExperi\u00eancia m\u00ednima de 06 meses na carteira<br \/>\nObrigat\u00f3rio possuir viv\u00eancia com m\u00e1quina industrial reta<br \/>\n01 VAGA<\/p>\n<p>COORDENADOR ACAD\u00caMICO GERAL<br \/>\nEnsino Superior completo em Pedagogia com P\u00f3s-Gradua\u00e7\u00e3o<br \/>\nExperi\u00eancia m\u00ednima de 06 meses na carteira<br \/>\nObrigat\u00f3rio possuir viv\u00eancia em atividades acad\u00eamicas e administrativas do ensino Superior<br \/>\nSal\u00e1rio R$ 6.000,00 + benef\u00edcios<br \/>\n01 VAGA<\/p>\n<p>TUTOR DE ENSINO A DIST\u00c2NCIA (EAD)<br \/>\nEnsino Superior completo em Pedagogia, ADM ou afins<br \/>\nExperi\u00eancia m\u00ednima de 06 meses na carteira<br \/>\nObrigat\u00f3rio possuir viv\u00eancia em atividades acad\u00eamicas e administrativas do ensino Superior<br \/>\nDesej\u00e1vel: Conhecimento como Gestor de EAD<br \/>\nSal\u00e1rio R$ 1.751,00 + benef\u00edcios<br \/>\n01 VAGA<\/p>\n<p>COORDENADOR DE CURSO DE ENFERMAGEM<br \/>\nEnsino Superior completo com P\u00f3s-Gradua\u00e7\u00e3o em Enfermagem ou afins<br \/>\nExperi\u00eancia m\u00ednima de 06 meses na carteira<br \/>\nObrigat\u00f3rio possuir viv\u00eancia com vendas de seguros, planos de servi\u00e7os e cart\u00f5es<br \/>\nSal\u00e1rio R$ 3.000,00 + benef\u00edcios<br \/>\n01 VAGA<\/p>\n<p>COORDENADOR DE CURSO DE BIOMEDICINA<br \/>\nEnsino Superior completo com P\u00f3s-Gradua\u00e7\u00e3o em Biomedicina ou afins<br \/>\nExperi\u00eancia m\u00ednima de 06 meses na fun\u00e7\u00e3o<br \/>\nObrigat\u00f3rio possuir conhecimento como docente na \u00e1rea<br \/>\nDesej\u00e1vel: Mestrado<br \/>\nSal\u00e1rio R$ 3.000,00 + benef\u00edcios<br \/>\n01 VAGA<\/p>\n<p><strong>Vagas exclusivas para Lauro de Freitas (19\/11)<\/strong><\/p>\n<p>PIZZAIOLO<br \/>\nEnsino Fundamental completo<br \/>\nExperi\u00eancia m\u00ednima de 06 meses na fun\u00e7\u00e3o<br \/>\nObrigat\u00f3rio residir em Lauro de Freitas ou proximidades<br \/>\n01 VAGA<\/p>\n<p><strong>Vagas exclusivas para Feira de Santana (19\/11)<\/strong><\/p>\n<p>MEC\u00c2NICO DE EMPILHADEIRA<br \/>\nEnsino T\u00e9cnico completo de Mec\u00e2nico de Empilhadeira<br \/>\nExperi\u00eancia m\u00ednima de 06 meses na carteira<br \/>\nObrigat\u00f3rio possuir CNH \u2018A\/B\u2019<br \/>\n01 VAGA<\/p>\n<p>VENDEDOR<br \/>\nEnsino M\u00e9dio completo<br \/>\nExperi\u00eancia m\u00ednima de 06 meses na fun\u00e7\u00e3o<br \/>\nObrigat\u00f3rio possuir viv\u00eancia com vendas diretas<br \/>\n25 VAGAS<\/p>\n<p>CHAVEIRO<br \/>\nEnsino M\u00e9dio completo<br \/>\nExperi\u00eancia m\u00ednima de 06 meses na fun\u00e7\u00e3o<br \/>\nObrigat\u00f3rio possuir viv\u00eancia com afia\u00e7\u00e3o, chave codificada e troca de segredo<br \/>\n01 VAGA<\/p>\n<p><strong>Vagas exclusivas para Jequi\u00e9 (19\/11)<\/strong><\/p>\n<p>MEC\u00c2NICO DE AUTOM\u00d3VEIS<br \/>\nEnsino Fundamental incompleto<br \/>\nExperi\u00eancia m\u00ednima de 06 meses na fun\u00e7\u00e3o<br \/>\nObrigat\u00f3rio possuir CNH \u2018B\u2019<br \/>\n01 VAGA<\/p>\n<p>M\u00c9DICO DO TRABALHO<br \/>\nEnsino Superior completo<br \/>\nExperi\u00eancia m\u00ednima de 06 meses na fun\u00e7\u00e3o<br \/>\n01 VAGA<\/p>\n<p><strong>Vagas exclusivas para Itabuna (19\/11)<\/strong><\/p>\n<p>MONITOR DE RESSOCIALIZA\u00c7\u00c3O\/AGENTE DE DISCIPLINA (PCD)<br \/>\nExclusiva para Pessoas com Defici\u00eancia<br \/>\nEnsino M\u00e9dio completo<br \/>\nObrigat\u00f3rio possuir curso de Vigilante<br \/>\n05 VAGAS<\/p>\n<p>AUXILIAR DE LINHA DE PRODU\u00c7\u00c3O (PCD)<br \/>\nExclusiva para Pessoas com Defici\u00eancia<br \/>\nN\u00e3o exige escolaridade<br \/>\nN\u00e3o exige experi\u00eancia<br \/>\n05 VAGAS<\/p>\n<p>AUXILIAR ADMINISTRATIVO (JOVEM APRENDIZ)<br \/>\nExclusivo para Jovem Aprendiz<br \/>\nEnsino M\u00e9dio incompleto (cursando)<br \/>\nN\u00e3o exige experi\u00eancia<br \/>\n01 VAGA<\/p>\n<p>MOTORISTA ENTREGADOR DE BOTIJ\u00c3O A G\u00c1S<br \/>\nEnsino Fundamental completo<br \/>\nExperi\u00eancia m\u00ednima de 06 meses com entregas<br \/>\nObrigat\u00f3rio possuir CNH \u2018A\/B\u2019 e curso MOPP<br \/>\n03 VAGAS<\/p>\n<p>AUXILIAR DE DEPARTAMENTO PESSOAL<br \/>\nEnsino M\u00e9dio completo<br \/>\nExperi\u00eancia m\u00ednima de 06 meses na carteira<br \/>\nObrigat\u00f3rio possuir viv\u00eancia com o E-social<br \/>\n01 VAGA<\/p>\n<p>REPRESENTANTE COMERCIAL AUT\u00d4NOMO<br \/>\nEnsino M\u00e9dio completo<br \/>\nExperi\u00eancia m\u00ednima de 06 meses com vendas externas<br \/>\nObrigat\u00f3rio possuir moto e CNH \u2018A\u2019<br \/>\n01 VAGA<\/p>\n<p>CONFEITEIRO DE PADARIA<br \/>\nEnsino Fundamental incompleto<br \/>\nExperi\u00eancia m\u00ednima de 06 meses na fun\u00e7\u00e3o<br \/>\n01 VAGA<\/p>\n<p>AUXILIAR DE MEC\u00c2NICO<br \/>\nN\u00e3o exige escolaridade<br \/>\nExperi\u00eancia m\u00ednima de 06 meses na fun\u00e7\u00e3o<br \/>\n01 VAGA<\/p>\n<p>MEC\u00c2NICO DE CAMINH\u00c3O \u00c0 DIESEL<br \/>\nN\u00e3o exige escolaridade<br \/>\nExperi\u00eancia m\u00ednima de 06 meses na fun\u00e7\u00e3o<br \/>\n01 VAGA<\/p>\n<p>AUXILIAR DE CONTABILIDADE<br \/>\nEnsino Superior cursando Ci\u00eancias Cont\u00e1beis &#8211; A partir 3\u00ba Sem.<br \/>\nExperi\u00eancia em Excel intermedi\u00e1rio<br \/>\n01 VAGA<\/p>\n<p>ATENDENTE BALCONISTA<br \/>\nEnsino M\u00e9dio completo<br \/>\nExperi\u00eancia m\u00ednima de 06 meses na fun\u00e7\u00e3o<br \/>\nObrigat\u00f3rio possuir viv\u00eancia com Photoshop<br \/>\n01 VAGA<\/p>\n<p>MAGAREFE<br \/>\nEnsino M\u00e9dio incompleto<br \/>\nExperi\u00eancia m\u00ednima de 06 meses na fun\u00e7\u00e3o<br \/>\n01 VAGA<\/p>\n<p><em><strong>*Ascom Sinebahia<\/strong><\/em><\/p>\n","protected":false},"excerpt":{"rendered":"<p>DOCUMENTA\u00c7\u00c3O NECESS\u00c1RIA: Obrigat\u00f3rio portar Carteira de Trabalho, RG, CPF, comprovante de resid\u00eancia e certificado de escolaridade.\u00a0Essas s\u00e3o apenas algumas vagas dispon\u00edveis. Para consultar a lista completa, o trabalhador deve comparecer \u00e0 unidade de seu munic\u00edpio. Vagas exclusivas para Senhor do Bonfim (19\/11) MOTORISTA DE \u00d4NIBUS Ensino M\u00e9dio completo Experi\u00eancia na fun\u00e7\u00e3o CNH: D 12 VAGAS [&hellip;]<\/p>\n","protected":false},"author":2,"featured_media":0,"comment_status":"open","ping_status":"open","sticky":false,"template":"","format":"standard","meta":{"_acf_changed":false,"_monsterinsights_skip_tracking":false,"_monsterinsights_sitenote_active":false,"_monsterinsights_sitenote_note":"","_monsterinsights_sitenote_category":0,"_jetpack_memberships_contains_paid_content":false,"footnotes":"","jetpack_publicize_message":"","jetpack_publicize_feature_enabled":true,"jetpack_social_post_already_shared":true,"jetpack_social_options":{"image_generator_settings":{"template":"highway","default_image_id":0,"font":"","enabled":false},"version":2}},"categories":[5,1,4],"tags":[],"class_list":["post-29283","post","type-post","status-publish","format-standard","hentry","category-cotidiano","category-noticias","category-local"],"acf":[],"jetpack_publicize_connections":[],"jetpack_featured_media_url":"","jetpack_sharing_enabled":true,"publishpress_future_workflow_manual_trigger":{"enabledWorkflows":[]},"_links":{"self":[{"href":"https:\/\/blogdoeloiltoncajuhy.com.br\/site\/wp-json\/wp\/v2\/posts\/29283","targetHints":{"allow":["GET"]}}],"collection":[{"href":"https:\/\/blogdoeloiltoncajuhy.com.br\/site\/wp-json\/wp\/v2\/posts"}],"about":[{"href":"https:\/\/blogdoeloiltoncajuhy.com.br\/site\/wp-json\/wp\/v2\/types\/post"}],"author":[{"embeddable":true,"href":"https:\/\/blogdoeloiltoncajuhy.com.br\/site\/wp-json\/wp\/v2\/users\/2"}],"replies":[{"embeddable":true,"href":"https:\/\/blogdoeloiltoncajuhy.com.br\/site\/wp-json\/wp\/v2\/comments?post=29283"}],"version-history":[{"count":1,"href":"https:\/\/blogdoeloiltoncajuhy.com.br\/site\/wp-json\/wp\/v2\/posts\/29283\/revisions"}],"predecessor-version":[{"id":29284,"href":"https:\/\/blogdoeloiltoncajuhy.com.br\/site\/wp-json\/wp\/v2\/posts\/29283\/revisions\/29284"}],"wp:attachment":[{"href":"https:\/\/blogdoeloiltoncajuhy.com.br\/site\/wp-json\/wp\/v2\/media?parent=29283"}],"wp:term":[{"taxonomy":"category","embeddable":true,"href":"https:\/\/blogdoeloiltoncajuhy.com.br\/site\/wp-json\/wp\/v2\/categories?post=29283"},{"taxonomy":"post_tag","embeddable":true,"href":"https:\/\/blogdoeloiltoncajuhy.com.br\/site\/wp-json\/wp\/v2\/tags?post=29283"}],"curies":[{"name":"wp","href":"https:\/\/api.w.org\/{rel}","templated":true}]}}