{"id":29279,"date":"2018-11-18T09:57:13","date_gmt":"2018-11-18T12:57:13","guid":{"rendered":"http:\/\/blogdoeloiltoncajuhy.com.br\/site\/?p=29279"},"modified":"2018-11-18T10:05:03","modified_gmt":"2018-11-18T13:05:03","slug":"homologada-licitacao-para-construcao-da-praca-da-feira-em-andorinha","status":"publish","type":"post","link":"https:\/\/blogdoeloiltoncajuhy.com.br\/site\/homologada-licitacao-para-construcao-da-praca-da-feira-em-andorinha\/","title":{"rendered":"Homologada licita\u00e7\u00e3o para constru\u00e7\u00e3o da Pra\u00e7a da Feira em Andorinha"},"content":{"rendered":"<p><a href=\"https:\/\/i0.wp.com\/blogdoeloiltoncajuhy.com.br\/site\/wp-content\/uploads\/2018\/11\/feira-2.png\"><img data-recalc-dims=\"1\" fetchpriority=\"high\" decoding=\"async\" class=\"aligncenter wp-image-29280\" src=\"https:\/\/i0.wp.com\/blogdoeloiltoncajuhy.com.br\/site\/wp-content\/uploads\/2018\/11\/feira-2.png?resize=500%2C339\" alt=\"\" width=\"500\" height=\"339\" srcset=\"https:\/\/i0.wp.com\/blogdoeloiltoncajuhy.com.br\/site\/wp-content\/uploads\/2018\/11\/feira-2.png?w=796&amp;ssl=1 796w, https:\/\/i0.wp.com\/blogdoeloiltoncajuhy.com.br\/site\/wp-content\/uploads\/2018\/11\/feira-2.png?resize=300%2C204&amp;ssl=1 300w, https:\/\/i0.wp.com\/blogdoeloiltoncajuhy.com.br\/site\/wp-content\/uploads\/2018\/11\/feira-2.png?resize=768%2C521&amp;ssl=1 768w, https:\/\/i0.wp.com\/blogdoeloiltoncajuhy.com.br\/site\/wp-content\/uploads\/2018\/11\/feira-2.png?resize=250%2C170&amp;ssl=1 250w\" sizes=\"(max-width: 500px) 100vw, 500px\" \/><\/a>A SJS Constru\u00e7\u00f5es e Reforma LTDA foi a vencedora da licita\u00e7\u00e3o para construir a Pra\u00e7a da Feira na cidade de Andorinha. A empresa foi proclamada vencedora da licita\u00e7\u00e3o (do tipo tomada de pre\u00e7os) or\u00e7ada em R$ 664.214,96 &#8211; via Companhia de Desenvolvimento e A\u00e7\u00e3o Regional \u2013 CAR.<\/p>\n<p>A obra \u00e9 um antigo sonho da popula\u00e7\u00e3o andorinhense e promessa de campanha do prefeito Renato Brand\u00e3o. \u201c<em>Quero agradecer muito ao governador Rui Costa e ao deputado Euclides Fernandes que n\u00e3o mediram esfor\u00e7os para que o projeto virasse realidade. Com certeza, vai embelezar, e muito, a nossa cidade<\/em>\u201d, destaca o perfeito Renato Brand\u00e3o.<\/p>\n<p>O empreendimento, que ser\u00e1 constru\u00eddo em tr\u00eas etapas, est\u00e1 or\u00e7ado em aproximadamente R$ 1 milh\u00e3o e 700 mil reais.<\/p>\n<p><em><strong>*Ascom Prefeitura Municipal de Andorinha-BA<\/strong><\/em><\/p>\n","protected":false},"excerpt":{"rendered":"<p>A SJS Constru\u00e7\u00f5es e Reforma LTDA foi a vencedora da licita\u00e7\u00e3o para construir a Pra\u00e7a da Feira na cidade de Andorinha. A empresa foi proclamada vencedora da licita\u00e7\u00e3o (do tipo tomada de pre\u00e7os) or\u00e7ada em R$ 664.214,96 &#8211; via Companhia de Desenvolvimento e A\u00e7\u00e3o Regional \u2013 CAR. A obra \u00e9 um antigo sonho da popula\u00e7\u00e3o [&hellip;]<\/p>\n","protected":false},"author":2,"featured_media":29280,"comment_status":"open","ping_status":"open","sticky":false,"template":"","format":"standard","meta":{"_acf_changed":false,"_monsterinsights_skip_tracking":false,"_monsterinsights_sitenote_active":false,"_monsterinsights_sitenote_note":"","_monsterinsights_sitenote_category":0,"_jetpack_memberships_contains_paid_content":false,"footnotes":"","jetpack_publicize_message":"","jetpack_publicize_feature_enabled":true,"jetpack_social_post_already_shared":true,"jetpack_social_options":{"image_generator_settings":{"template":"highway","default_image_id":0,"font":"","enabled":false},"version":2}},"categories":[1,3,11],"tags":[],"class_list":["post-29279","post","type-post","status-publish","format-standard","has-post-thumbnail","hentry","category-noticias","category-politica","category-regional"],"acf":[],"jetpack_publicize_connections":[],"jetpack_featured_media_url":"https:\/\/i0.wp.com\/blogdoeloiltoncajuhy.com.br\/site\/wp-content\/uploads\/2018\/11\/feira-2.png?fit=796%2C540&ssl=1","jetpack_sharing_enabled":true,"publishpress_future_workflow_manual_trigger":{"enabledWorkflows":[]},"_links":{"self":[{"href":"https:\/\/blogdoeloiltoncajuhy.com.br\/site\/wp-json\/wp\/v2\/posts\/29279","targetHints":{"allow":["GET"]}}],"collection":[{"href":"https:\/\/blogdoeloiltoncajuhy.com.br\/site\/wp-json\/wp\/v2\/posts"}],"about":[{"href":"https:\/\/blogdoeloiltoncajuhy.com.br\/site\/wp-json\/wp\/v2\/types\/post"}],"author":[{"embeddable":true,"href":"https:\/\/blogdoeloiltoncajuhy.com.br\/site\/wp-json\/wp\/v2\/users\/2"}],"replies":[{"embeddable":true,"href":"https:\/\/blogdoeloiltoncajuhy.com.br\/site\/wp-json\/wp\/v2\/comments?post=29279"}],"version-history":[{"count":2,"href":"https:\/\/blogdoeloiltoncajuhy.com.br\/site\/wp-json\/wp\/v2\/posts\/29279\/revisions"}],"predecessor-version":[{"id":29282,"href":"https:\/\/blogdoeloiltoncajuhy.com.br\/site\/wp-json\/wp\/v2\/posts\/29279\/revisions\/29282"}],"wp:featuredmedia":[{"embeddable":true,"href":"https:\/\/blogdoeloiltoncajuhy.com.br\/site\/wp-json\/wp\/v2\/media\/29280"}],"wp:attachment":[{"href":"https:\/\/blogdoeloiltoncajuhy.com.br\/site\/wp-json\/wp\/v2\/media?parent=29279"}],"wp:term":[{"taxonomy":"category","embeddable":true,"href":"https:\/\/blogdoeloiltoncajuhy.com.br\/site\/wp-json\/wp\/v2\/categories?post=29279"},{"taxonomy":"post_tag","embeddable":true,"href":"https:\/\/blogdoeloiltoncajuhy.com.br\/site\/wp-json\/wp\/v2\/tags?post=29279"}],"curies":[{"name":"wp","href":"https:\/\/api.w.org\/{rel}","templated":true}]}}