{"id":29271,"date":"2018-11-18T09:25:24","date_gmt":"2018-11-18T12:25:24","guid":{"rendered":"http:\/\/blogdoeloiltoncajuhy.com.br\/site\/?p=29271"},"modified":"2018-11-18T09:25:24","modified_gmt":"2018-11-18T12:25:24","slug":"esportes-vitoria-perde-para-o-atletico-pr-e-permanece-na-zr-bahia-joga-mal-e-e-derrotado-pelo-atletico-mg","status":"publish","type":"post","link":"https:\/\/blogdoeloiltoncajuhy.com.br\/site\/esportes-vitoria-perde-para-o-atletico-pr-e-permanece-na-zr-bahia-joga-mal-e-e-derrotado-pelo-atletico-mg\/","title":{"rendered":"ESPORTES: Vit\u00f3ria perde para o Atl\u00e9tico-PR e permanece na ZR; Bahia joga mal e \u00e9 derrotado pelo Atl\u00e9tico-MG"},"content":{"rendered":"<p style=\"text-align: center;\"><strong>Vit\u00f3ria perde para o Atl\u00e9tico-PR e se complica ainda mais no Brasileir\u00e3o<\/strong><\/p>\n<div class=\"box-post\">\n<div class=\"box-body\" data-io-article-url=\"https:\/\/www.bahianoticias.com.br\/esportes\/vitoria\/20243-vitoria-perde-para-o-atletico-pr-e-se-complica-ainda-mais-no-brasileirao.html\">\n<div class=\"text-descricao\">\n<figure id=\"attachment_29273\" aria-describedby=\"caption-attachment-29273\" style=\"width: 480px\" class=\"wp-caption aligncenter\"><a href=\"https:\/\/i0.wp.com\/blogdoeloiltoncajuhy.com.br\/site\/wp-content\/uploads\/2018\/11\/VitApr_nov-2018.jpg\"><img data-recalc-dims=\"1\" fetchpriority=\"high\" decoding=\"async\" class=\"wp-image-29273\" src=\"https:\/\/i0.wp.com\/blogdoeloiltoncajuhy.com.br\/site\/wp-content\/uploads\/2018\/11\/VitApr_nov-2018.jpg?resize=480%2C354\" alt=\"\" width=\"480\" height=\"354\" srcset=\"https:\/\/i0.wp.com\/blogdoeloiltoncajuhy.com.br\/site\/wp-content\/uploads\/2018\/11\/VitApr_nov-2018.jpg?w=380&amp;ssl=1 380w, https:\/\/i0.wp.com\/blogdoeloiltoncajuhy.com.br\/site\/wp-content\/uploads\/2018\/11\/VitApr_nov-2018.jpg?resize=300%2C221&amp;ssl=1 300w, https:\/\/i0.wp.com\/blogdoeloiltoncajuhy.com.br\/site\/wp-content\/uploads\/2018\/11\/VitApr_nov-2018.jpg?resize=250%2C184&amp;ssl=1 250w\" sizes=\"(max-width: 480px) 100vw, 480px\" \/><\/a><figcaption id=\"caption-attachment-29273\" class=\"wp-caption-text\">Foto: Maur\u00edcia da Matta \/ Divulga\u00e7\u00e3o \/ Vit\u00f3ria<\/figcaption><\/figure>\n<p>A situa\u00e7\u00e3o que j\u00e1 era ruim para o Vit\u00f3ria, ficou pior neste s\u00e1bado (17). Em duelo disputado no Barrad\u00e3o, o Rubro-Negro baiano perdeu para o Atl\u00e9tico-PR por 2 a 1. O Le\u00e3o segue na 18\u00aa posi\u00e7\u00e3o com 36 pontos.<\/p>\n<p>O pr\u00f3ximo compromisso do Vit\u00f3ria \u00e9 contra o Cruzeiro, quarta-feira (21), \u00e0s 20h45 (hor\u00e1rio de Salvador), no Mineir\u00e3o, v\u00e1lido pela 36\u00aa rodada do Campeonato Brasileiro.<\/p>\n<p><strong>O JOGO<\/strong><\/p>\n<p>Nos minutos iniciais, o Vit\u00f3ria procurou apertar a marca\u00e7\u00e3o e com isso dificultou a sa\u00edda de bola do Atl\u00e9tico-PR.\u00a0No entanto, conseguiu se segurar por pouco tempo. Aos seis minutos, o Atl\u00e9tico-PR criou a primeira jogada de perigo. Em cobran\u00e7a de falta, Pablo passou por cima da bola e Raphael Veiga chutou rasteiro, por baixo da barreira. Jo\u00e3o Gabriel estava atento e fez a defesa.<\/p>\n<p>O Vit\u00f3ria tinha dificuldades para criar jogadas ofensivas. E o Atl\u00e9tico-PR chegava com cautela na \u00e1rea dos donos da casa.\u00a0Aos 26, ap\u00f3s cobran\u00e7a de falta na \u00e1rea, Pablo escorou e Jo\u00e3o Gabriel defendeu. A bola bateu na trave, Ramon tentou tirar e mandou contra o pr\u00f3prio patrim\u00f4nio.<\/p>\n<p>O Atl\u00e9tico-PR quase ampliou a vantagem aos 46. Cirino ajeitou e Raphael Veiga mandou uma bomba, mas Jo\u00e3o Gabriel realizou uma grande defesa.<\/p>\n<p><strong>Segundo tempo<\/strong><\/p>\n<p>Precisando do triunfo, o Vit\u00f3ria tentava criar jogadas de perigo, mas pecava nas finaliza\u00e7\u00f5es.\u00a0Aos 13, L\u00e9o Cear\u00e1 cobrou falta direta para o gol e a bola passou muito perto da trave esquerdo do goleiro Santos.<\/p>\n<p>As oportunidades surgiam, mas o time continuou falhando nos arremates. Aos 26, Fabiano recebeu entrada da \u00e1rea, girou e bateu, mas o chute foi muito alto e sem perigo.\u00a0Aos 34, Nickson cobrou falta de dentro de \u00e1rea, a bola tocou em Pablo, por\u00e9m Santos estava atento e defendeu com tranquilidade.<\/p>\n<p>O Atl\u00e9tico-PR desperdi\u00e7ou uma grande oportunidade de ampliar a vantagem aos 36. Nik\u00e3o avan\u00e7ou sem marca\u00e7\u00e3o e chutou cruzado. A bola explodiu na trave.\u00a0No entanto, aos 40, o Atl\u00e9tico-PR ampliou a vantagem. Bruno Guimar\u00e3es recebeu na entrada da \u00e1rea, avan\u00e7ou e bateu na sa\u00edda de Jo\u00e3o Gabriel.<\/p>\n<p>Aos 46, Wellington n\u00e3o alcan\u00e7ou a bola e derrubou L\u00e9o Cear\u00e1 dentro da \u00e1rea. Neilton cobrou e diminuiu a desvantagem. Mas j\u00e1 era tarde demais para uma rea\u00e7\u00e3o e o Vit\u00f3ria perdeu o jogo por 2 a 1.<\/p>\n<p><strong>FICHA T\u00c9CNICA<\/strong><br \/>\n<strong>Vit\u00f3ria 1x 2 Atl\u00e9tico-PR<\/strong><br \/>\n<strong>Campeonato Brasileiro \u2013 35\u00aa rodada<\/strong><br \/>\n<strong>Local:<\/strong>\u00a0Barrad\u00e3o, em Salvador (BA)<br \/>\n<strong>Data:<\/strong>\u00a017\/11\/2018 (s\u00e1bado)<br \/>\n<strong>Hor\u00e1rio<\/strong>: 18h (de Salvador)<br \/>\n<strong>\u00c1rbitro<\/strong>: Fl\u00e1vio Rodrigues (SP)<br \/>\n<strong>Assistentes:<\/strong>\u00a0Alex Ang Ribeiro (SP) e Tatiane Sacilotti dos Santos Camargo (Fifa\/SP).<br \/>\n<strong>Assistentes adicionais:<\/strong>\u00a0Marcio Henrique de Gois (SP) e Jose Claudio Rocha Filho (SP)<br \/>\n<strong>Cart\u00f5es amarelos<\/strong>: Jeferson, Rhayner e Lucas Fernandes (Vit\u00f3ria); L\u00e9o Pereira, Bruno Guimar\u00e3es e Jonathan (Atl\u00e9tico-PR)<\/p>\n<p><strong>Cart\u00e3o vermelho<\/strong>: Jeferson (Vit\u00f3ria)<br \/>\n<strong>Gols<\/strong>: Ramon (contra) e Bruno Guimar\u00e3es (Atl\u00e9tico-PR); Neilton (Vit\u00f3ria);<\/p>\n<p><strong>Vit\u00f3ria:<\/strong>\u00a0Jo\u00e3o Gabriel; Jeferson, Lucas Ribeiro, Ramon e Fabiano; \u00a0Willian Farias (Yago), L\u00e9o Gomes e Rhayner (Neilton); Lucas Fernandes, Erick (Nickson) e L\u00e9o Cear\u00e1. <strong>T\u00e9cnico:<\/strong> Jo\u00e3o Burse.<\/p>\n<p><strong>Atl\u00e9tico-PR:\u00a0<\/strong>Santos; Jonathan, Wanderson, L\u00e9o Pereira e M\u00e1rcio Azevedo; Bruno Guimar\u00e3es e Camacho; Raphael Veiga (Marcinho), Marcelo Cirino (Nik\u00e3o) e Rony (Wellington); Pablo. <strong>T\u00e9cnico:<\/strong> Tiago Nunes.<\/p>\n<p style=\"text-align: center;\"><strong>Mesmo com um jogador a mais, Bahia n\u00e3o consegue reagir e \u00e9 derrotado pelo Atl\u00e9tico-MG<\/strong><\/p>\n<figure id=\"attachment_29272\" aria-describedby=\"caption-attachment-29272\" style=\"width: 480px\" class=\"wp-caption aligncenter\"><a href=\"https:\/\/i0.wp.com\/blogdoeloiltoncajuhy.com.br\/site\/wp-content\/uploads\/2018\/11\/AmgBah_nov-2018.jpg\"><img data-recalc-dims=\"1\" decoding=\"async\" class=\"wp-image-29272\" src=\"https:\/\/i0.wp.com\/blogdoeloiltoncajuhy.com.br\/site\/wp-content\/uploads\/2018\/11\/AmgBah_nov-2018.jpg?resize=480%2C354\" alt=\"\" width=\"480\" height=\"354\" srcset=\"https:\/\/i0.wp.com\/blogdoeloiltoncajuhy.com.br\/site\/wp-content\/uploads\/2018\/11\/AmgBah_nov-2018.jpg?w=380&amp;ssl=1 380w, https:\/\/i0.wp.com\/blogdoeloiltoncajuhy.com.br\/site\/wp-content\/uploads\/2018\/11\/AmgBah_nov-2018.jpg?resize=300%2C221&amp;ssl=1 300w, https:\/\/i0.wp.com\/blogdoeloiltoncajuhy.com.br\/site\/wp-content\/uploads\/2018\/11\/AmgBah_nov-2018.jpg?resize=250%2C184&amp;ssl=1 250w\" sizes=\"(max-width: 480px) 100vw, 480px\" \/><\/a><figcaption id=\"caption-attachment-29272\" class=\"wp-caption-text\">Foto: Bruno Cantini \/ Atl\u00e9tico-MG<\/figcaption><\/figure>\n<p>Logo ap\u00f3s ter sofrido o gol, o Bahia ficou com um homem a mais aos sete minutos do segundo tempo. No entanto, o Tricolor n\u00e3o conseguiu transformar a vantagem num\u00e9rica no campo em gols e acabou derrotado pelo Atl\u00e9tico-MG por 1 a 0, na noite deste s\u00e1bado (17), no Independ\u00eancia, pela 35\u00aa rodada do Campeonato Brasileiro. O equatoriano Cazares balan\u00e7ou as redes tricolores aos seis minutos.<\/p>\n<p>Com o rev\u00e9s, o Tricolor permanece, neste momento, na 10\u00aa coloca\u00e7\u00e3o com os mesmos 44 pontos. J\u00e1 o Galo mineiro, segue firme na sexta posi\u00e7\u00e3o, dentro do G-6, mas agora com 53.<\/p>\n<p>O Tricolor volta ao gramado na pr\u00f3xima quinta-feira (22), \u00e0s 20h no hor\u00e1rio de Salvador, para receber a visita do Fluminense, na Arena Fonte Nova. O duelo vale pela 36\u00aa rodada. Na v\u00e9spera, \u00e0s 18h30, o Galo viaja at\u00e9 Porto Alegre para encarar o Internacional, no Beira-Rio.<\/p>\n<p><strong>O JOGO<\/strong><\/p>\n<p>Sem o zagueiro Douglas Grolli, que sofreu uma pancada na cabe\u00e7a, e o meio-campista Z\u00e9 Rafael, com dores musculares, vetados para a partida, o t\u00e9cnico Enderson Moreira promoveu o retorno de Tiago na defesa e por Fl\u00e1vio para a vaga do camisa 10.<\/p>\n<p>O jogo no Independ\u00eancia come\u00e7ou com o Atl\u00e9tico-MG mostrando de quem era a casa, com mais dom\u00ednio de bola, trocando passes e escapulindo bem pelas pontas com Cazares, na esquerda, e Luan, pela direita.<\/p>\n<p>Mas o Bahia n\u00e3o se intimidou e buscava o ataque sempre que a oportunidade surgia, por\u00e9m devido aos erros em alguns passes, n\u00e3o chegava cara-a-cara com Victor. Num deles, por pouco Edigar Junio n\u00e3o apareceu nas costas da defesa mineira.<\/p>\n<p>J\u00e1 os mandantes levaram muito perigo \u00e0 meta Tricolor, obrigando o goleiro Douglas a fazer a primeira grande interven\u00e7\u00e3o aos 10 minutos. Ap\u00f3s boa troca de passes, Char\u00e1 recebeu de Cazares por eleva\u00e7\u00e3o. O colombiano bateu de primeira no canto e o arqueiro do Bahia desviou para escanteio.<\/p>\n<p>O primeiro chute do Tricolor saiu aos 16 com Paulinho. Numa jogada de contra-ataque, ele recebeu passe de Ramires, olhou para \u00e1rea e resolveu arriscar soltando a bomba para a defesa de Victor.<\/p>\n<p>O Galo colocava press\u00e3o no Tricolor. Aos 23, Ricardo Oliveira protagonizou um bom lance. Ele recebeu o passe, cortou Tiago e chutou forte. Bem posicionado, Douglas encaixou sem dificuldades.<\/p>\n<p>Aos 36, por pouco um cruzamento despretensioso de Cazares n\u00e3o pegou Douglas de surpresa. O equatoriano cruzou a bola na \u00e1rea em cobran\u00e7a de falta pelo lado esquerdo do ataque. A redonda quicou no ch\u00e3o na pequena \u00e1rea, mas o atento goleiro do Esquadr\u00e3o desviou para fora.<\/p>\n<p>O endiabrado Cazares, por pouco, n\u00e3o abriu o placar quando o rel\u00f3gio marcava 40. Ele bateu uma falta, na entrada da \u00e1rea pela esquerda, e a bola balan\u00e7ou a rede do lado de fora da meta de Douglas.<\/p>\n<p><strong>Segundo tempo<\/strong><\/p>\n<p>Os dois times retornaram dos vesti\u00e1rios com as mesmas forma\u00e7\u00f5es que iniciaram a primeira etapa.\u00a0O Atl\u00e9tico-MG manteve a press\u00e3o e abriu o placar logo aos seis minutos de reiniciada a partida. Char\u00e1 armou a jogada pela esquerda e tocou para Cazares que chegou dentro da \u00e1rea livre de marca\u00e7\u00e3o. O equatoriano dominou e fuzilou Douglas. Atl\u00e9tico-MG 1&#215;0 Bahia.<\/p>\n<p>No minuto seguinte ao gol, o lateral F\u00e1bio Santos, que j\u00e1 tinha cart\u00e3o amarelo, levantou demais o p\u00e9 numa disputa de bola com \u00c9lber. O camisa 6 levou o segundo e foi expulso da partida.<\/p>\n<p>Aos 24 minutos, Char\u00e1 invadiu a grande \u00e1rea, mas Jackson e Tiago chegaram na marca\u00e7\u00e3o e desarmaram o colombiano impedindo que o Galo ampliasse o placar.<\/p>\n<p>Aos 24 minutos, Char\u00e1 invadiu a grande \u00e1rea, mas Jackson e Tiago chegaram na marca\u00e7\u00e3o e desarmaram o colombiano impedindo que o Galo ampliasse o placar. Cinco minutos depois, \u00c9lber furou a bola numa cobran\u00e7a rasteira de escanteio de Vinicius. Na sequ\u00eancia, Cazares cobrou um tiro de canto que quase terminou dentro do gol. Mas o atento Douglas evitou o tento ol\u00edmpico aos 30.<\/p>\n<p>O goleiro Victor impediu o gol de empate do Tricolor aos 36. Bruno escapou pela direita e cruzou para \u00e1rea mineira. Edigar Junio subiu e cabeceou para a grande defesa do arqueiro do Galo.<\/p>\n<p><strong>FICHA T\u00c9CNICA<br \/>\nAtl\u00e9tico-MG 1&#215;0 Bahia<br \/>\nCampeonato Brasileiro \u2013 35\u00aa rodada<\/strong><br \/>\n<strong>Local<\/strong>: Est\u00e1dio Independ\u00eancia, em Belo Horizonte<br \/>\n<strong>Hor\u00e1rio<\/strong>: 20h (de Salvador)<br \/>\n<strong>Data<\/strong>: 17\/11\/2018 (s\u00e1bado)<br \/>\n<strong>\u00c1rbitro<\/strong>:\u00a0Marcelo Aparecido Ribeiro de Souza (SP)<br \/>\n<strong>Assistentes<\/strong>: Anderson Jos\u00e9 de Moraes Coelho e Bruno Salgado Rizo (ambos de SP)<br \/>\n<strong>Assistentes adicionais<\/strong>: Ilbert Estevam da Silva e Rodrigo Gomes Paes Domingues (ambos de SP)<\/p>\n<p><strong>Cart\u00f5es amarelos:<\/strong>\u00a0F\u00e1bio Santos, duas vezes, Adilson, Elias (Atl\u00e9tico-MG) \/ Nilton, Vinicius, \u00c9lber (Bahia)<br \/>\n<strong>Cart\u00e3o vermelho:<\/strong>\u00a0F\u00e1bio Santos (Atl\u00e9tico-MG)<\/p>\n<p><strong>Gol:<\/strong>\u00a0Cazares (Atl\u00e9tico-MG)<\/p>\n<p><strong>Atl\u00e9tico-MG:<\/strong>\u00a0Victor; Patric, L\u00e9o Silva, Maidana e F\u00e1bio Santos; Adilson, Elias, Luan, Cazares e Char\u00e1; Ricardo Oliveira (Gabriel).\u00a0<strong>T\u00e9cnico<\/strong>: Levir Culpi.<\/p>\n<p><strong>Bahia:<\/strong>\u00a0Douglas; Bruno, Tiago, Jackson (Allione)\u00a0e Paulinho; Gregore e Nilton (Vinicius); Fl\u00e1vio, Ramires (Gilberto) e Elber; Edigar Junio.\u00a0<strong>T\u00e9cnico<\/strong>: Enderson Moreira.<\/p>\n<p><em><strong>*Bahia Not\u00edcias<\/strong><\/em><\/p>\n<\/div>\n<\/div>\n<\/div>\n","protected":false},"excerpt":{"rendered":"<p>Vit\u00f3ria perde para o Atl\u00e9tico-PR e se complica ainda mais no Brasileir\u00e3o A situa\u00e7\u00e3o que j\u00e1 era ruim para o Vit\u00f3ria, ficou pior neste s\u00e1bado (17). Em duelo disputado no Barrad\u00e3o, o Rubro-Negro baiano perdeu para o Atl\u00e9tico-PR por 2 a 1. O Le\u00e3o segue na 18\u00aa posi\u00e7\u00e3o com 36 pontos. O pr\u00f3ximo compromisso do [&hellip;]<\/p>\n","protected":false},"author":2,"featured_media":29273,"comment_status":"open","ping_status":"open","sticky":false,"template":"","format":"standard","meta":{"_acf_changed":false,"_monsterinsights_skip_tracking":false,"_monsterinsights_sitenote_active":false,"_monsterinsights_sitenote_note":"","_monsterinsights_sitenote_category":0,"_jetpack_memberships_contains_paid_content":false,"footnotes":"","jetpack_publicize_message":"","jetpack_publicize_feature_enabled":true,"jetpack_social_post_already_shared":true,"jetpack_social_options":{"image_generator_settings":{"template":"highway","default_image_id":0,"font":"","enabled":false},"version":2}},"categories":[6,1],"tags":[],"class_list":["post-29271","post","type-post","status-publish","format-standard","has-post-thumbnail","hentry","category-esportes","category-noticias"],"acf":[],"jetpack_publicize_connections":[],"jetpack_featured_media_url":"https:\/\/i0.wp.com\/blogdoeloiltoncajuhy.com.br\/site\/wp-content\/uploads\/2018\/11\/VitApr_nov-2018.jpg?fit=380%2C280&ssl=1","jetpack_sharing_enabled":true,"publishpress_future_workflow_manual_trigger":{"enabledWorkflows":[]},"_links":{"self":[{"href":"https:\/\/blogdoeloiltoncajuhy.com.br\/site\/wp-json\/wp\/v2\/posts\/29271","targetHints":{"allow":["GET"]}}],"collection":[{"href":"https:\/\/blogdoeloiltoncajuhy.com.br\/site\/wp-json\/wp\/v2\/posts"}],"about":[{"href":"https:\/\/blogdoeloiltoncajuhy.com.br\/site\/wp-json\/wp\/v2\/types\/post"}],"author":[{"embeddable":true,"href":"https:\/\/blogdoeloiltoncajuhy.com.br\/site\/wp-json\/wp\/v2\/users\/2"}],"replies":[{"embeddable":true,"href":"https:\/\/blogdoeloiltoncajuhy.com.br\/site\/wp-json\/wp\/v2\/comments?post=29271"}],"version-history":[{"count":2,"href":"https:\/\/blogdoeloiltoncajuhy.com.br\/site\/wp-json\/wp\/v2\/posts\/29271\/revisions"}],"predecessor-version":[{"id":29275,"href":"https:\/\/blogdoeloiltoncajuhy.com.br\/site\/wp-json\/wp\/v2\/posts\/29271\/revisions\/29275"}],"wp:featuredmedia":[{"embeddable":true,"href":"https:\/\/blogdoeloiltoncajuhy.com.br\/site\/wp-json\/wp\/v2\/media\/29273"}],"wp:attachment":[{"href":"https:\/\/blogdoeloiltoncajuhy.com.br\/site\/wp-json\/wp\/v2\/media?parent=29271"}],"wp:term":[{"taxonomy":"category","embeddable":true,"href":"https:\/\/blogdoeloiltoncajuhy.com.br\/site\/wp-json\/wp\/v2\/categories?post=29271"},{"taxonomy":"post_tag","embeddable":true,"href":"https:\/\/blogdoeloiltoncajuhy.com.br\/site\/wp-json\/wp\/v2\/tags?post=29271"}],"curies":[{"name":"wp","href":"https:\/\/api.w.org\/{rel}","templated":true}]}}