{"id":29266,"date":"2018-11-17T13:45:10","date_gmt":"2018-11-17T16:45:10","guid":{"rendered":"http:\/\/blogdoeloiltoncajuhy.com.br\/site\/?p=29266"},"modified":"2018-11-17T13:45:10","modified_gmt":"2018-11-17T16:45:10","slug":"cantor-lenno-divulga-nota-sobre-sua-prisao-apos-discussao-de-transito-em-petrolina-pe","status":"publish","type":"post","link":"https:\/\/blogdoeloiltoncajuhy.com.br\/site\/cantor-lenno-divulga-nota-sobre-sua-prisao-apos-discussao-de-transito-em-petrolina-pe\/","title":{"rendered":"Cantor Lenno divulga nota sobre sua pris\u00e3o ap\u00f3s discuss\u00e3o de tr\u00e2nsito em Petrolina-PE"},"content":{"rendered":"<figure id=\"attachment_29267\" aria-describedby=\"caption-attachment-29267\" style=\"width: 399px\" class=\"wp-caption aligncenter\"><a href=\"https:\/\/i0.wp.com\/blogdoeloiltoncajuhy.com.br\/site\/wp-content\/uploads\/2018\/11\/lenno-foto_2.png\"><img data-recalc-dims=\"1\" fetchpriority=\"high\" decoding=\"async\" class=\"wp-image-29267\" src=\"https:\/\/i0.wp.com\/blogdoeloiltoncajuhy.com.br\/site\/wp-content\/uploads\/2018\/11\/lenno-foto_2.png?resize=399%2C400\" alt=\"\" width=\"399\" height=\"400\" srcset=\"https:\/\/i0.wp.com\/blogdoeloiltoncajuhy.com.br\/site\/wp-content\/uploads\/2018\/11\/lenno-foto_2.png?w=627&amp;ssl=1 627w, https:\/\/i0.wp.com\/blogdoeloiltoncajuhy.com.br\/site\/wp-content\/uploads\/2018\/11\/lenno-foto_2.png?resize=150%2C150&amp;ssl=1 150w, https:\/\/i0.wp.com\/blogdoeloiltoncajuhy.com.br\/site\/wp-content\/uploads\/2018\/11\/lenno-foto_2.png?resize=300%2C300&amp;ssl=1 300w, https:\/\/i0.wp.com\/blogdoeloiltoncajuhy.com.br\/site\/wp-content\/uploads\/2018\/11\/lenno-foto_2.png?resize=250%2C250&amp;ssl=1 250w, https:\/\/i0.wp.com\/blogdoeloiltoncajuhy.com.br\/site\/wp-content\/uploads\/2018\/11\/lenno-foto_2.png?resize=48%2C48&amp;ssl=1 48w\" sizes=\"(max-width: 399px) 100vw, 399px\" \/><\/a><figcaption id=\"caption-attachment-29267\" class=\"wp-caption-text\">Reprodu\u00e7\u00e3o Instagram<\/figcaption><\/figure>\n<p>O cantor Lenno, que se envolveu numa discuss\u00e3o de tr\u00e2nsito com uma advogada de Juazeiro, fato ocorrido na noite da \u00faltima quinta-feira (15), pr\u00f3ximo a uma boate em Petrolina-PE, usou sua conta no Instagram para divulgar uma nota de esclarecimento sobre o epis\u00f3dio.<\/p>\n<p>Lenno, que chegou a ser preso pela pol\u00edcia, nega que tenha agredido a advogada. Ele revela que &#8220;<em>em nenhum momento agredi a senhora advogada que se reporta como v\u00edtima<\/em>&#8220;.<\/p>\n<p>O cantor tamb\u00e9m divulgou imagem com c\u00f3pia do laudo do exame de corpo de delito realizado na advogada, onde a per\u00edcia afirma que &#8220;<em>no momento do exame, a periciada n\u00e3o apresenta sinais externos compat\u00edveis com les\u00e3o corporal<\/em>&#8220;.\u00a0O lado conclui ainda que &#8220;<em>les\u00f5es corporais se existiram, n\u00e3o deixaram vest\u00edgios<\/em>&#8220;.<\/p>\n<p><strong>Confira na imagem abaixo a \u00edntegra da nota divulgada pelo cantor:<\/strong><\/p>\n<figure id=\"attachment_29269\" aria-describedby=\"caption-attachment-29269\" style=\"width: 503px\" class=\"wp-caption aligncenter\"><a href=\"https:\/\/i0.wp.com\/blogdoeloiltoncajuhy.com.br\/site\/wp-content\/uploads\/2018\/11\/lennoNotaEsclarecimento_2.png\"><img data-recalc-dims=\"1\" decoding=\"async\" class=\"wp-image-29269\" src=\"https:\/\/i0.wp.com\/blogdoeloiltoncajuhy.com.br\/site\/wp-content\/uploads\/2018\/11\/lennoNotaEsclarecimento_2.png?resize=503%2C800\" alt=\"\" width=\"503\" height=\"800\" srcset=\"https:\/\/i0.wp.com\/blogdoeloiltoncajuhy.com.br\/site\/wp-content\/uploads\/2018\/11\/lennoNotaEsclarecimento_2.png?w=754&amp;ssl=1 754w, https:\/\/i0.wp.com\/blogdoeloiltoncajuhy.com.br\/site\/wp-content\/uploads\/2018\/11\/lennoNotaEsclarecimento_2.png?resize=189%2C300&amp;ssl=1 189w, https:\/\/i0.wp.com\/blogdoeloiltoncajuhy.com.br\/site\/wp-content\/uploads\/2018\/11\/lennoNotaEsclarecimento_2.png?resize=643%2C1024&amp;ssl=1 643w, https:\/\/i0.wp.com\/blogdoeloiltoncajuhy.com.br\/site\/wp-content\/uploads\/2018\/11\/lennoNotaEsclarecimento_2.png?resize=157%2C250&amp;ssl=1 157w\" sizes=\"(max-width: 503px) 100vw, 503px\" \/><\/a><figcaption id=\"caption-attachment-29269\" class=\"wp-caption-text\">Reprodu\u00e7\u00e3o Instagram<\/figcaption><\/figure>\n<figure id=\"attachment_29268\" aria-describedby=\"caption-attachment-29268\" style=\"width: 503px\" class=\"wp-caption aligncenter\"><a href=\"https:\/\/i0.wp.com\/blogdoeloiltoncajuhy.com.br\/site\/wp-content\/uploads\/2018\/11\/lennoNotaEsclarecimento_1.png\"><img data-recalc-dims=\"1\" decoding=\"async\" class=\"wp-image-29268\" src=\"https:\/\/i0.wp.com\/blogdoeloiltoncajuhy.com.br\/site\/wp-content\/uploads\/2018\/11\/lennoNotaEsclarecimento_1.png?resize=503%2C800\" alt=\"\" width=\"503\" height=\"800\" srcset=\"https:\/\/i0.wp.com\/blogdoeloiltoncajuhy.com.br\/site\/wp-content\/uploads\/2018\/11\/lennoNotaEsclarecimento_1.png?w=629&amp;ssl=1 629w, https:\/\/i0.wp.com\/blogdoeloiltoncajuhy.com.br\/site\/wp-content\/uploads\/2018\/11\/lennoNotaEsclarecimento_1.png?resize=189%2C300&amp;ssl=1 189w, https:\/\/i0.wp.com\/blogdoeloiltoncajuhy.com.br\/site\/wp-content\/uploads\/2018\/11\/lennoNotaEsclarecimento_1.png?resize=157%2C250&amp;ssl=1 157w\" sizes=\"(max-width: 503px) 100vw, 503px\" \/><\/a><figcaption id=\"caption-attachment-29268\" class=\"wp-caption-text\">Reprodu\u00e7\u00e3o Instagram<\/figcaption><\/figure>\n<p><em><strong> *BLOG DO ELOILTON CAJUHY<\/strong><\/em><\/p>\n","protected":false},"excerpt":{"rendered":"<p>O cantor Lenno, que se envolveu numa discuss\u00e3o de tr\u00e2nsito com uma advogada de Juazeiro, fato ocorrido na noite da \u00faltima quinta-feira (15), pr\u00f3ximo a uma boate em Petrolina-PE, usou sua conta no Instagram para divulgar uma nota de esclarecimento sobre o epis\u00f3dio. Lenno, que chegou a ser preso pela pol\u00edcia, nega que tenha agredido [&hellip;]<\/p>\n","protected":false},"author":2,"featured_media":29269,"comment_status":"open","ping_status":"open","sticky":false,"template":"","format":"standard","meta":{"_acf_changed":false,"_monsterinsights_skip_tracking":false,"_monsterinsights_sitenote_active":false,"_monsterinsights_sitenote_note":"","_monsterinsights_sitenote_category":0,"_jetpack_memberships_contains_paid_content":false,"footnotes":"","jetpack_publicize_message":"","jetpack_publicize_feature_enabled":true,"jetpack_social_post_already_shared":true,"jetpack_social_options":{"image_generator_settings":{"template":"highway","default_image_id":0,"font":"","enabled":false},"version":2}},"categories":[5,8,1],"tags":[],"class_list":["post-29266","post","type-post","status-publish","format-standard","has-post-thumbnail","hentry","category-cotidiano","category-cultura","category-noticias"],"acf":[],"jetpack_publicize_connections":[],"jetpack_featured_media_url":"https:\/\/i0.wp.com\/blogdoeloiltoncajuhy.com.br\/site\/wp-content\/uploads\/2018\/11\/lennoNotaEsclarecimento_2.png?fit=754%2C1200&ssl=1","jetpack_sharing_enabled":true,"publishpress_future_workflow_manual_trigger":{"enabledWorkflows":[]},"_links":{"self":[{"href":"https:\/\/blogdoeloiltoncajuhy.com.br\/site\/wp-json\/wp\/v2\/posts\/29266","targetHints":{"allow":["GET"]}}],"collection":[{"href":"https:\/\/blogdoeloiltoncajuhy.com.br\/site\/wp-json\/wp\/v2\/posts"}],"about":[{"href":"https:\/\/blogdoeloiltoncajuhy.com.br\/site\/wp-json\/wp\/v2\/types\/post"}],"author":[{"embeddable":true,"href":"https:\/\/blogdoeloiltoncajuhy.com.br\/site\/wp-json\/wp\/v2\/users\/2"}],"replies":[{"embeddable":true,"href":"https:\/\/blogdoeloiltoncajuhy.com.br\/site\/wp-json\/wp\/v2\/comments?post=29266"}],"version-history":[{"count":1,"href":"https:\/\/blogdoeloiltoncajuhy.com.br\/site\/wp-json\/wp\/v2\/posts\/29266\/revisions"}],"predecessor-version":[{"id":29270,"href":"https:\/\/blogdoeloiltoncajuhy.com.br\/site\/wp-json\/wp\/v2\/posts\/29266\/revisions\/29270"}],"wp:featuredmedia":[{"embeddable":true,"href":"https:\/\/blogdoeloiltoncajuhy.com.br\/site\/wp-json\/wp\/v2\/media\/29269"}],"wp:attachment":[{"href":"https:\/\/blogdoeloiltoncajuhy.com.br\/site\/wp-json\/wp\/v2\/media?parent=29266"}],"wp:term":[{"taxonomy":"category","embeddable":true,"href":"https:\/\/blogdoeloiltoncajuhy.com.br\/site\/wp-json\/wp\/v2\/categories?post=29266"},{"taxonomy":"post_tag","embeddable":true,"href":"https:\/\/blogdoeloiltoncajuhy.com.br\/site\/wp-json\/wp\/v2\/tags?post=29266"}],"curies":[{"name":"wp","href":"https:\/\/api.w.org\/{rel}","templated":true}]}}