{"id":29262,"date":"2018-11-17T10:39:56","date_gmt":"2018-11-17T13:39:56","guid":{"rendered":"http:\/\/blogdoeloiltoncajuhy.com.br\/site\/?p=29262"},"modified":"2018-11-17T10:39:56","modified_gmt":"2018-11-17T13:39:56","slug":"paula-fernandes-e-mae-se-emocionam-ao-lembrar-o-dia-em-que-a-cantora-decidiu-se-suicidar","status":"publish","type":"post","link":"https:\/\/blogdoeloiltoncajuhy.com.br\/site\/paula-fernandes-e-mae-se-emocionam-ao-lembrar-o-dia-em-que-a-cantora-decidiu-se-suicidar\/","title":{"rendered":"Paula Fernandes e m\u00e3e se emocionam ao lembrar o dia em que a cantora decidiu se suicidar"},"content":{"rendered":"<h5 style=\"text-align: center;\">No programa desta sexta-feira (16), cantora falou sobre depress\u00e3o: &#8220;<em>Sou a pessoa mais t\u00edmida que conhe\u00e7o. E luto todos os dias contra isso<\/em>&#8220;<\/h5>\n<figure id=\"attachment_29263\" aria-describedby=\"caption-attachment-29263\" style=\"width: 1360px\" class=\"wp-caption aligncenter\"><a href=\"https:\/\/i0.wp.com\/blogdoeloiltoncajuhy.com.br\/site\/wp-content\/uploads\/2018\/11\/paula-fernandes-01.jpg\"><img data-recalc-dims=\"1\" fetchpriority=\"high\" decoding=\"async\" class=\"wp-image-29263 size-full\" src=\"https:\/\/i0.wp.com\/blogdoeloiltoncajuhy.com.br\/site\/wp-content\/uploads\/2018\/11\/paula-fernandes-01.jpg?resize=800%2C451\" alt=\"\" width=\"800\" height=\"451\" srcset=\"https:\/\/i0.wp.com\/blogdoeloiltoncajuhy.com.br\/site\/wp-content\/uploads\/2018\/11\/paula-fernandes-01.jpg?w=1360&amp;ssl=1 1360w, https:\/\/i0.wp.com\/blogdoeloiltoncajuhy.com.br\/site\/wp-content\/uploads\/2018\/11\/paula-fernandes-01.jpg?resize=300%2C169&amp;ssl=1 300w, https:\/\/i0.wp.com\/blogdoeloiltoncajuhy.com.br\/site\/wp-content\/uploads\/2018\/11\/paula-fernandes-01.jpg?resize=768%2C433&amp;ssl=1 768w, https:\/\/i0.wp.com\/blogdoeloiltoncajuhy.com.br\/site\/wp-content\/uploads\/2018\/11\/paula-fernandes-01.jpg?resize=1024%2C578&amp;ssl=1 1024w, https:\/\/i0.wp.com\/blogdoeloiltoncajuhy.com.br\/site\/wp-content\/uploads\/2018\/11\/paula-fernandes-01.jpg?resize=250%2C141&amp;ssl=1 250w\" sizes=\"(max-width: 800px) 100vw, 800px\" \/><\/a><figcaption id=\"caption-attachment-29263\" class=\"wp-caption-text\">Foto: TV Globo<\/figcaption><\/figure>\n<p>Uma das vozes mais famosas do Brasil abre a sua intimidade em livro e m\u00fasica. No Conversa com Bial desta sexta-feira (16), Paula Fernandes lan\u00e7ou o livro <strong>&#8216;P\u00e1ssaro de Fogo&#8217;<\/strong>, sua biografia, e a m\u00fasica <strong>&#8216;Me queimo sem voc\u00ea&#8217;<\/strong>, que teve sua primeira apresenta\u00e7\u00e3o no programa. Na presen\u00e7a de sua m\u00e3e, Dulce Souza, e da escritora Sibelle Pedral, respons\u00e1vel de colocar sua hist\u00f3ria no papel, a cantora recordou momentos da inf\u00e2ncia e da adolesc\u00eancia, revisitou a carreira e se emocionou ao relembrar ter sofrido de depress\u00e3o.<\/p>\n<div class=\"mc-column content-text active-extra-styles \" data-block-type=\"unstyled\" data-block-weight=\"1\" data-block-id=\"3\">\n<p class=\"content-text__container \" data-track-category=\"Link no Texto\" data-track-links=\"\"><strong>INF\u00c2NCIA<\/strong><\/p>\n<\/div>\n<div class=\"mc-column content-text active-extra-styles\" data-block-type=\"raw\" data-block-weight=\"52\" data-block-id=\"4\">\n<blockquote class=\"content-blockquote theme-border-color-primary-before\"><p>&#8220;Eu nunca tive pressa de crescer. Acho que a minha necessidade de trabalhar desde cedo foi t\u00e3o forte, t\u00e3o pesada, que eu com 10 anos, j\u00e1 pensava sobre isso: &#8216;se eu pudesse, parava aqui&#8217;. Mal sabia eu que ainda tinha muito trabalho pela frente e muita coisa para fazer e muita responsabilidade&#8221;.<\/p><\/blockquote>\n<\/div>\n<div data-block-type=\"raw\" data-block-weight=\"52\" data-block-id=\"4\">\n<div class=\"mc-column content-text active-extra-styles \" data-block-type=\"unstyled\" data-block-weight=\"3\" data-block-id=\"7\">\n<p class=\"content-text__container \" data-track-category=\"Link no Texto\" data-track-links=\"\"><strong>CRIA\u00c7\u00c3O NA RO\u00c7A<\/strong><\/p>\n<\/div>\n<blockquote>\n<div class=\"mc-column content-text active-extra-styles\" data-block-type=\"raw\" data-block-weight=\"76\" data-block-id=\"8\">&#8220;Quando morava na ro\u00e7a, eu ficava 30, 40 dias sem ver ningu\u00e9m. Ficava ali com os bichos e, para mim, era \u00f3timo. O meu vizinho mais pr\u00f3ximo era a muitos quil\u00f4metros. Isso, com certeza, influenciou muito nesse meu lado t\u00edmida \u2014 o que \u00e9 at\u00e9 contradit\u00f3rio, porque me tornei artista, que lido com milhares de pessoas, e no meu \u00edntimo sou a pessoa mais t\u00edmida que eu conhe\u00e7o. E eu luto diariamente para lidar com isso&#8221;.<\/div>\n<\/blockquote>\n<\/div>\n<div data-block-type=\"raw\" data-block-weight=\"76\" data-block-id=\"8\"><\/div>\n<div data-block-type=\"raw\" data-block-weight=\"76\" data-block-id=\"8\">\n<p><strong>IN\u00cdCIO NA M\u00daSICA<\/strong><\/p>\n<p>Convidada a participar da conversa, a m\u00e3e da cantora, Dulce Souza, lembra da primeira vez que viu a filha cantar: &#8220;<em>Ela teve que cantar tr\u00eas vezes, porque eu n\u00e3o acreditava que um ser t\u00e3o pequeno, t\u00e3o magro, tinha uma voz t\u00e3o possante<\/em>&#8220;, diz.<\/p>\n<figure id=\"attachment_29264\" aria-describedby=\"caption-attachment-29264\" style=\"width: 984px\" class=\"wp-caption aligncenter\"><a href=\"https:\/\/i0.wp.com\/blogdoeloiltoncajuhy.com.br\/site\/wp-content\/uploads\/2018\/11\/paula-fernandes-02.jpg\"><img data-recalc-dims=\"1\" decoding=\"async\" class=\"wp-image-29264 size-full\" src=\"https:\/\/i0.wp.com\/blogdoeloiltoncajuhy.com.br\/site\/wp-content\/uploads\/2018\/11\/paula-fernandes-02.jpg?resize=800%2C450\" alt=\"\" width=\"800\" height=\"450\" srcset=\"https:\/\/i0.wp.com\/blogdoeloiltoncajuhy.com.br\/site\/wp-content\/uploads\/2018\/11\/paula-fernandes-02.jpg?w=984&amp;ssl=1 984w, https:\/\/i0.wp.com\/blogdoeloiltoncajuhy.com.br\/site\/wp-content\/uploads\/2018\/11\/paula-fernandes-02.jpg?resize=300%2C169&amp;ssl=1 300w, https:\/\/i0.wp.com\/blogdoeloiltoncajuhy.com.br\/site\/wp-content\/uploads\/2018\/11\/paula-fernandes-02.jpg?resize=768%2C432&amp;ssl=1 768w, https:\/\/i0.wp.com\/blogdoeloiltoncajuhy.com.br\/site\/wp-content\/uploads\/2018\/11\/paula-fernandes-02.jpg?resize=250%2C141&amp;ssl=1 250w\" sizes=\"(max-width: 800px) 100vw, 800px\" \/><\/a><figcaption id=\"caption-attachment-29264\" class=\"wp-caption-text\">Paula Fernandes lembra do in\u00edcio da carreira no &#8216;Conversa com Bial&#8217; \u2014 Foto: TV Globo<\/figcaption><\/figure>\n<p><strong>DEPRESS\u00c3O<\/strong><\/p>\n<p>Na adolesc\u00eancia, a cantora desenvolveu um s\u00e9rio quadro de depress\u00e3o e a m\u00e3e lembrou os principais sintomas que come\u00e7ou a perceber em Paula de que havia algo errado. At\u00e9 que tudo culminou em uma tentativa de suic\u00eddio.<\/p>\n<div class=\"mc-column content-text active-extra-styles\" data-block-type=\"raw\" data-block-weight=\"27\" data-block-id=\"18\">\n<blockquote class=\"content-blockquote theme-border-color-primary-before\"><p>&#8220;Eu lembro que escolhi a janela do hotel e, na hora que eu falei com ela, ela disse: &#8216;Voc\u00ea pode pular, mas eu vou primeiro'&#8221;, recorda Paula.\u00a0<span style=\"font-family: Georgia, 'Bitstream Charter', serif; font-style: italic; font-weight: normal;\">&#8220;Ela chegou perto da janela e falou: &#8216;Eu vou pular&#8217;. E eu disse: &#8216;Eu pulo primeiro, porque eu n\u00e3o vou suportar. Se voc\u00ea pular, eu vou pular'&#8221;, conta Dulce.<\/span><\/p><\/blockquote>\n<\/div>\n<div data-block-type=\"raw\" data-block-weight=\"27\" data-block-id=\"18\">\n<div class=\"mc-column content-text active-extra-styles \" data-block-type=\"unstyled\" data-block-weight=\"4\" data-block-id=\"21\">\n<p class=\"content-text__container \" data-track-category=\"Link no Texto\" data-track-links=\"\"><strong>E Dulce ainda completou:<\/strong><\/p>\n<\/div>\n<div class=\"mc-column content-text active-extra-styles\" data-block-type=\"raw\" data-block-weight=\"42\" data-block-id=\"22\">\n<blockquote class=\"content-blockquote theme-border-color-primary-before\"><p>&#8220;Eu acho que ela imaginava que a gente amava a cantora, porque ela cresceu com isso, a gente cuidando da cantora. \u00c9 como se a Paula fosse esquecida, e realmente ela foi esquecida, eu assumo. Porque \u00e9 tudo muito intenso, muito dif\u00edcil&#8221;.<\/p><\/blockquote>\n<\/div>\n<div data-block-type=\"raw\" data-block-weight=\"42\" data-block-id=\"22\"><em><strong>*Conversa com Bial<\/strong><\/em><\/div>\n<\/div>\n<\/div>\n","protected":false},"excerpt":{"rendered":"<p>No programa desta sexta-feira (16), cantora falou sobre depress\u00e3o: &#8220;Sou a pessoa mais t\u00edmida que conhe\u00e7o. E luto todos os dias contra isso&#8220; Uma das vozes mais famosas do Brasil abre a sua intimidade em livro e m\u00fasica. No Conversa com Bial desta sexta-feira (16), Paula Fernandes lan\u00e7ou o livro &#8216;P\u00e1ssaro de Fogo&#8217;, sua biografia, [&hellip;]<\/p>\n","protected":false},"author":2,"featured_media":29264,"comment_status":"open","ping_status":"open","sticky":false,"template":"","format":"standard","meta":{"_acf_changed":false,"_monsterinsights_skip_tracking":false,"_monsterinsights_sitenote_active":false,"_monsterinsights_sitenote_note":"","_monsterinsights_sitenote_category":0,"_jetpack_memberships_contains_paid_content":false,"footnotes":"","jetpack_publicize_message":"","jetpack_publicize_feature_enabled":true,"jetpack_social_post_already_shared":true,"jetpack_social_options":{"image_generator_settings":{"template":"highway","default_image_id":0,"font":"","enabled":false},"version":2}},"categories":[8,1],"tags":[],"class_list":["post-29262","post","type-post","status-publish","format-standard","has-post-thumbnail","hentry","category-cultura","category-noticias"],"acf":[],"jetpack_publicize_connections":[],"jetpack_featured_media_url":"https:\/\/i0.wp.com\/blogdoeloiltoncajuhy.com.br\/site\/wp-content\/uploads\/2018\/11\/paula-fernandes-02.jpg?fit=984%2C554&ssl=1","jetpack_sharing_enabled":true,"publishpress_future_workflow_manual_trigger":{"enabledWorkflows":[]},"_links":{"self":[{"href":"https:\/\/blogdoeloiltoncajuhy.com.br\/site\/wp-json\/wp\/v2\/posts\/29262","targetHints":{"allow":["GET"]}}],"collection":[{"href":"https:\/\/blogdoeloiltoncajuhy.com.br\/site\/wp-json\/wp\/v2\/posts"}],"about":[{"href":"https:\/\/blogdoeloiltoncajuhy.com.br\/site\/wp-json\/wp\/v2\/types\/post"}],"author":[{"embeddable":true,"href":"https:\/\/blogdoeloiltoncajuhy.com.br\/site\/wp-json\/wp\/v2\/users\/2"}],"replies":[{"embeddable":true,"href":"https:\/\/blogdoeloiltoncajuhy.com.br\/site\/wp-json\/wp\/v2\/comments?post=29262"}],"version-history":[{"count":1,"href":"https:\/\/blogdoeloiltoncajuhy.com.br\/site\/wp-json\/wp\/v2\/posts\/29262\/revisions"}],"predecessor-version":[{"id":29265,"href":"https:\/\/blogdoeloiltoncajuhy.com.br\/site\/wp-json\/wp\/v2\/posts\/29262\/revisions\/29265"}],"wp:featuredmedia":[{"embeddable":true,"href":"https:\/\/blogdoeloiltoncajuhy.com.br\/site\/wp-json\/wp\/v2\/media\/29264"}],"wp:attachment":[{"href":"https:\/\/blogdoeloiltoncajuhy.com.br\/site\/wp-json\/wp\/v2\/media?parent=29262"}],"wp:term":[{"taxonomy":"category","embeddable":true,"href":"https:\/\/blogdoeloiltoncajuhy.com.br\/site\/wp-json\/wp\/v2\/categories?post=29262"},{"taxonomy":"post_tag","embeddable":true,"href":"https:\/\/blogdoeloiltoncajuhy.com.br\/site\/wp-json\/wp\/v2\/tags?post=29262"}],"curies":[{"name":"wp","href":"https:\/\/api.w.org\/{rel}","templated":true}]}}