{"id":29258,"date":"2018-11-17T10:19:42","date_gmt":"2018-11-17T13:19:42","guid":{"rendered":"http:\/\/blogdoeloiltoncajuhy.com.br\/site\/?p=29258"},"modified":"2018-11-17T10:19:42","modified_gmt":"2018-11-17T13:19:42","slug":"com-saida-de-cubanos-10-cidades-na-bahia-ficarao-sem-nenhum-medico-na-assistencia-basica-diz-sesab","status":"publish","type":"post","link":"https:\/\/blogdoeloiltoncajuhy.com.br\/site\/com-saida-de-cubanos-10-cidades-na-bahia-ficarao-sem-nenhum-medico-na-assistencia-basica-diz-sesab\/","title":{"rendered":"Com sa\u00edda de cubanos, 10 cidades na Bahia ficar\u00e3o sem nenhum m\u00e9dico na assist\u00eancia b\u00e1sica, diz Sesab"},"content":{"rendered":"<p style=\"text-align: center;\"><em>Governo estima que cerca de 3 milh\u00f5es de pessoas fiquem sem assist\u00eancia. Do total de munic\u00edpios que t\u00eam o Mais M\u00e9dicos na Bahia, em 99, cubanos s\u00e3o mais de 50% do total de profissionais da aten\u00e7\u00e3o b\u00e1sica<\/em><\/p>\n<figure id=\"attachment_29259\" aria-describedby=\"caption-attachment-29259\" style=\"width: 984px\" class=\"wp-caption aligncenter\"><a href=\"https:\/\/i0.wp.com\/blogdoeloiltoncajuhy.com.br\/site\/wp-content\/uploads\/2018\/11\/BA_medicos_cubanos_1.jpg\"><img data-recalc-dims=\"1\" fetchpriority=\"high\" decoding=\"async\" class=\"wp-image-29259 size-full\" src=\"https:\/\/i0.wp.com\/blogdoeloiltoncajuhy.com.br\/site\/wp-content\/uploads\/2018\/11\/BA_medicos_cubanos_1.jpg?resize=800%2C501\" alt=\"\" width=\"800\" height=\"501\" srcset=\"https:\/\/i0.wp.com\/blogdoeloiltoncajuhy.com.br\/site\/wp-content\/uploads\/2018\/11\/BA_medicos_cubanos_1.jpg?w=984&amp;ssl=1 984w, https:\/\/i0.wp.com\/blogdoeloiltoncajuhy.com.br\/site\/wp-content\/uploads\/2018\/11\/BA_medicos_cubanos_1.jpg?resize=300%2C188&amp;ssl=1 300w, https:\/\/i0.wp.com\/blogdoeloiltoncajuhy.com.br\/site\/wp-content\/uploads\/2018\/11\/BA_medicos_cubanos_1.jpg?resize=768%2C481&amp;ssl=1 768w, https:\/\/i0.wp.com\/blogdoeloiltoncajuhy.com.br\/site\/wp-content\/uploads\/2018\/11\/BA_medicos_cubanos_1.jpg?resize=250%2C157&amp;ssl=1 250w\" sizes=\"(max-width: 800px) 100vw, 800px\" \/><\/a><figcaption id=\"caption-attachment-29259\" class=\"wp-caption-text\">M\u00e9dicos cubanos atuam em 317 munic\u00edpios baianos pelo programa Mais M\u00e9dicos (Foto: El\u00f3i Corr\u00eaa\/GOVBA)<\/figcaption><\/figure>\n<p>Dez cidades baianas, todas com menos de 40 mil habitantes, ficar\u00e3o sem nenhum m\u00e9dico para atendimento na assist\u00eancia b\u00e1sica com a sa\u00edda dos profissionais cubanos do programa Mais M\u00e9dicos, anunciada nesta semana pelo governo do pa\u00eds. O executivo estadual estima que a decis\u00e3o vai afetar a vida de cerca de 3 milh\u00f5es de pessoas, que ficar\u00e3o sem assist\u00eancia.<\/p>\n<p>A Bahia, que abriga 10% do total de m\u00e9dicos cubanos hoje no pa\u00eds, \u00e9 o segundo estado que mais vai perder profissionais do Mais M\u00e9dicos \u2014 fica atr\u00e1s apenas de S\u00e3o Paulo, que tem 16% de todos os m\u00e9dicos de Cuba hoje no pa\u00eds.<\/p>\n<p>Atualmente, segundo a Secretaria Estadual de Sa\u00fade (Sesab), a Bahia possui 1.522 m\u00e9dicos do Programa Mais M\u00e9dicos, que est\u00e3o alocados em 363 dos 417 munic\u00edpios. Deste total de profissionais, 846 s\u00e3o cubanos, que est\u00e3o distribu\u00eddos em 317 munic\u00edpios \u2014 h\u00e1 m\u00e9dicos tamb\u00e9m de pa\u00edses como M\u00e9xico, Espanha e Angola.<\/p>\n<p>Os cubanos atendem, diariamente, 20,4 mil pessoas no estado \u2014 326 mil mensalmente e 3 milh\u00f5es anualmente. A estimativa do governo \u00e9 que esses profissionais comecem a deixar o estado j\u00e1 a partir do dia 25 de novembro.<\/p>\n<p><strong>Os munic\u00edpios baianos onde s\u00f3 m\u00e9dicos cubanos trabalham na assist\u00eancia b\u00e1sica e que perder\u00e3o 100% dos profissionais s\u00e3o:<\/strong><\/p>\n<ul>\n<li>Apuarema (3 m\u00e9dicos)<\/li>\n<li>Central (6)<\/li>\n<li>Correntina (8)<\/li>\n<li>Itagib\u00e1 (3)<\/li>\n<li>Lafaiete Coutinho (2)<\/li>\n<li>Lajed\u00e3o (2)<\/li>\n<li>Nova Itarana (3)<\/li>\n<li>Nova Soure (5)<\/li>\n<li>Palmeiras (4)<\/li>\n<li>Pedro Alexandre (6)<\/li>\n<\/ul>\n<p>Do total de munic\u00edpios que contam atualmente com o programa Mais M\u00e9dicos na Bahia, em 99, o n\u00famero de m\u00e9dicos cubanos representa mais de 50% do total de profissionais da aten\u00e7\u00e3o b\u00e1sica.\u00a0Ainda conforme dados do governo local, 17 comunidades ind\u00edgenas tamb\u00e9m ficar\u00e3o sem assist\u00eancia em todo o estado.<\/p>\n<p>A Sesab aponta que a retirada antecipada dos m\u00e9dicos representa &#8220;<em>grave amea\u00e7a para munic\u00edpios baianos<\/em>&#8220;. Diz que, ao longo de cinco anos de exist\u00eancia do programa, mais de 5,6 milh\u00f5es de pessoas foram beneficiadas, cerca de 800 mil consultas realizadas por m\u00eas, com uma cobertura de 72% da aten\u00e7\u00e3o b\u00e1sica.<\/p>\n<p>&#8220;<em>Com a atua\u00e7\u00e3o deles, desde o in\u00edcio, h\u00e1 cinco anos, a gente percebeu uma redu\u00e7\u00e3o do n\u00famero de interna\u00e7\u00f5es nos nossos indicadores. Hoje, com a sa\u00edda deles, vai ocorrer a amplia\u00e7\u00e3o da demanda em pronto atendimentos e de interna\u00e7\u00f5es hospitalares, caso n\u00e3o se tenha a substitui\u00e7\u00e3o desses m\u00e9dicos a curto e m\u00e9dio prazo. A longo prazo, \u00e9 catastr\u00f3fico<\/em>&#8220;, destaca o diretor de aten\u00e7\u00e3o b\u00e1sica da Sesab, Cristiano Soster.<\/p>\n<figure id=\"attachment_29260\" aria-describedby=\"caption-attachment-29260\" style=\"width: 984px\" class=\"wp-caption aligncenter\"><a href=\"https:\/\/i0.wp.com\/blogdoeloiltoncajuhy.com.br\/site\/wp-content\/uploads\/2018\/11\/BA_medicos_cubanos_2.jpg\"><img data-recalc-dims=\"1\" decoding=\"async\" class=\"wp-image-29260 size-full\" src=\"https:\/\/i0.wp.com\/blogdoeloiltoncajuhy.com.br\/site\/wp-content\/uploads\/2018\/11\/BA_medicos_cubanos_2.jpg?resize=800%2C600\" alt=\"\" width=\"800\" height=\"600\" srcset=\"https:\/\/i0.wp.com\/blogdoeloiltoncajuhy.com.br\/site\/wp-content\/uploads\/2018\/11\/BA_medicos_cubanos_2.jpg?w=984&amp;ssl=1 984w, https:\/\/i0.wp.com\/blogdoeloiltoncajuhy.com.br\/site\/wp-content\/uploads\/2018\/11\/BA_medicos_cubanos_2.jpg?resize=300%2C225&amp;ssl=1 300w, https:\/\/i0.wp.com\/blogdoeloiltoncajuhy.com.br\/site\/wp-content\/uploads\/2018\/11\/BA_medicos_cubanos_2.jpg?resize=768%2C576&amp;ssl=1 768w, https:\/\/i0.wp.com\/blogdoeloiltoncajuhy.com.br\/site\/wp-content\/uploads\/2018\/11\/BA_medicos_cubanos_2.jpg?resize=250%2C188&amp;ssl=1 250w\" sizes=\"(max-width: 800px) 100vw, 800px\" \/><\/a><figcaption id=\"caption-attachment-29260\" class=\"wp-caption-text\">Do total de munic\u00edpios que t\u00eam o Mais M\u00e9dicos na Bahia, em 99, cubanos s\u00e3o mais de 50% do total de profissionais da aten\u00e7\u00e3o b\u00e1sica (Foto: Divulga\u00e7\u00e3o\/Governo da Bahia)<\/figcaption><\/figure>\n<p>No ranking de cidades que v\u00e3o perder o maior n\u00famero de cubanos, mas ainda manter\u00e3o m\u00e9dicos na assist\u00eancia b\u00e1sica, Teixeira de Freitas, na regi\u00e3o sul, aparece no topo. A cidade perder\u00e1 18 profissionais cubanos. J\u00e1 Salvador possui atualmente dois cubanos trabalhando.<\/p>\n<p>A secretaria aponta que o programa vinha sendo extremamente relevante, sobretudo, para os moradores dos munic\u00edpios distantes dos grandes centros, pela maior dificuldade de acesso aos servi\u00e7os de sa\u00fade, e afirma que a sa\u00edda dos cubanos pode resultar na superlota\u00e7\u00e3o de Unidades de Pronto Atendimento (UPAs) e aumento de interna\u00e7\u00f5es.<\/p>\n<p>Soster diz que \u00e9 preciso preencher as vagas deixadas pelos cubanos o quanto antes, mas afirma que, historicamente, alocar m\u00e9dicos brasileiros para localidades distantes dos grandes centros urbanos \u00e9 complicado.<\/p>\n<p>&#8220;<em>Na pr\u00e1tica, todos os editais que foram lan\u00e7ados pelo Minist\u00e9rio da Sa\u00fade para o Mais M\u00e9dicos \u2014 j\u00e1 s\u00e3o mais de 15 editais de chamamento e convoca\u00e7\u00e3o de m\u00e9dicos \u2014 n\u00e3o teve ades\u00e3o dos m\u00e9dicos brasileiros. Eles n\u00e3o tiveram interesse em ir para essas comunidades distantes, que t\u00eam uma dificuldade estrutural. Isso \u00e9 o que a gente vem percebendo. A prioridade \u00e9 sempre para os brasileiros, mas como as vagas n\u00e3o s\u00e3o preenchidas, s\u00e3o convocados m\u00e9dicos do exterior<\/em>&#8220;, explica.<\/p>\n<p><em><strong>*Por G1 BA<\/strong><\/em><\/p>\n","protected":false},"excerpt":{"rendered":"<p>Governo estima que cerca de 3 milh\u00f5es de pessoas fiquem sem assist\u00eancia. Do total de munic\u00edpios que t\u00eam o Mais M\u00e9dicos na Bahia, em 99, cubanos s\u00e3o mais de 50% do total de profissionais da aten\u00e7\u00e3o b\u00e1sica Dez cidades baianas, todas com menos de 40 mil habitantes, ficar\u00e3o sem nenhum m\u00e9dico para atendimento na assist\u00eancia [&hellip;]<\/p>\n","protected":false},"author":2,"featured_media":29260,"comment_status":"open","ping_status":"open","sticky":false,"template":"","format":"standard","meta":{"_acf_changed":false,"_monsterinsights_skip_tracking":false,"_monsterinsights_sitenote_active":false,"_monsterinsights_sitenote_note":"","_monsterinsights_sitenote_category":0,"_jetpack_memberships_contains_paid_content":false,"footnotes":"","jetpack_publicize_message":"","jetpack_publicize_feature_enabled":true,"jetpack_social_post_already_shared":true,"jetpack_social_options":{"image_generator_settings":{"template":"highway","default_image_id":0,"font":"","enabled":false},"version":2}},"categories":[1,7],"tags":[],"class_list":["post-29258","post","type-post","status-publish","format-standard","has-post-thumbnail","hentry","category-noticias","category-saude"],"acf":[],"jetpack_publicize_connections":[],"jetpack_featured_media_url":"https:\/\/i0.wp.com\/blogdoeloiltoncajuhy.com.br\/site\/wp-content\/uploads\/2018\/11\/BA_medicos_cubanos_2.jpg?fit=984%2C738&ssl=1","jetpack_sharing_enabled":true,"publishpress_future_workflow_manual_trigger":{"enabledWorkflows":[]},"_links":{"self":[{"href":"https:\/\/blogdoeloiltoncajuhy.com.br\/site\/wp-json\/wp\/v2\/posts\/29258","targetHints":{"allow":["GET"]}}],"collection":[{"href":"https:\/\/blogdoeloiltoncajuhy.com.br\/site\/wp-json\/wp\/v2\/posts"}],"about":[{"href":"https:\/\/blogdoeloiltoncajuhy.com.br\/site\/wp-json\/wp\/v2\/types\/post"}],"author":[{"embeddable":true,"href":"https:\/\/blogdoeloiltoncajuhy.com.br\/site\/wp-json\/wp\/v2\/users\/2"}],"replies":[{"embeddable":true,"href":"https:\/\/blogdoeloiltoncajuhy.com.br\/site\/wp-json\/wp\/v2\/comments?post=29258"}],"version-history":[{"count":1,"href":"https:\/\/blogdoeloiltoncajuhy.com.br\/site\/wp-json\/wp\/v2\/posts\/29258\/revisions"}],"predecessor-version":[{"id":29261,"href":"https:\/\/blogdoeloiltoncajuhy.com.br\/site\/wp-json\/wp\/v2\/posts\/29258\/revisions\/29261"}],"wp:featuredmedia":[{"embeddable":true,"href":"https:\/\/blogdoeloiltoncajuhy.com.br\/site\/wp-json\/wp\/v2\/media\/29260"}],"wp:attachment":[{"href":"https:\/\/blogdoeloiltoncajuhy.com.br\/site\/wp-json\/wp\/v2\/media?parent=29258"}],"wp:term":[{"taxonomy":"category","embeddable":true,"href":"https:\/\/blogdoeloiltoncajuhy.com.br\/site\/wp-json\/wp\/v2\/categories?post=29258"},{"taxonomy":"post_tag","embeddable":true,"href":"https:\/\/blogdoeloiltoncajuhy.com.br\/site\/wp-json\/wp\/v2\/tags?post=29258"}],"curies":[{"name":"wp","href":"https:\/\/api.w.org\/{rel}","templated":true}]}}