{"id":29247,"date":"2018-11-16T07:00:40","date_gmt":"2018-11-16T10:00:40","guid":{"rendered":"http:\/\/blogdoeloiltoncajuhy.com.br\/site\/?p=29247"},"modified":"2018-11-16T07:00:40","modified_gmt":"2018-11-16T10:00:40","slug":"comissao-da-camara-aprova-licenca-especial-de-15-dias-para-gestantes-em-situacao-de-risco","status":"publish","type":"post","link":"https:\/\/blogdoeloiltoncajuhy.com.br\/site\/comissao-da-camara-aprova-licenca-especial-de-15-dias-para-gestantes-em-situacao-de-risco\/","title":{"rendered":"Comiss\u00e3o da C\u00e2mara aprova licen\u00e7a especial de 15 dias para gestantes em situa\u00e7\u00e3o de risco"},"content":{"rendered":"<h5 style=\"text-align: center;\"><em>A proposta altera os benef\u00edcios da Previd\u00eancia Social sobre gr\u00e1vidas j\u00e1 previstos na legisla\u00e7\u00e3o trabalhista, para deixar claro que elas t\u00eam direito \u00e0 licen\u00e7a, da mesma forma que uma pessoa doente que n\u00e3o possa trabalhar<\/em><\/h5>\n<p><a href=\"https:\/\/i0.wp.com\/blogdoeloiltoncajuhy.com.br\/site\/wp-content\/uploads\/2017\/09\/gravida01.png\"><img data-recalc-dims=\"1\" fetchpriority=\"high\" decoding=\"async\" class=\"aligncenter wp-image-19948\" src=\"https:\/\/i0.wp.com\/blogdoeloiltoncajuhy.com.br\/site\/wp-content\/uploads\/2017\/09\/gravida01.png?resize=450%2C306\" alt=\"\" width=\"450\" height=\"306\" srcset=\"https:\/\/i0.wp.com\/blogdoeloiltoncajuhy.com.br\/site\/wp-content\/uploads\/2017\/09\/gravida01.png?w=550&amp;ssl=1 550w, https:\/\/i0.wp.com\/blogdoeloiltoncajuhy.com.br\/site\/wp-content\/uploads\/2017\/09\/gravida01.png?resize=300%2C204&amp;ssl=1 300w, https:\/\/i0.wp.com\/blogdoeloiltoncajuhy.com.br\/site\/wp-content\/uploads\/2017\/09\/gravida01.png?resize=250%2C170&amp;ssl=1 250w\" sizes=\"(max-width: 450px) 100vw, 450px\" \/><\/a>A Comiss\u00e3o de Seguridade Social e Fam\u00edlia da C\u00e2mara dos Deputados aprovou projeto de lei (<em>PL 4884\/12<\/em>) que permite \u00e0s gestantes terem uma licen\u00e7a especial de 15 dias, nos casos em que a mulher ou a crian\u00e7a em gesta\u00e7\u00e3o estejam em situa\u00e7\u00e3o de risco, desde que isso fique comprovado por um atestado m\u00e9dico.<\/p>\n<p>A proposta altera os benef\u00edcios da Previd\u00eancia Social sobre gr\u00e1vidas j\u00e1 previstos na legisla\u00e7\u00e3o trabalhista, para deixar claro que elas t\u00eam direito \u00e0 licen\u00e7a, da mesma forma que uma pessoa doente que n\u00e3o possa trabalhar, como explica a relatora do projeto, deputada Laura Carneiro (DEM-RJ).<\/p>\n<p>&#8220;<em>\u00c9 importante que mulheres que corram risco de vida ou seus filhos corram risco de vida, tenham o direito, o que seria absolutamente normal, o que \u00e9 absolutamente normal, de cuidar da sua sa\u00fade ou dos seus filhos rec\u00e9m-nascidos<\/em>&#8220;.<\/p>\n<p>O texto original tamb\u00e9m definia que, se por acaso a licen\u00e7a durasse mais de 15 dias, a gestante receberia aux\u00edlio-doen\u00e7a no valor de 100% do sal\u00e1rio. Mas esse trecho foi retirado da proposta, porque a relatora defendeu que n\u00e3o \u00e9 preciso avaliar essa situa\u00e7\u00e3o, j\u00e1 que a trabalhadora gr\u00e1vida tem direito a receber o aux\u00edlio como qualquer empregado.\u00a0&#8220;<em>Ela pode passar a receber pelo INSS, como qualquer trabalhador<\/em>&#8220;.<\/p>\n<p>A proposta que concede licen\u00e7a de 15 dias a gestantes em caso de risco para a sa\u00fade da mulher ou da crian\u00e7a em gesta\u00e7\u00e3o segue agora para an\u00e1lise da Comiss\u00e3o de Finan\u00e7as e Tributa\u00e7\u00e3o.<\/p>\n<p><em><strong>*Reportagem &#8211; Kellen Barreto \/ R\u00e1dio C\u00e2mara<\/strong><\/em><\/p>\n","protected":false},"excerpt":{"rendered":"<p>A proposta altera os benef\u00edcios da Previd\u00eancia Social sobre gr\u00e1vidas j\u00e1 previstos na legisla\u00e7\u00e3o trabalhista, para deixar claro que elas t\u00eam direito \u00e0 licen\u00e7a, da mesma forma que uma pessoa doente que n\u00e3o possa trabalhar A Comiss\u00e3o de Seguridade Social e Fam\u00edlia da C\u00e2mara dos Deputados aprovou projeto de lei (PL 4884\/12) que permite \u00e0s [&hellip;]<\/p>\n","protected":false},"author":2,"featured_media":0,"comment_status":"open","ping_status":"open","sticky":false,"template":"","format":"standard","meta":{"_acf_changed":false,"_monsterinsights_skip_tracking":false,"_monsterinsights_sitenote_active":false,"_monsterinsights_sitenote_note":"","_monsterinsights_sitenote_category":0,"_jetpack_memberships_contains_paid_content":false,"footnotes":"","jetpack_publicize_message":"","jetpack_publicize_feature_enabled":true,"jetpack_social_post_already_shared":true,"jetpack_social_options":{"image_generator_settings":{"template":"highway","default_image_id":0,"font":"","enabled":false},"version":2}},"categories":[1,3,7],"tags":[],"class_list":["post-29247","post","type-post","status-publish","format-standard","hentry","category-noticias","category-politica","category-saude"],"acf":[],"jetpack_publicize_connections":[],"jetpack_featured_media_url":"","jetpack_sharing_enabled":true,"publishpress_future_workflow_manual_trigger":{"enabledWorkflows":[]},"_links":{"self":[{"href":"https:\/\/blogdoeloiltoncajuhy.com.br\/site\/wp-json\/wp\/v2\/posts\/29247","targetHints":{"allow":["GET"]}}],"collection":[{"href":"https:\/\/blogdoeloiltoncajuhy.com.br\/site\/wp-json\/wp\/v2\/posts"}],"about":[{"href":"https:\/\/blogdoeloiltoncajuhy.com.br\/site\/wp-json\/wp\/v2\/types\/post"}],"author":[{"embeddable":true,"href":"https:\/\/blogdoeloiltoncajuhy.com.br\/site\/wp-json\/wp\/v2\/users\/2"}],"replies":[{"embeddable":true,"href":"https:\/\/blogdoeloiltoncajuhy.com.br\/site\/wp-json\/wp\/v2\/comments?post=29247"}],"version-history":[{"count":1,"href":"https:\/\/blogdoeloiltoncajuhy.com.br\/site\/wp-json\/wp\/v2\/posts\/29247\/revisions"}],"predecessor-version":[{"id":29248,"href":"https:\/\/blogdoeloiltoncajuhy.com.br\/site\/wp-json\/wp\/v2\/posts\/29247\/revisions\/29248"}],"wp:attachment":[{"href":"https:\/\/blogdoeloiltoncajuhy.com.br\/site\/wp-json\/wp\/v2\/media?parent=29247"}],"wp:term":[{"taxonomy":"category","embeddable":true,"href":"https:\/\/blogdoeloiltoncajuhy.com.br\/site\/wp-json\/wp\/v2\/categories?post=29247"},{"taxonomy":"post_tag","embeddable":true,"href":"https:\/\/blogdoeloiltoncajuhy.com.br\/site\/wp-json\/wp\/v2\/tags?post=29247"}],"curies":[{"name":"wp","href":"https:\/\/api.w.org\/{rel}","templated":true}]}}