{"id":29245,"date":"2018-11-16T06:48:42","date_gmt":"2018-11-16T09:48:42","guid":{"rendered":"http:\/\/blogdoeloiltoncajuhy.com.br\/site\/?p=29245"},"modified":"2018-11-16T06:48:42","modified_gmt":"2018-11-16T09:48:42","slug":"projeto-obriga-prefeitos-a-prestarem-contas-a-justica-sobre-situacao-da-cidade-seis-meses-antes-das-eleicoes","status":"publish","type":"post","link":"https:\/\/blogdoeloiltoncajuhy.com.br\/site\/projeto-obriga-prefeitos-a-prestarem-contas-a-justica-sobre-situacao-da-cidade-seis-meses-antes-das-eleicoes\/","title":{"rendered":"Projeto obriga prefeitos a prestarem contas \u00e0 Justi\u00e7a sobre situa\u00e7\u00e3o da cidade seis meses antes das elei\u00e7\u00f5es"},"content":{"rendered":"<figure id=\"attachment_28468\" aria-describedby=\"caption-attachment-28468\" style=\"width: 754px\" class=\"wp-caption aligncenter\"><a href=\"https:\/\/i0.wp.com\/blogdoeloiltoncajuhy.com.br\/site\/wp-content\/uploads\/2018\/10\/camara-plenario-jose_cruz-agencia_brasil.jpg\"><img data-recalc-dims=\"1\" fetchpriority=\"high\" decoding=\"async\" class=\"size-full wp-image-28468\" src=\"https:\/\/i0.wp.com\/blogdoeloiltoncajuhy.com.br\/site\/wp-content\/uploads\/2018\/10\/camara-plenario-jose_cruz-agencia_brasil.jpg?resize=754%2C503\" alt=\"\" width=\"754\" height=\"503\" srcset=\"https:\/\/i0.wp.com\/blogdoeloiltoncajuhy.com.br\/site\/wp-content\/uploads\/2018\/10\/camara-plenario-jose_cruz-agencia_brasil.jpg?w=754&amp;ssl=1 754w, https:\/\/i0.wp.com\/blogdoeloiltoncajuhy.com.br\/site\/wp-content\/uploads\/2018\/10\/camara-plenario-jose_cruz-agencia_brasil.jpg?resize=300%2C200&amp;ssl=1 300w, https:\/\/i0.wp.com\/blogdoeloiltoncajuhy.com.br\/site\/wp-content\/uploads\/2018\/10\/camara-plenario-jose_cruz-agencia_brasil.jpg?resize=250%2C167&amp;ssl=1 250w\" sizes=\"(max-width: 754px) 100vw, 754px\" \/><\/a><figcaption id=\"caption-attachment-28468\" class=\"wp-caption-text\">Plen\u00e1rio da C\u00e2mara dos Deputados (Foto: Jos\u00e9 Cruz\/Ag\u00eancia Brasil)<\/figcaption><\/figure>\n<p>Passadas as elei\u00e7\u00f5es gerais, a C\u00e2mara dos Deputados analisa agora um projeto (<em>PL 8465\/17<\/em>) que obriga prefeitos a apresentarem \u00e0 Justi\u00e7a Eleitoral um relat\u00f3rio detalhado sobre a situa\u00e7\u00e3o econ\u00f4mica e financeira de sua cidade, seis meses antes das elei\u00e7\u00f5es municipais.<\/p>\n<p>De acordo com o texto, o relat\u00f3rio dever\u00e1 ter informa\u00e7\u00f5es sobre as receitas e despesas do munic\u00edpio, conv\u00eanios e parcerias atuais, e dados relativos aos recursos para sa\u00fade e educa\u00e7\u00e3o.<\/p>\n<p>Segundo o autor do projeto, o deputado Eduardo Cury, do PSDB de S\u00e3o Paulo, o objetivo \u00e9 contribuir para a transpar\u00eancia pr\u00e9-eleitoral e oferecer um debate mais claro para a popula\u00e7\u00e3o.<\/p>\n<p>&#8220;<em>Se uma prefeitura est\u00e1 quebrada, em situa\u00e7\u00e3o financeira de pen\u00faria, os candidatos, sabendo dos n\u00fameros, eles v\u00e3o para o debate propondo como se fazer essa recupera\u00e7\u00e3o. Se voc\u00ea tem por outro lado uma prefeitura financeiramente bem equilibrada, os candidatos podem ir para a elei\u00e7\u00e3o discutindo como v\u00e3o fazer novos investimentos, como v\u00e3o ampliar os programas sociais, e assim por diante. O que n\u00e3o pode \u00e9 a situa\u00e7\u00e3o de hoje, em que o prefeito esconde esses n\u00fameros e na campanha eleitoral, se promete coisas que s\u00e3o imposs\u00edveis de serem conseguidas no dia seguinte, porque o ganhador assim que senta na cadeira descobre que a situa\u00e7\u00e3o da prefeitura \u00e9 absolutamente insolvente<\/em>&#8220;.<\/p>\n<p>Para garantir isso, a proposta estabelece que os candidatos devem declarar conhecimento do relat\u00f3rio assim que registrarem suas candidaturas.\u00a0Cury garante que o projeto n\u00e3o traz nenhuma burocratiza\u00e7\u00e3o e que o trabalho de elabora\u00e7\u00e3o do relat\u00f3rio ser\u00e1 simples.<\/p>\n<p>&#8220;<em>S\u00e3o grandes n\u00fameros, n\u00fameros muito importantes, mas em quantidade pequena. Somente os grandes n\u00fameros para n\u00e3o criar uma dificuldade muito grande para quem est\u00e1 no poder ter que parar toda a administra\u00e7\u00e3o para fazer esse levantamento, de forma que com esses dados seja f\u00e1cil o debate eleitoral<\/em>&#8220;.<\/p>\n<p>A proposta altera a Lei de Acesso \u00e0 Informa\u00e7\u00e3o (Lei 12.527\/11) e tamb\u00e9m prev\u00ea penaliza\u00e7\u00e3o para os prefeitos que n\u00e3o divulgarem o relat\u00f3rio ou apresentarem dados que n\u00e3o sejam verdadeiros.<\/p>\n<p>O projeto que exige presta\u00e7\u00e3o de contas antes da elei\u00e7\u00e3o municipal j\u00e1 foi aprovado pela Comiss\u00e3o de Trabalho e segue para an\u00e1lise da Comiss\u00e3o de Constitui\u00e7\u00e3o e Justi\u00e7a.<\/p>\n<p><em><strong>*Reportagem &#8211; Larissa Galli \/ R\u00e1dio C\u00e2mara<\/strong><\/em><\/p>\n","protected":false},"excerpt":{"rendered":"<p>Passadas as elei\u00e7\u00f5es gerais, a C\u00e2mara dos Deputados analisa agora um projeto (PL 8465\/17) que obriga prefeitos a apresentarem \u00e0 Justi\u00e7a Eleitoral um relat\u00f3rio detalhado sobre a situa\u00e7\u00e3o econ\u00f4mica e financeira de sua cidade, seis meses antes das elei\u00e7\u00f5es municipais. De acordo com o texto, o relat\u00f3rio dever\u00e1 ter informa\u00e7\u00f5es sobre as receitas e despesas [&hellip;]<\/p>\n","protected":false},"author":2,"featured_media":0,"comment_status":"open","ping_status":"open","sticky":false,"template":"","format":"standard","meta":{"_acf_changed":false,"_monsterinsights_skip_tracking":false,"_monsterinsights_sitenote_active":false,"_monsterinsights_sitenote_note":"","_monsterinsights_sitenote_category":0,"_jetpack_memberships_contains_paid_content":false,"footnotes":"","jetpack_publicize_message":"","jetpack_publicize_feature_enabled":true,"jetpack_social_post_already_shared":true,"jetpack_social_options":{"image_generator_settings":{"template":"highway","default_image_id":0,"font":"","enabled":false},"version":2}},"categories":[1,3],"tags":[],"class_list":["post-29245","post","type-post","status-publish","format-standard","hentry","category-noticias","category-politica"],"acf":[],"jetpack_publicize_connections":[],"jetpack_featured_media_url":"","jetpack_sharing_enabled":true,"publishpress_future_workflow_manual_trigger":{"enabledWorkflows":[]},"_links":{"self":[{"href":"https:\/\/blogdoeloiltoncajuhy.com.br\/site\/wp-json\/wp\/v2\/posts\/29245","targetHints":{"allow":["GET"]}}],"collection":[{"href":"https:\/\/blogdoeloiltoncajuhy.com.br\/site\/wp-json\/wp\/v2\/posts"}],"about":[{"href":"https:\/\/blogdoeloiltoncajuhy.com.br\/site\/wp-json\/wp\/v2\/types\/post"}],"author":[{"embeddable":true,"href":"https:\/\/blogdoeloiltoncajuhy.com.br\/site\/wp-json\/wp\/v2\/users\/2"}],"replies":[{"embeddable":true,"href":"https:\/\/blogdoeloiltoncajuhy.com.br\/site\/wp-json\/wp\/v2\/comments?post=29245"}],"version-history":[{"count":1,"href":"https:\/\/blogdoeloiltoncajuhy.com.br\/site\/wp-json\/wp\/v2\/posts\/29245\/revisions"}],"predecessor-version":[{"id":29246,"href":"https:\/\/blogdoeloiltoncajuhy.com.br\/site\/wp-json\/wp\/v2\/posts\/29245\/revisions\/29246"}],"wp:attachment":[{"href":"https:\/\/blogdoeloiltoncajuhy.com.br\/site\/wp-json\/wp\/v2\/media?parent=29245"}],"wp:term":[{"taxonomy":"category","embeddable":true,"href":"https:\/\/blogdoeloiltoncajuhy.com.br\/site\/wp-json\/wp\/v2\/categories?post=29245"},{"taxonomy":"post_tag","embeddable":true,"href":"https:\/\/blogdoeloiltoncajuhy.com.br\/site\/wp-json\/wp\/v2\/tags?post=29245"}],"curies":[{"name":"wp","href":"https:\/\/api.w.org\/{rel}","templated":true}]}}