{"id":29239,"date":"2018-11-15T11:24:26","date_gmt":"2018-11-15T14:24:26","guid":{"rendered":"http:\/\/blogdoeloiltoncajuhy.com.br\/site\/?p=29239"},"modified":"2018-11-15T11:24:26","modified_gmt":"2018-11-15T14:24:26","slug":"renovacao-de-matriculas-da-rede-estadual-serao-realizadas-de-26-de-novembro-a-17-de-dezembro-confira-calendario","status":"publish","type":"post","link":"https:\/\/blogdoeloiltoncajuhy.com.br\/site\/renovacao-de-matriculas-da-rede-estadual-serao-realizadas-de-26-de-novembro-a-17-de-dezembro-confira-calendario\/","title":{"rendered":"Renova\u00e7\u00e3o de matr\u00edculas da rede estadual ser\u00e3o realizadas de 26 de novembro a 17 de dezembro; confira calend\u00e1rio"},"content":{"rendered":"<h5 style=\"text-align: center;\"><em>SEC divulgou nesta quarta-feira (14) que renova\u00e7\u00e3o da matr\u00edcula poder\u00e1 ser feita presencialmente ou pela internet, atrav\u00e9s do Portal da Educa\u00e7\u00e3o<\/em><\/h5>\n<figure id=\"attachment_29240\" aria-describedby=\"caption-attachment-29240\" style=\"width: 984px\" class=\"wp-caption aligncenter\"><a href=\"https:\/\/i0.wp.com\/blogdoeloiltoncajuhy.com.br\/site\/wp-content\/uploads\/2018\/11\/renovacao_matricula-2019_01.jpg\"><img data-recalc-dims=\"1\" fetchpriority=\"high\" decoding=\"async\" class=\"wp-image-29240 size-full\" src=\"https:\/\/i0.wp.com\/blogdoeloiltoncajuhy.com.br\/site\/wp-content\/uploads\/2018\/11\/renovacao_matricula-2019_01.jpg?resize=800%2C501\" alt=\"\" width=\"800\" height=\"501\" srcset=\"https:\/\/i0.wp.com\/blogdoeloiltoncajuhy.com.br\/site\/wp-content\/uploads\/2018\/11\/renovacao_matricula-2019_01.jpg?w=984&amp;ssl=1 984w, https:\/\/i0.wp.com\/blogdoeloiltoncajuhy.com.br\/site\/wp-content\/uploads\/2018\/11\/renovacao_matricula-2019_01.jpg?resize=300%2C188&amp;ssl=1 300w, https:\/\/i0.wp.com\/blogdoeloiltoncajuhy.com.br\/site\/wp-content\/uploads\/2018\/11\/renovacao_matricula-2019_01.jpg?resize=768%2C481&amp;ssl=1 768w, https:\/\/i0.wp.com\/blogdoeloiltoncajuhy.com.br\/site\/wp-content\/uploads\/2018\/11\/renovacao_matricula-2019_01.jpg?resize=250%2C157&amp;ssl=1 250w\" sizes=\"(max-width: 800px) 100vw, 800px\" \/><\/a><figcaption id=\"caption-attachment-29240\" class=\"wp-caption-text\">Renova\u00e7\u00e3o de matr\u00edcula na rede estadual de ensino da Bahia ser\u00e1 de 26 de novembro a 17 de dezembro de 2018 \u2014 Foto: Claudionor Junior<\/figcaption><\/figure>\n<p>A renova\u00e7\u00e3o da matr\u00edcula dos estudantes da rede estadual de ensino que frequentaram regularmente o ano letivo 2018 na Bahia ser\u00e1 realizada de 26 de novembro a 17 de dezembro de 2018. A informa\u00e7\u00e3o \u00e9 da Secretaria da Educa\u00e7\u00e3o do Estado (SEC), que divulgou nesta quarta-feira (14) a portaria que regulamenta todos os procedimentos de matr\u00edcula.<\/p>\n<p>Conforme a SEC, a renova\u00e7\u00e3o poder\u00e1 ser feita presencialmente, nas escolas, ou atrav\u00e9s do <span style=\"color: #0000ff;\"><em><strong><a style=\"color: #0000ff;\" href=\"http:\/\/www.educacao.ba.gov.br\/\">sistema online, pelo Portal da Educa\u00e7\u00e3o<\/a><\/strong><\/em><\/span>. Para a renova\u00e7\u00e3o da matr\u00edcula, a unidade escolar entregar\u00e1 aos estudantes uma carta que dever\u00e1 ser devolvida \u00e0 secretaria escolar, mediante protocolo. Caso a carta n\u00e3o seja entregue, o aluno poder\u00e1 perder a vaga na unidade escolar onde estudou em 2018.<\/p>\n<p>A novidade deste ano, conforme informou a secretaria, \u00e9 que a apresenta\u00e7\u00e3o do cart\u00e3o de vacina dos estudantes at\u00e9 18 anos de idade se tornar\u00e1 obrigat\u00f3rio no ato da matr\u00edcula.<\/p>\n<p>O calend\u00e1rio escolar do ano letivo de 2019 da rede estadual est\u00e1 previsto para come\u00e7ar no dia 11 de fevereiro e terminar no dia 16 de dezembro.<\/p>\n<p>Conforme portaria publicada no Di\u00e1rio Oficial, os N\u00facleos Territoriais de Educa\u00e7\u00e3o (NTE) poder\u00e3o apresentar \u00e0 Secretaria da Educa\u00e7\u00e3o do Estado um calend\u00e1rio escolar diferenciado e que considere as peculiaridades locais, inclusive clim\u00e1ticas, culturais e econ\u00f4micas das regi\u00f5es.<\/p>\n<p>O mesmo pode acontecer com as escolas ind\u00edgenas, quilombolas e do campo, considerando as atividades produtivas e socioculturais das suas comunidades. Em ambos os casos, o ano letivo ter\u00e1 carga hor\u00e1ria m\u00ednima de 800 horas, distribu\u00eddas em 200 dias de efetivo trabalho escolar, exclu\u00eddo o tempo reservado \u00e0 avalia\u00e7\u00e3o final.<\/p>\n<h4>Outras matr\u00edculas<\/h4>\n<p>Al\u00e9m da renova\u00e7\u00e3o de matr\u00edcula dos estudantes que j\u00e1 s\u00e3o da rede estadual, a SEC tamb\u00e9m divulgou as datas para admiss\u00e3o de outros estudantes.<\/p>\n<p>A pr\u00e9-matr\u00edcula do estudante com necessidade educacional especial, ou seja, aos alunos com defici\u00eancia ser\u00e1 realizada apenas via internet, nos dias 29 e 30 de novembro. Para a inscri\u00e7\u00e3o na pr\u00e9-matr\u00edcula desses estudantes, todos os campos de cadastro devem ser preenchidos e a pr\u00e9-matr\u00edcula s\u00f3 ser\u00e1 efetivada ap\u00f3s a entrega da documenta\u00e7\u00e3o na unidade escolar indicada no cadastro, no dia 31 de janeiro de 2019.<\/p>\n<p>J\u00e1 as demais matr\u00edculas, como para estudantes que querem transfer\u00eancia de unidade escolar, novos alunos ou oriundos da rede municipal, a matr\u00edcula ser\u00e1 de 22 a 29 de janeiro.<\/p>\n<p>A SEC esclarece que, caso a escola em que o aluno esteja regularmente matriculado em 2018 n\u00e3o oferecer a s\u00e9rie subsequente para 2019, o estudante receber\u00e1 uma carta informativa com um c\u00f3digo para fazer a matr\u00edcula pelo Portal da Educa\u00e7\u00e3o, no dia 22 de janeiro de 2019. A SEC alerta que esta data \u00e9 reservada \u00e0 transfer\u00eancia de estudantes da rede estadual de ensino, que tamb\u00e9m poder\u00e1 ser feita presencialmente em qualquer escola da rede estadual.<\/p>\n<h4>Confira o calend\u00e1rio:<\/h4>\n<p><em><strong>-De 26 de novembro a 17 de dezembro de 2018: Renova\u00e7\u00e3o de matr\u00edcula para estudante da rede estadual de ensino<\/strong><\/em><\/p>\n<p><em><strong>-De 29 e 30 de novembro: Pr\u00e9-matr\u00edcula do estudante com necessidade educacional especial<\/strong><\/em><\/p>\n<p><em><strong>-22 de janeiro: Matr\u00edcula de estudantes da rede estadual que pediram ou foram transferidos para outra escola do estado<\/strong><\/em><\/p>\n<p><em><strong>-23 e 24 de janeiro: Matr\u00edcula de alunos que conclu\u00edram o 5\u00ba ou 9\u00ba na escola municipal<\/strong><\/em><\/p>\n<p><em><strong>-25, 28 e 29 de janeiro: Matr\u00edculas de novos alunos para o ano letivo de 2019<\/strong><\/em><\/p>\n<figure id=\"attachment_29241\" aria-describedby=\"caption-attachment-29241\" style=\"width: 500px\" class=\"wp-caption aligncenter\"><a href=\"https:\/\/i0.wp.com\/blogdoeloiltoncajuhy.com.br\/site\/wp-content\/uploads\/2018\/11\/renovacao_matricula-2019_02.jpg\"><img data-recalc-dims=\"1\" decoding=\"async\" class=\"wp-image-29241\" src=\"https:\/\/i0.wp.com\/blogdoeloiltoncajuhy.com.br\/site\/wp-content\/uploads\/2018\/11\/renovacao_matricula-2019_02.jpg?resize=500%2C430\" alt=\"\" width=\"500\" height=\"430\" srcset=\"https:\/\/i0.wp.com\/blogdoeloiltoncajuhy.com.br\/site\/wp-content\/uploads\/2018\/11\/renovacao_matricula-2019_02.jpg?w=984&amp;ssl=1 984w, https:\/\/i0.wp.com\/blogdoeloiltoncajuhy.com.br\/site\/wp-content\/uploads\/2018\/11\/renovacao_matricula-2019_02.jpg?resize=300%2C258&amp;ssl=1 300w, https:\/\/i0.wp.com\/blogdoeloiltoncajuhy.com.br\/site\/wp-content\/uploads\/2018\/11\/renovacao_matricula-2019_02.jpg?resize=768%2C661&amp;ssl=1 768w, https:\/\/i0.wp.com\/blogdoeloiltoncajuhy.com.br\/site\/wp-content\/uploads\/2018\/11\/renovacao_matricula-2019_02.jpg?resize=250%2C215&amp;ssl=1 250w\" sizes=\"(max-width: 500px) 100vw, 500px\" \/><\/a><figcaption id=\"caption-attachment-29241\" class=\"wp-caption-text\">Renova\u00e7\u00e3o da matr\u00edcula da rede estadual pode ser feita presencialmente nas unidades de ensino ou na internet \u2014 Foto: Suami Dias\/GOVBA<\/figcaption><\/figure>\n<p><strong>*Por G1 BA<\/strong><\/p>\n","protected":false},"excerpt":{"rendered":"<p>SEC divulgou nesta quarta-feira (14) que renova\u00e7\u00e3o da matr\u00edcula poder\u00e1 ser feita presencialmente ou pela internet, atrav\u00e9s do Portal da Educa\u00e7\u00e3o A renova\u00e7\u00e3o da matr\u00edcula dos estudantes da rede estadual de ensino que frequentaram regularmente o ano letivo 2018 na Bahia ser\u00e1 realizada de 26 de novembro a 17 de dezembro de 2018. A informa\u00e7\u00e3o [&hellip;]<\/p>\n","protected":false},"author":2,"featured_media":29241,"comment_status":"open","ping_status":"open","sticky":false,"template":"","format":"standard","meta":{"_acf_changed":false,"_monsterinsights_skip_tracking":false,"_monsterinsights_sitenote_active":false,"_monsterinsights_sitenote_note":"","_monsterinsights_sitenote_category":0,"_jetpack_memberships_contains_paid_content":false,"footnotes":"","jetpack_publicize_message":"","jetpack_publicize_feature_enabled":true,"jetpack_social_post_already_shared":true,"jetpack_social_options":{"image_generator_settings":{"template":"highway","default_image_id":0,"font":"","enabled":false},"version":2}},"categories":[14,1],"tags":[],"class_list":["post-29239","post","type-post","status-publish","format-standard","has-post-thumbnail","hentry","category-educacao","category-noticias"],"acf":[],"jetpack_publicize_connections":[],"jetpack_featured_media_url":"https:\/\/i0.wp.com\/blogdoeloiltoncajuhy.com.br\/site\/wp-content\/uploads\/2018\/11\/renovacao_matricula-2019_02.jpg?fit=984%2C847&ssl=1","jetpack_sharing_enabled":true,"publishpress_future_workflow_manual_trigger":{"enabledWorkflows":[]},"_links":{"self":[{"href":"https:\/\/blogdoeloiltoncajuhy.com.br\/site\/wp-json\/wp\/v2\/posts\/29239","targetHints":{"allow":["GET"]}}],"collection":[{"href":"https:\/\/blogdoeloiltoncajuhy.com.br\/site\/wp-json\/wp\/v2\/posts"}],"about":[{"href":"https:\/\/blogdoeloiltoncajuhy.com.br\/site\/wp-json\/wp\/v2\/types\/post"}],"author":[{"embeddable":true,"href":"https:\/\/blogdoeloiltoncajuhy.com.br\/site\/wp-json\/wp\/v2\/users\/2"}],"replies":[{"embeddable":true,"href":"https:\/\/blogdoeloiltoncajuhy.com.br\/site\/wp-json\/wp\/v2\/comments?post=29239"}],"version-history":[{"count":1,"href":"https:\/\/blogdoeloiltoncajuhy.com.br\/site\/wp-json\/wp\/v2\/posts\/29239\/revisions"}],"predecessor-version":[{"id":29242,"href":"https:\/\/blogdoeloiltoncajuhy.com.br\/site\/wp-json\/wp\/v2\/posts\/29239\/revisions\/29242"}],"wp:featuredmedia":[{"embeddable":true,"href":"https:\/\/blogdoeloiltoncajuhy.com.br\/site\/wp-json\/wp\/v2\/media\/29241"}],"wp:attachment":[{"href":"https:\/\/blogdoeloiltoncajuhy.com.br\/site\/wp-json\/wp\/v2\/media?parent=29239"}],"wp:term":[{"taxonomy":"category","embeddable":true,"href":"https:\/\/blogdoeloiltoncajuhy.com.br\/site\/wp-json\/wp\/v2\/categories?post=29239"},{"taxonomy":"post_tag","embeddable":true,"href":"https:\/\/blogdoeloiltoncajuhy.com.br\/site\/wp-json\/wp\/v2\/tags?post=29239"}],"curies":[{"name":"wp","href":"https:\/\/api.w.org\/{rel}","templated":true}]}}