{"id":29230,"date":"2018-11-15T09:55:36","date_gmt":"2018-11-15T12:55:36","guid":{"rendered":"http:\/\/blogdoeloiltoncajuhy.com.br\/site\/?p=29230"},"modified":"2018-11-15T09:55:36","modified_gmt":"2018-11-15T12:55:36","slug":"bonfim-comeca-hoje-a-festa-de-cristo-rei-padroeiro-da-grande-gamboa","status":"publish","type":"post","link":"https:\/\/blogdoeloiltoncajuhy.com.br\/site\/bonfim-comeca-hoje-a-festa-de-cristo-rei-padroeiro-da-grande-gamboa\/","title":{"rendered":"BONFIM: Come\u00e7a hoje a Festa de Cristo Rei, padroeiro da Grande Gamboa"},"content":{"rendered":"<p><a href=\"https:\/\/i0.wp.com\/blogdoeloiltoncajuhy.com.br\/site\/wp-content\/uploads\/2018\/11\/cristo-rei_2018.jpeg\"><img data-recalc-dims=\"1\" fetchpriority=\"high\" decoding=\"async\" class=\"aligncenter wp-image-29231\" src=\"https:\/\/i0.wp.com\/blogdoeloiltoncajuhy.com.br\/site\/wp-content\/uploads\/2018\/11\/cristo-rei_2018.jpeg?resize=397%2C450\" alt=\"\" width=\"397\" height=\"450\" srcset=\"https:\/\/i0.wp.com\/blogdoeloiltoncajuhy.com.br\/site\/wp-content\/uploads\/2018\/11\/cristo-rei_2018.jpeg?w=565&amp;ssl=1 565w, https:\/\/i0.wp.com\/blogdoeloiltoncajuhy.com.br\/site\/wp-content\/uploads\/2018\/11\/cristo-rei_2018.jpeg?resize=265%2C300&amp;ssl=1 265w, https:\/\/i0.wp.com\/blogdoeloiltoncajuhy.com.br\/site\/wp-content\/uploads\/2018\/11\/cristo-rei_2018.jpeg?resize=221%2C250&amp;ssl=1 221w\" sizes=\"(max-width: 397px) 100vw, 397px\" \/><\/a>A Comunidade do Cristo Rei do Universo &#8211; Gamboa, em Senhor do Bonfim, inicia nesta quinta-feira (15), a celebra\u00e7\u00e3o dos 49 anos da festa de seu padroeiro. Este ano, a festa tem um sentido especial, pois a comunidade far\u00e1 abertura da celebra\u00e7\u00e3o do Ano Jubilar, a ser comemorado em 2019.<\/p>\n<p>O tema do noven\u00e1rio e festa deste ano de 2018 ser\u00e1: <em><strong>&#8220;Em Cristo Rei, Somos Jovens Mission\u00e1rios em defesa da Vida&#8221;<\/strong><\/em>. E o lema: <em><strong>&#8220;Escolhe, pois, a vida&#8221;<\/strong><\/em> (Dt 30,19). O Objetivo desse tema \u00e9 um apelo em levar a igreja, a comunidade e a sociedade a defender e promover a vida, desde a sua concep\u00e7\u00e3o at\u00e9 a sua morte natural, compreendida como dom de Deus e com a responsabilidade de todos.<\/p>\n<p>A programa\u00e7\u00e3o desta quinta-feira teve in\u00edcio com fogos e toque dos sinos. 19h Prociss\u00e3o da Bandeira da Festa, saindo da resid\u00eancia da Senhora Abigail Santos (Guardi\u00e3 da bandeira) na Rua Alberto Torres, 242, em dire\u00e7\u00e3o \u00e0 igreja. 19h30, Hasteamento da Bandeira e Missa de abertura, celebrada pelo Padre Heleno da Cruz.<\/p>\n<p><em><strong>*BLOG DO ELOILTON CAJUHY<br \/>\n<\/strong><\/em>Fonte: Pascom de Bonfim<\/p>\n","protected":false},"excerpt":{"rendered":"<p>A Comunidade do Cristo Rei do Universo &#8211; Gamboa, em Senhor do Bonfim, inicia nesta quinta-feira (15), a celebra\u00e7\u00e3o dos 49 anos da festa de seu padroeiro. Este ano, a festa tem um sentido especial, pois a comunidade far\u00e1 abertura da celebra\u00e7\u00e3o do Ano Jubilar, a ser comemorado em 2019. O tema do noven\u00e1rio e [&hellip;]<\/p>\n","protected":false},"author":2,"featured_media":29231,"comment_status":"open","ping_status":"open","sticky":false,"template":"","format":"standard","meta":{"_acf_changed":false,"_monsterinsights_skip_tracking":false,"_monsterinsights_sitenote_active":false,"_monsterinsights_sitenote_note":"","_monsterinsights_sitenote_category":0,"_jetpack_memberships_contains_paid_content":false,"footnotes":"","jetpack_publicize_message":"","jetpack_publicize_feature_enabled":true,"jetpack_social_post_already_shared":true,"jetpack_social_options":{"image_generator_settings":{"template":"highway","default_image_id":0,"font":"","enabled":false},"version":2}},"categories":[1,4],"tags":[],"class_list":["post-29230","post","type-post","status-publish","format-standard","has-post-thumbnail","hentry","category-noticias","category-local"],"acf":[],"jetpack_publicize_connections":[],"jetpack_featured_media_url":"https:\/\/i0.wp.com\/blogdoeloiltoncajuhy.com.br\/site\/wp-content\/uploads\/2018\/11\/cristo-rei_2018.jpeg?fit=565%2C640&ssl=1","jetpack_sharing_enabled":true,"publishpress_future_workflow_manual_trigger":{"enabledWorkflows":[]},"_links":{"self":[{"href":"https:\/\/blogdoeloiltoncajuhy.com.br\/site\/wp-json\/wp\/v2\/posts\/29230","targetHints":{"allow":["GET"]}}],"collection":[{"href":"https:\/\/blogdoeloiltoncajuhy.com.br\/site\/wp-json\/wp\/v2\/posts"}],"about":[{"href":"https:\/\/blogdoeloiltoncajuhy.com.br\/site\/wp-json\/wp\/v2\/types\/post"}],"author":[{"embeddable":true,"href":"https:\/\/blogdoeloiltoncajuhy.com.br\/site\/wp-json\/wp\/v2\/users\/2"}],"replies":[{"embeddable":true,"href":"https:\/\/blogdoeloiltoncajuhy.com.br\/site\/wp-json\/wp\/v2\/comments?post=29230"}],"version-history":[{"count":1,"href":"https:\/\/blogdoeloiltoncajuhy.com.br\/site\/wp-json\/wp\/v2\/posts\/29230\/revisions"}],"predecessor-version":[{"id":29232,"href":"https:\/\/blogdoeloiltoncajuhy.com.br\/site\/wp-json\/wp\/v2\/posts\/29230\/revisions\/29232"}],"wp:featuredmedia":[{"embeddable":true,"href":"https:\/\/blogdoeloiltoncajuhy.com.br\/site\/wp-json\/wp\/v2\/media\/29231"}],"wp:attachment":[{"href":"https:\/\/blogdoeloiltoncajuhy.com.br\/site\/wp-json\/wp\/v2\/media?parent=29230"}],"wp:term":[{"taxonomy":"category","embeddable":true,"href":"https:\/\/blogdoeloiltoncajuhy.com.br\/site\/wp-json\/wp\/v2\/categories?post=29230"},{"taxonomy":"post_tag","embeddable":true,"href":"https:\/\/blogdoeloiltoncajuhy.com.br\/site\/wp-json\/wp\/v2\/tags?post=29230"}],"curies":[{"name":"wp","href":"https:\/\/api.w.org\/{rel}","templated":true}]}}