{"id":29227,"date":"2018-11-15T09:24:58","date_gmt":"2018-11-15T12:24:58","guid":{"rendered":"http:\/\/blogdoeloiltoncajuhy.com.br\/site\/?p=29227"},"modified":"2018-11-15T09:24:58","modified_gmt":"2018-11-15T12:24:58","slug":"senhor-do-bonfim-a-primeira-cidade-da-bahia-a-aderir-a-republica","status":"publish","type":"post","link":"https:\/\/blogdoeloiltoncajuhy.com.br\/site\/senhor-do-bonfim-a-primeira-cidade-da-bahia-a-aderir-a-republica\/","title":{"rendered":"Senhor do Bonfim, a primeira cidade da Bahia a aderir \u00e0 rep\u00fablica"},"content":{"rendered":"<figure id=\"attachment_29228\" aria-describedby=\"caption-attachment-29228\" style=\"width: 960px\" class=\"wp-caption aligncenter\"><a href=\"https:\/\/i0.wp.com\/blogdoeloiltoncajuhy.com.br\/site\/wp-content\/uploads\/2018\/11\/proclama%C3%A7%C3%A3o-rep%C3%BAblica_01.jpg\"><img data-recalc-dims=\"1\" fetchpriority=\"high\" decoding=\"async\" class=\"wp-image-29228 size-full\" src=\"https:\/\/i0.wp.com\/blogdoeloiltoncajuhy.com.br\/site\/wp-content\/uploads\/2018\/11\/proclama%C3%A7%C3%A3o-rep%C3%BAblica_01.jpg?resize=800%2C508\" alt=\"\" width=\"800\" height=\"508\" srcset=\"https:\/\/i0.wp.com\/blogdoeloiltoncajuhy.com.br\/site\/wp-content\/uploads\/2018\/11\/proclama%C3%A7%C3%A3o-rep%C3%BAblica_01.jpg?w=960&amp;ssl=1 960w, https:\/\/i0.wp.com\/blogdoeloiltoncajuhy.com.br\/site\/wp-content\/uploads\/2018\/11\/proclama%C3%A7%C3%A3o-rep%C3%BAblica_01.jpg?resize=300%2C190&amp;ssl=1 300w, https:\/\/i0.wp.com\/blogdoeloiltoncajuhy.com.br\/site\/wp-content\/uploads\/2018\/11\/proclama%C3%A7%C3%A3o-rep%C3%BAblica_01.jpg?resize=768%2C487&amp;ssl=1 768w, https:\/\/i0.wp.com\/blogdoeloiltoncajuhy.com.br\/site\/wp-content\/uploads\/2018\/11\/proclama%C3%A7%C3%A3o-rep%C3%BAblica_01.jpg?resize=250%2C159&amp;ssl=1 250w\" sizes=\"(max-width: 800px) 100vw, 800px\" \/><\/a><figcaption id=\"caption-attachment-29228\" class=\"wp-caption-text\">Quadro: Proclama\u00e7\u00e3o da Rep\u00fablica, pintura a \u00f3leo sobre tela &#8211; Benedito Calixto &#8211; 1983<\/figcaption><\/figure>\n<p>Senhor do Bonfim foi uma das primeiras cidades baianas a aderir \u00e0 Rep\u00fablica, proclamada pelo Marechal Deodoro da Fonseca, em 15 de novembro de 1889. Naquela mesma data, ao receber as noticias vindas do Rio de Janeiro, o republicano Jos\u00e9 Gon\u00e7alves da Silva, tratou de organizar manifesta\u00e7\u00f5es populares favor\u00e1veis ao novo regime.<\/p>\n<p>Em reconhecimento ao apoio bonfinense, o rec\u00e9m nomeado governador da Bahia, Manoel Vitorino visitou a cidade e, dias depois, personas como o engenheiro Alexandre G\u00f3es, o m\u00e9dico C\u00e2ndido Costa Pinto e o C\u00f4nego Pedro Hugo Teixeira fundaram o Clube Republicano 5 de Dezembro, com objetivo de propagar os ideais republicanos.<\/p>\n<p><em><strong>*Bonfim, Futebol &amp; Hist\u00f3ria \/ Alex Barbosa<\/strong><\/em><\/p>\n","protected":false},"excerpt":{"rendered":"<p>Senhor do Bonfim foi uma das primeiras cidades baianas a aderir \u00e0 Rep\u00fablica, proclamada pelo Marechal Deodoro da Fonseca, em 15 de novembro de 1889. Naquela mesma data, ao receber as noticias vindas do Rio de Janeiro, o republicano Jos\u00e9 Gon\u00e7alves da Silva, tratou de organizar manifesta\u00e7\u00f5es populares favor\u00e1veis ao novo regime. Em reconhecimento ao [&hellip;]<\/p>\n","protected":false},"author":2,"featured_media":29228,"comment_status":"open","ping_status":"open","sticky":false,"template":"","format":"standard","meta":{"_acf_changed":false,"_monsterinsights_skip_tracking":false,"_monsterinsights_sitenote_active":false,"_monsterinsights_sitenote_note":"","_monsterinsights_sitenote_category":0,"_jetpack_memberships_contains_paid_content":false,"footnotes":"","jetpack_publicize_message":"","jetpack_publicize_feature_enabled":true,"jetpack_social_post_already_shared":true,"jetpack_social_options":{"image_generator_settings":{"template":"highway","default_image_id":0,"font":"","enabled":false},"version":2}},"categories":[1,4],"tags":[],"class_list":["post-29227","post","type-post","status-publish","format-standard","has-post-thumbnail","hentry","category-noticias","category-local"],"acf":[],"jetpack_publicize_connections":[],"jetpack_featured_media_url":"https:\/\/i0.wp.com\/blogdoeloiltoncajuhy.com.br\/site\/wp-content\/uploads\/2018\/11\/proclama%C3%A7%C3%A3o-rep%C3%BAblica_01.jpg?fit=960%2C609&ssl=1","jetpack_sharing_enabled":true,"publishpress_future_workflow_manual_trigger":{"enabledWorkflows":[]},"_links":{"self":[{"href":"https:\/\/blogdoeloiltoncajuhy.com.br\/site\/wp-json\/wp\/v2\/posts\/29227","targetHints":{"allow":["GET"]}}],"collection":[{"href":"https:\/\/blogdoeloiltoncajuhy.com.br\/site\/wp-json\/wp\/v2\/posts"}],"about":[{"href":"https:\/\/blogdoeloiltoncajuhy.com.br\/site\/wp-json\/wp\/v2\/types\/post"}],"author":[{"embeddable":true,"href":"https:\/\/blogdoeloiltoncajuhy.com.br\/site\/wp-json\/wp\/v2\/users\/2"}],"replies":[{"embeddable":true,"href":"https:\/\/blogdoeloiltoncajuhy.com.br\/site\/wp-json\/wp\/v2\/comments?post=29227"}],"version-history":[{"count":1,"href":"https:\/\/blogdoeloiltoncajuhy.com.br\/site\/wp-json\/wp\/v2\/posts\/29227\/revisions"}],"predecessor-version":[{"id":29229,"href":"https:\/\/blogdoeloiltoncajuhy.com.br\/site\/wp-json\/wp\/v2\/posts\/29227\/revisions\/29229"}],"wp:featuredmedia":[{"embeddable":true,"href":"https:\/\/blogdoeloiltoncajuhy.com.br\/site\/wp-json\/wp\/v2\/media\/29228"}],"wp:attachment":[{"href":"https:\/\/blogdoeloiltoncajuhy.com.br\/site\/wp-json\/wp\/v2\/media?parent=29227"}],"wp:term":[{"taxonomy":"category","embeddable":true,"href":"https:\/\/blogdoeloiltoncajuhy.com.br\/site\/wp-json\/wp\/v2\/categories?post=29227"},{"taxonomy":"post_tag","embeddable":true,"href":"https:\/\/blogdoeloiltoncajuhy.com.br\/site\/wp-json\/wp\/v2\/tags?post=29227"}],"curies":[{"name":"wp","href":"https:\/\/api.w.org\/{rel}","templated":true}]}}