{"id":29216,"date":"2018-11-14T11:27:28","date_gmt":"2018-11-14T14:27:28","guid":{"rendered":"http:\/\/blogdoeloiltoncajuhy.com.br\/site\/?p=29216"},"modified":"2018-11-14T11:27:28","modified_gmt":"2018-11-14T14:27:28","slug":"prefeitura-de-senhor-do-bonfim-divulga-nota-de-esclarecimento-sobre-condicoes-de-veiculo-que-faz-o-transporte-de-pacientes-do-tfd","status":"publish","type":"post","link":"https:\/\/blogdoeloiltoncajuhy.com.br\/site\/prefeitura-de-senhor-do-bonfim-divulga-nota-de-esclarecimento-sobre-condicoes-de-veiculo-que-faz-o-transporte-de-pacientes-do-tfd\/","title":{"rendered":"Prefeitura de Senhor do Bonfim divulga Nota de Esclarecimento sobre condi\u00e7\u00f5es de ve\u00edculo que faz o transporte de pacientes do TFD"},"content":{"rendered":"<p><strong><a href=\"https:\/\/i0.wp.com\/blogdoeloiltoncajuhy.com.br\/site\/wp-content\/uploads\/2017\/02\/prefeitura_20.02.2017-e1487711644730.jpg\"><img data-recalc-dims=\"1\" fetchpriority=\"high\" decoding=\"async\" class=\"aligncenter wp-image-15600 size-full\" src=\"https:\/\/i0.wp.com\/blogdoeloiltoncajuhy.com.br\/site\/wp-content\/uploads\/2017\/02\/prefeitura_20.02.2017-e1487711644730.jpg?resize=550%2C413\" alt=\"\" width=\"550\" height=\"413\" \/><\/a>Cidad\u00e3os Bonfinenses,<\/strong><\/p>\n<p><strong>Em resposta \u00e0s informa\u00e7\u00f5es que circulam nas redes sociais e em alguns blogs da cidade sobre as condi\u00e7\u00f5es do micro-\u00f4nibus que faz o transporte de pacientes para Tratamento Fora de Domicilio (TFD), a Prefeitura de Senhor do Bonfim, por meio da Secretaria de Sa\u00fade, informa que as imagens divulgadas por terceiros com intuito de confundir a opini\u00e3o p\u00fablica s\u00e3o registros antigos, e o referido ve\u00edculo herdado da gest\u00e3o passada passou por minuciosa revis\u00e3o e manuten\u00e7\u00e3o mec\u00e2nica.<\/strong><\/p>\n<p><strong>O micro-\u00f4nibus, patrim\u00f4nio municipal, encontrado em estado deplor\u00e1vel, recebeu novos pneus, escapamento, amortecedores, revis\u00e3o no sistema de dire\u00e7\u00e3o, sistema de ar condicionado, sistema el\u00e9trico, al\u00e9m de outros itens que merecem cuidados especiais, como discos de freios e total manuten\u00e7\u00e3o no sistema de \u00f3leo. Como compromisso fundamental do governo Terra do Bom Come\u00e7o, ap\u00f3s a realiza\u00e7\u00e3o de testes de seguran\u00e7a, o referido ve\u00edculo foi disponibilizado \u00e0 popula\u00e7\u00e3o.<\/strong><\/p>\n<p><strong>Ressaltamos que o munic\u00edpio de Senhor do Bonfim possui dois \u00f4nibus realizando servi\u00e7o de TFD, sendo uma a\u00e7\u00e3o consagrada como avan\u00e7o no Territ\u00f3rio do Piemonte Norte do Itapicuru. Na oportunidade, avisamos que uma licita\u00e7\u00e3o para aquisi\u00e7\u00e3o de um novo e moderno \u00f4nibus j\u00e1 foi realizada, apenas aguardando procedimentos legais para entrega. Os recursos para aquisi\u00e7\u00e3o s\u00e3o oriundos de emenda parlamentar do deputado federal Valmir Assun\u00e7\u00e3o (PT).<\/strong><\/p>\n<p><strong>Repudiamos veementemente toda e qualquer forma de Fake News cuja finalidade \u00e9 fazer proselitismo pol\u00edtico contra a atual administra\u00e7\u00e3o, sem procurar a realidade dos acontecimentos. A administra\u00e7\u00e3o municipal tem dado toda aten\u00e7\u00e3o e n\u00e3o tem medido esfor\u00e7os para que a sa\u00fade do nosso munic\u00edpio venha proporcionar melhor atendimento \u00e0 nossa popula\u00e7\u00e3o.<\/strong><\/p>\n<p><strong>Senhor do Bonfim recebeu nessa gest\u00e3o tr\u00eas novas ambul\u00e2ncias do SAMU &#8211; ampliando sua frota e o seu alcance \u2013 no passado recente, apenas uma ambul\u00e2ncia funcionava, e outra estava completamente abandonada.<\/strong><\/p>\n<p><strong>O Programa Bonfim em Desenvolvimento est\u00e1 investido mais de R$ 200 milh\u00f5es em obras e a\u00e7\u00f5es &#8211; grande parte na \u00e1rea da sa\u00fade. Os recursos contemplam a constru\u00e7\u00e3o da Policl\u00ednica Regional que vai ofertar exames de resson\u00e2ncia magn\u00e9tica, tomografia computadorizada, ultrassonografia, ecocardiografia, eletroencefalograma, endoscopia, colonoscopia, entre outros.<\/strong><\/p>\n<p><strong>A reforma e amplia\u00e7\u00e3o do Hospital Dom Ant\u00f4nio Monteiro (HDAM), sucateado e esquecido pela gest\u00e3o que passou, receber\u00e1 20 leitos de Unidade de Terapia Intensiva (UTI). A inaugura\u00e7\u00e3o da Unidade de Pronto Atendimento (UPA 24h), tamb\u00e9m abandonada, j\u00e1 est\u00e1 em pleno funcionamento e o Laborat\u00f3rio Central (LACEN) est\u00e1 sendo reformado, ampliado e receber\u00e1 equipamentos novos e modernos.<\/strong><\/p>\n<p><strong>Nessa gest\u00e3o, respons\u00e1vel e humana, j\u00e1 foram realizadas a reconstru\u00e7\u00e3o de v\u00e1rios Postos de Sa\u00fade abandonados, aquisi\u00e7\u00e3o de novos equipamentos e rem\u00e9dios, constru\u00e7\u00e3o de novas Unidades B\u00e1sicas de Sa\u00fade (UBS) &#8211; recentemente uma na grande Gamboa &#8211; assim como, constru\u00e7\u00f5es de mini- hospitais no distrito de Igara, no Alto do Cigano, no Cidade Nova e no Alto da Maravilha. <\/strong><\/p>\n<p><strong>Reformados, e j\u00e1 em funcionamento, os postos de sa\u00fade das localidades de Bara\u00fana e Cazumba, al\u00e9m da cobertura total de saneamento b\u00e1sico em toda cidade &#8211; uma obra essencial com investimento de mais de R$ 70 milh\u00f5es em recursos do Governo do Estado da Bahia. Investimento confirmado pelo Governador Rui Costa que vai melhorar a qualidade de vida dos moradores da cidade.<\/strong><\/p>\n<p><strong>Gest\u00e3o respons\u00e1vel, transparente e inovadora se faz com trabalho e dedica\u00e7\u00e3o. A verdade dos fatos aqui relatados desmente qualquer alus\u00e3o contr\u00e1ria. Abrimos um canal de comunica\u00e7\u00e3o com o cidad\u00e3o para qualquer esclarecimento. Ligue para 0800 284 1616 ou 3541-8700.<\/strong><\/p>\n<p><strong>Atenciosamente,<\/strong><\/p>\n<p><strong>Prefeitura de Senhor do Bonfim<\/strong><\/p>\n","protected":false},"excerpt":{"rendered":"<p>Cidad\u00e3os Bonfinenses, Em resposta \u00e0s informa\u00e7\u00f5es que circulam nas redes sociais e em alguns blogs da cidade sobre as condi\u00e7\u00f5es do micro-\u00f4nibus que faz o transporte de pacientes para Tratamento Fora de Domicilio (TFD), a Prefeitura de Senhor do Bonfim, por meio da Secretaria de Sa\u00fade, informa que as imagens divulgadas por terceiros com intuito [&hellip;]<\/p>\n","protected":false},"author":2,"featured_media":0,"comment_status":"open","ping_status":"open","sticky":false,"template":"","format":"standard","meta":{"_acf_changed":false,"_monsterinsights_skip_tracking":false,"_monsterinsights_sitenote_active":false,"_monsterinsights_sitenote_note":"","_monsterinsights_sitenote_category":0,"_jetpack_memberships_contains_paid_content":false,"footnotes":"","jetpack_publicize_message":"","jetpack_publicize_feature_enabled":true,"jetpack_social_post_already_shared":true,"jetpack_social_options":{"image_generator_settings":{"template":"highway","default_image_id":0,"font":"","enabled":false},"version":2}},"categories":[1,4],"tags":[],"class_list":["post-29216","post","type-post","status-publish","format-standard","hentry","category-noticias","category-local"],"acf":[],"jetpack_publicize_connections":[],"jetpack_featured_media_url":"","jetpack_sharing_enabled":true,"publishpress_future_workflow_manual_trigger":{"enabledWorkflows":[]},"_links":{"self":[{"href":"https:\/\/blogdoeloiltoncajuhy.com.br\/site\/wp-json\/wp\/v2\/posts\/29216","targetHints":{"allow":["GET"]}}],"collection":[{"href":"https:\/\/blogdoeloiltoncajuhy.com.br\/site\/wp-json\/wp\/v2\/posts"}],"about":[{"href":"https:\/\/blogdoeloiltoncajuhy.com.br\/site\/wp-json\/wp\/v2\/types\/post"}],"author":[{"embeddable":true,"href":"https:\/\/blogdoeloiltoncajuhy.com.br\/site\/wp-json\/wp\/v2\/users\/2"}],"replies":[{"embeddable":true,"href":"https:\/\/blogdoeloiltoncajuhy.com.br\/site\/wp-json\/wp\/v2\/comments?post=29216"}],"version-history":[{"count":1,"href":"https:\/\/blogdoeloiltoncajuhy.com.br\/site\/wp-json\/wp\/v2\/posts\/29216\/revisions"}],"predecessor-version":[{"id":29217,"href":"https:\/\/blogdoeloiltoncajuhy.com.br\/site\/wp-json\/wp\/v2\/posts\/29216\/revisions\/29217"}],"wp:attachment":[{"href":"https:\/\/blogdoeloiltoncajuhy.com.br\/site\/wp-json\/wp\/v2\/media?parent=29216"}],"wp:term":[{"taxonomy":"category","embeddable":true,"href":"https:\/\/blogdoeloiltoncajuhy.com.br\/site\/wp-json\/wp\/v2\/categories?post=29216"},{"taxonomy":"post_tag","embeddable":true,"href":"https:\/\/blogdoeloiltoncajuhy.com.br\/site\/wp-json\/wp\/v2\/tags?post=29216"}],"curies":[{"name":"wp","href":"https:\/\/api.w.org\/{rel}","templated":true}]}}