{"id":29213,"date":"2018-11-14T11:15:10","date_gmt":"2018-11-14T14:15:10","guid":{"rendered":"http:\/\/blogdoeloiltoncajuhy.com.br\/site\/?p=29213"},"modified":"2018-11-14T11:15:10","modified_gmt":"2018-11-14T14:15:10","slug":"carlos-brasileiro-recebe-presidente-do-diretorio-central-dos-estudantes-da-univasf","status":"publish","type":"post","link":"https:\/\/blogdoeloiltoncajuhy.com.br\/site\/carlos-brasileiro-recebe-presidente-do-diretorio-central-dos-estudantes-da-univasf\/","title":{"rendered":"Carlos Brasileiro recebe Presidente do Diret\u00f3rio Central dos Estudantes da Univasf"},"content":{"rendered":"<p><a href=\"https:\/\/i0.wp.com\/blogdoeloiltoncajuhy.com.br\/site\/wp-content\/uploads\/2018\/11\/DEC_encontro-brasileiro.jpg\"><img data-recalc-dims=\"1\" fetchpriority=\"high\" decoding=\"async\" class=\"aligncenter wp-image-29214\" src=\"https:\/\/i0.wp.com\/blogdoeloiltoncajuhy.com.br\/site\/wp-content\/uploads\/2018\/11\/DEC_encontro-brasileiro.jpg?resize=800%2C450\" alt=\"\" width=\"800\" height=\"450\" srcset=\"https:\/\/i0.wp.com\/blogdoeloiltoncajuhy.com.br\/site\/wp-content\/uploads\/2018\/11\/DEC_encontro-brasileiro.jpg?w=1024&amp;ssl=1 1024w, https:\/\/i0.wp.com\/blogdoeloiltoncajuhy.com.br\/site\/wp-content\/uploads\/2018\/11\/DEC_encontro-brasileiro.jpg?resize=300%2C169&amp;ssl=1 300w, https:\/\/i0.wp.com\/blogdoeloiltoncajuhy.com.br\/site\/wp-content\/uploads\/2018\/11\/DEC_encontro-brasileiro.jpg?resize=768%2C432&amp;ssl=1 768w, https:\/\/i0.wp.com\/blogdoeloiltoncajuhy.com.br\/site\/wp-content\/uploads\/2018\/11\/DEC_encontro-brasileiro.jpg?resize=250%2C141&amp;ssl=1 250w\" sizes=\"(max-width: 800px) 100vw, 800px\" \/><\/a>O prefeito de Senhor Bonfim, Carlos Brasileiro, recebeu na manh\u00e3 desta ter\u00e7a-feira, 13 de novembro, o Presidente do Diret\u00f3rio Central dos Estudantes (DCE) da Universidade Federal do Vale do S\u00e3o Francisco (Univasf), o estudante de engenharia el\u00e9trica, Pedro Lucas Andrade.<\/p>\n<p>No encontro com chefe do executivo bonfinense, o presidente do DCE buscou estabelecer parceria para garantir apoio no di\u00e1logo junto a reitoria e governo federal, em fase da implanta\u00e7\u00e3o de projetos de interesse da comunidade acad\u00eamica.<\/p>\n<p>Na pauta, a cria\u00e7\u00e3o da moradia estudantil; Instala\u00e7\u00e3o do Restaurante Universit\u00e1rio; Transporte; Fortalecimento do Sistema \u00danico de Sa\u00fade; Incentivo ao turismo em nossa regi\u00e3o; implanta\u00e7\u00e3o de novos cursos e in\u00edcio das obras de amplia\u00e7\u00e3o do Campi de Senhor Bonfim.<\/p>\n<p>O encontro ainda contou com a presen\u00e7a do secret\u00e1rio de Desenvolvimento Econ\u00f4mico, Turismo e Esporte (Sedete), Diogo Rios, representantes da secretaria de Educa\u00e7\u00e3o e do aluno de geografia do Campi Senhor Bonfim, Egon Barbosa da Silva.<\/p>\n<p><em><strong>*ASCOM &#8211; Prefeitura Municipal de Senhor do Bonfim &#8211; BA<br \/>\n<\/strong>Telefones: 74 3541-8366 \/ 99110-9117<\/em><br \/>\n<em>Endere\u00e7o: Pra\u00e7a Juracy Magalh\u00e3es, 126<\/em><br \/>\n<em>E-MAIL: ascom@pmsb.ba.gov.br <\/em><br \/>\n<em>SITE OFICIAL: www.pmsb.ba.gov.br<\/em><br \/>\n<em>FAN PAGE: www.facebook.com\/oficialpmsb<\/em><\/p>\n","protected":false},"excerpt":{"rendered":"<p>O prefeito de Senhor Bonfim, Carlos Brasileiro, recebeu na manh\u00e3 desta ter\u00e7a-feira, 13 de novembro, o Presidente do Diret\u00f3rio Central dos Estudantes (DCE) da Universidade Federal do Vale do S\u00e3o Francisco (Univasf), o estudante de engenharia el\u00e9trica, Pedro Lucas Andrade. No encontro com chefe do executivo bonfinense, o presidente do DCE buscou estabelecer parceria para [&hellip;]<\/p>\n","protected":false},"author":2,"featured_media":29214,"comment_status":"open","ping_status":"open","sticky":false,"template":"","format":"standard","meta":{"_acf_changed":false,"_monsterinsights_skip_tracking":false,"_monsterinsights_sitenote_active":false,"_monsterinsights_sitenote_note":"","_monsterinsights_sitenote_category":0,"_jetpack_memberships_contains_paid_content":false,"footnotes":"","jetpack_publicize_message":"","jetpack_publicize_feature_enabled":true,"jetpack_social_post_already_shared":true,"jetpack_social_options":{"image_generator_settings":{"template":"highway","default_image_id":0,"font":"","enabled":false},"version":2}},"categories":[14,1,3,4],"tags":[],"class_list":["post-29213","post","type-post","status-publish","format-standard","has-post-thumbnail","hentry","category-educacao","category-noticias","category-politica","category-local"],"acf":[],"jetpack_publicize_connections":[],"jetpack_featured_media_url":"https:\/\/i0.wp.com\/blogdoeloiltoncajuhy.com.br\/site\/wp-content\/uploads\/2018\/11\/DEC_encontro-brasileiro.jpg?fit=1024%2C576&ssl=1","jetpack_sharing_enabled":true,"publishpress_future_workflow_manual_trigger":{"enabledWorkflows":[]},"_links":{"self":[{"href":"https:\/\/blogdoeloiltoncajuhy.com.br\/site\/wp-json\/wp\/v2\/posts\/29213","targetHints":{"allow":["GET"]}}],"collection":[{"href":"https:\/\/blogdoeloiltoncajuhy.com.br\/site\/wp-json\/wp\/v2\/posts"}],"about":[{"href":"https:\/\/blogdoeloiltoncajuhy.com.br\/site\/wp-json\/wp\/v2\/types\/post"}],"author":[{"embeddable":true,"href":"https:\/\/blogdoeloiltoncajuhy.com.br\/site\/wp-json\/wp\/v2\/users\/2"}],"replies":[{"embeddable":true,"href":"https:\/\/blogdoeloiltoncajuhy.com.br\/site\/wp-json\/wp\/v2\/comments?post=29213"}],"version-history":[{"count":1,"href":"https:\/\/blogdoeloiltoncajuhy.com.br\/site\/wp-json\/wp\/v2\/posts\/29213\/revisions"}],"predecessor-version":[{"id":29215,"href":"https:\/\/blogdoeloiltoncajuhy.com.br\/site\/wp-json\/wp\/v2\/posts\/29213\/revisions\/29215"}],"wp:featuredmedia":[{"embeddable":true,"href":"https:\/\/blogdoeloiltoncajuhy.com.br\/site\/wp-json\/wp\/v2\/media\/29214"}],"wp:attachment":[{"href":"https:\/\/blogdoeloiltoncajuhy.com.br\/site\/wp-json\/wp\/v2\/media?parent=29213"}],"wp:term":[{"taxonomy":"category","embeddable":true,"href":"https:\/\/blogdoeloiltoncajuhy.com.br\/site\/wp-json\/wp\/v2\/categories?post=29213"},{"taxonomy":"post_tag","embeddable":true,"href":"https:\/\/blogdoeloiltoncajuhy.com.br\/site\/wp-json\/wp\/v2\/tags?post=29213"}],"curies":[{"name":"wp","href":"https:\/\/api.w.org\/{rel}","templated":true}]}}