{"id":29201,"date":"2018-11-13T22:41:16","date_gmt":"2018-11-14T01:41:16","guid":{"rendered":"http:\/\/blogdoeloiltoncajuhy.com.br\/site\/?p=29201"},"modified":"2018-11-13T22:41:16","modified_gmt":"2018-11-14T01:41:16","slug":"novo-valor-salario-minimo-pode-ficar-acima-de-r-1-006-diz-ministro","status":"publish","type":"post","link":"https:\/\/blogdoeloiltoncajuhy.com.br\/site\/novo-valor-salario-minimo-pode-ficar-acima-de-r-1-006-diz-ministro\/","title":{"rendered":"Novo valor: Sal\u00e1rio m\u00ednimo pode ficar acima de R$ 1.006, diz ministro"},"content":{"rendered":"<h5 style=\"text-align: center;\"><em>Segundo Esteves Colnago, \u00edndice usado no c\u00e1lculo do sal\u00e1rio m\u00ednimo deve ficar acima do previsto inicialmente pelo governo, o que elevaria, portanto, o sal\u00e1rio m\u00ednimo do ano que vem<\/em><\/h5>\n<figure id=\"attachment_29203\" aria-describedby=\"caption-attachment-29203\" style=\"width: 1000px\" class=\"wp-caption aligncenter\"><a href=\"https:\/\/i0.wp.com\/blogdoeloiltoncajuhy.com.br\/site\/wp-content\/uploads\/2018\/11\/colnago.jpg\"><img data-recalc-dims=\"1\" fetchpriority=\"high\" decoding=\"async\" class=\"wp-image-29203\" src=\"https:\/\/i0.wp.com\/blogdoeloiltoncajuhy.com.br\/site\/wp-content\/uploads\/2018\/11\/colnago.jpg?resize=800%2C528\" alt=\"\" width=\"800\" height=\"528\" srcset=\"https:\/\/i0.wp.com\/blogdoeloiltoncajuhy.com.br\/site\/wp-content\/uploads\/2018\/11\/colnago.jpg?w=984&amp;ssl=1 984w, https:\/\/i0.wp.com\/blogdoeloiltoncajuhy.com.br\/site\/wp-content\/uploads\/2018\/11\/colnago.jpg?resize=300%2C198&amp;ssl=1 300w, https:\/\/i0.wp.com\/blogdoeloiltoncajuhy.com.br\/site\/wp-content\/uploads\/2018\/11\/colnago.jpg?resize=768%2C507&amp;ssl=1 768w, https:\/\/i0.wp.com\/blogdoeloiltoncajuhy.com.br\/site\/wp-content\/uploads\/2018\/11\/colnago.jpg?resize=250%2C165&amp;ssl=1 250w\" sizes=\"(max-width: 800px) 100vw, 800px\" \/><\/a><figcaption id=\"caption-attachment-29203\" class=\"wp-caption-text\">O ministro do Planejamento, Esteves Colnago, durante audi\u00eancia na Comiss\u00e3o de Or\u00e7amento do Congresso \u2014 Foto: Marcos Oliveira\/Ag\u00eancia Senado<\/figcaption><\/figure>\n<p>O ministro do Planejamento, Esteves Colnago, afirmou nesta ter\u00e7a-feira (13) que o sal\u00e1rio m\u00ednimo pode ficar acima dos R$ 1.006 previstos para o ano que vem. Atualmente, o sal\u00e1rio m\u00ednimo \u00e9 de R$ 954.<\/p>\n<p>O valor foi apresentado em 31 de agosto, quando o governo enviou ao Congresso Nacional a proposta de or\u00e7amento de 2019.\u00a0O c\u00e1lculo do sal\u00e1rio m\u00ednimo leva em conta, entre outros pontos, o \u00cdndice Nacional de Pre\u00e7os ao Consumidor (INPC), que dever\u00e1 ficar acima do previsto pelo governo inicialmente.\u00a0Na pr\u00e1tica, se o INPC for maior, o sal\u00e1rio m\u00ednimo tamb\u00e9m aumentar\u00e1.<\/p>\n<p>&#8220;<em>A gente tem uma perspectiva de que o valor do INPC venha um pouco maior do que aquilo que a gente estipulou<\/em>&#8220;, afirmou Colnago nesta ter\u00e7a-feira ao participar de uma audi\u00eancia p\u00fablica na Comiss\u00e3o Mista de Or\u00e7amento (CMO) do Congresso Nacional.\u00a0Se confirmado o aumento, esta ser\u00e1 a primeira vez que o sal\u00e1rio m\u00ednimo ficar\u00e1 acima da marca de R$ 1 mil.<\/p>\n<p>De acordo com o ministro, cada R$ 1 a mais no sal\u00e1rio m\u00ednimo representa R$ 304 milh\u00f5es em gastos p\u00fablicos. Isso porque os benef\u00edcios pagos pelo Instituto Nacional do Seguro Social (INSS) aos aposentados n\u00e3o podem ser menores do que um sal\u00e1rio m\u00ednimo.<\/p>\n<h4>F\u00f3rmula do sal\u00e1rio m\u00ednimo<\/h4>\n<p>O reajuste do sal\u00e1rio m\u00ednimo obedece a uma f\u00f3rmula que leva em considera\u00e7\u00e3o o resultado do Produto Interno Bruto (PIB) de dois anos antes e a varia\u00e7\u00e3o do INPC do ano anterior.<\/p>\n<p>Para o sal\u00e1rio m\u00ednimo de 2019, portanto, a f\u00f3rmula determina a soma do resultado do PIB de 2017 (alta de 1%) e o INPC de 2018. Como s\u00f3 ser\u00e1 poss\u00edvel saber no in\u00edcio do ano que vem a varia\u00e7\u00e3o do INPC de 2018, o governo usa uma previs\u00e3o para propor o aumento.<\/p>\n<p>Al\u00e9m da infla\u00e7\u00e3o e do resultado do PIB, no reajuste do m\u00ednimo de 2019 est\u00e1 embutido uma compensa\u00e7\u00e3o pelo reajuste do m\u00ednimo deste ano, que ficou abaixo da infla\u00e7\u00e3o medida pelo INPC.<\/p>\n<p>Este \u00e9 o \u00faltimo ano de validade da atual f\u00f3rmula de corre\u00e7\u00e3o do m\u00ednimo, que come\u00e7ou a valer em 2012. O pr\u00f3ximo presidente da Rep\u00fablica, Jair Bolsonaro, ainda n\u00e3o informou qual ser\u00e1 sua proposta para o sal\u00e1rio m\u00ednimo de 2020 em diante.<\/p>\n<h4>Bolsa Fam\u00edlia<\/h4>\n<p>Na audi\u00eancia p\u00fablica no Congresso Nacional, o ministro do Planejamento tamb\u00e9m informou que o or\u00e7amento do Bolsa Fam\u00edlia para o ano de 2019 ainda n\u00e3o foi recomposto, apesar de determina\u00e7\u00e3o do presidente Michel Temer.\u00a0&#8220;<em>Estamos trabalhando nisso. At\u00e9 hoje, n\u00e3o achamos o espa\u00e7o [no or\u00e7amento]<\/em>&#8220;, declarou Colnago a parlamentares.<\/p>\n<p>O governo enviou no final de agosto ao Congresso Nacional uma proposta de or\u00e7amento de 2019 contendo autoriza\u00e7\u00e3o para gastos de R$ 15 bilh\u00f5es com o programa no pr\u00f3ximo ano, mas as necessidades do programa s\u00e3o de R$ 30 bilh\u00f5es. O Bolsa Fam\u00edlia atende 13,9 milh\u00f5es de fam\u00edlias de baixa renda.<\/p>\n<p>Para que a dota\u00e7\u00e3o fosse recomposta, teria de ser enviada uma mensagem modificativa ao Legislativo &#8211; o que ainda n\u00e3o aconteceu.<\/p>\n<p>Os recursos do Bolsa Fam\u00edlia e de outros programas foram bloqueados para que a chamada &#8220;<em>regra de ouro<\/em>&#8221; n\u00e3o seja descumprida. Os desequil\u00edbrios da regra de ouro em 2019 est\u00e3o estimados pelo governo, na pe\u00e7a or\u00e7ament\u00e1ria, em R$ 258,17 bilh\u00f5es. Se a regra de ouro for descumprida, o presidente em exerc\u00edcio pode incorrer em crime de responsabilidade.<\/p>\n<p>Essa regra impede que o governo contraia d\u00edvida para cobrir despesas correntes, como o pagamento de sal\u00e1rio de servidores. A lei admite que o governo se endivide apenas para fazer investimentos, que podem depois se refletir em crescimento da economia e em aumento da arrecada\u00e7\u00e3o.<\/p>\n<p>Por isso, al\u00e9m de n\u00e3o autorizar R$ 15 bilh\u00f5es para o Bolsa Fam\u00edlia, tamb\u00e9m n\u00e3o foram liberados para gastos R$ 201,705 bilh\u00f5es em benef\u00edcios previdenci\u00e1rios e R$ 30 bilh\u00f5es do Benef\u00edcio de Presta\u00e7\u00e3o Continuada (BPC) &#8211; pagamento de um sal\u00e1rio m\u00ednimo mensal \u00e0 pessoa com defici\u00eancia e ao idoso com 65 anos ou mais que comprovem n\u00e3o possuir meios de prover a pr\u00f3pria manuten\u00e7\u00e3o, nem de t\u00ea-la provida por sua fam\u00edlia.<\/p>\n<p>Al\u00e9m disso, tamb\u00e9m n\u00e3o est\u00e3o autorizados o pagamento de R$ 9 bilh\u00f5es em subs\u00eddios e subven\u00e7\u00f5es econ\u00f4micas e R$ 2,474 bilh\u00f5es para Compensa\u00e7\u00e3o ao Fundo do Regime Geral de Previd\u00eancia Social.<\/p>\n<p><em><strong>*Por Alexandro Martello, G1 \u2014 Bras\u00edlia<\/strong><\/em><\/p>\n","protected":false},"excerpt":{"rendered":"<p>Segundo Esteves Colnago, \u00edndice usado no c\u00e1lculo do sal\u00e1rio m\u00ednimo deve ficar acima do previsto inicialmente pelo governo, o que elevaria, portanto, o sal\u00e1rio m\u00ednimo do ano que vem O ministro do Planejamento, Esteves Colnago, afirmou nesta ter\u00e7a-feira (13) que o sal\u00e1rio m\u00ednimo pode ficar acima dos R$ 1.006 previstos para o ano que vem. [&hellip;]<\/p>\n","protected":false},"author":2,"featured_media":29203,"comment_status":"open","ping_status":"open","sticky":false,"template":"","format":"standard","meta":{"_acf_changed":false,"_monsterinsights_skip_tracking":false,"_monsterinsights_sitenote_active":false,"_monsterinsights_sitenote_note":"","_monsterinsights_sitenote_category":0,"_jetpack_memberships_contains_paid_content":false,"footnotes":"","jetpack_publicize_message":"","jetpack_publicize_feature_enabled":true,"jetpack_social_post_already_shared":true,"jetpack_social_options":{"image_generator_settings":{"template":"highway","default_image_id":0,"font":"","enabled":false},"version":2}},"categories":[5,1,3],"tags":[],"class_list":["post-29201","post","type-post","status-publish","format-standard","has-post-thumbnail","hentry","category-cotidiano","category-noticias","category-politica"],"acf":[],"jetpack_publicize_connections":[],"jetpack_featured_media_url":"https:\/\/i0.wp.com\/blogdoeloiltoncajuhy.com.br\/site\/wp-content\/uploads\/2018\/11\/colnago.jpg?fit=984%2C649&ssl=1","jetpack_sharing_enabled":true,"publishpress_future_workflow_manual_trigger":{"enabledWorkflows":[]},"_links":{"self":[{"href":"https:\/\/blogdoeloiltoncajuhy.com.br\/site\/wp-json\/wp\/v2\/posts\/29201","targetHints":{"allow":["GET"]}}],"collection":[{"href":"https:\/\/blogdoeloiltoncajuhy.com.br\/site\/wp-json\/wp\/v2\/posts"}],"about":[{"href":"https:\/\/blogdoeloiltoncajuhy.com.br\/site\/wp-json\/wp\/v2\/types\/post"}],"author":[{"embeddable":true,"href":"https:\/\/blogdoeloiltoncajuhy.com.br\/site\/wp-json\/wp\/v2\/users\/2"}],"replies":[{"embeddable":true,"href":"https:\/\/blogdoeloiltoncajuhy.com.br\/site\/wp-json\/wp\/v2\/comments?post=29201"}],"version-history":[{"count":2,"href":"https:\/\/blogdoeloiltoncajuhy.com.br\/site\/wp-json\/wp\/v2\/posts\/29201\/revisions"}],"predecessor-version":[{"id":29204,"href":"https:\/\/blogdoeloiltoncajuhy.com.br\/site\/wp-json\/wp\/v2\/posts\/29201\/revisions\/29204"}],"wp:featuredmedia":[{"embeddable":true,"href":"https:\/\/blogdoeloiltoncajuhy.com.br\/site\/wp-json\/wp\/v2\/media\/29203"}],"wp:attachment":[{"href":"https:\/\/blogdoeloiltoncajuhy.com.br\/site\/wp-json\/wp\/v2\/media?parent=29201"}],"wp:term":[{"taxonomy":"category","embeddable":true,"href":"https:\/\/blogdoeloiltoncajuhy.com.br\/site\/wp-json\/wp\/v2\/categories?post=29201"},{"taxonomy":"post_tag","embeddable":true,"href":"https:\/\/blogdoeloiltoncajuhy.com.br\/site\/wp-json\/wp\/v2\/tags?post=29201"}],"curies":[{"name":"wp","href":"https:\/\/api.w.org\/{rel}","templated":true}]}}