{"id":29193,"date":"2018-11-13T20:33:28","date_gmt":"2018-11-13T23:33:28","guid":{"rendered":"http:\/\/blogdoeloiltoncajuhy.com.br\/site\/?p=29193"},"modified":"2018-11-13T20:33:28","modified_gmt":"2018-11-13T23:33:28","slug":"contra-o-ceara-bahia-vai-homenagear-personalidades-negras-nas-camisas","status":"publish","type":"post","link":"https:\/\/blogdoeloiltoncajuhy.com.br\/site\/contra-o-ceara-bahia-vai-homenagear-personalidades-negras-nas-camisas\/","title":{"rendered":"Contra o Cear\u00e1, Bahia vai homenagear personalidades negras nas camisas"},"content":{"rendered":"<p style=\"text-align: left;\"><em><strong>*Bahia Not\u00edcias<\/strong><\/em><\/p>\n<figure id=\"attachment_29194\" aria-describedby=\"caption-attachment-29194\" style=\"width: 480px\" class=\"wp-caption aligncenter\"><a href=\"https:\/\/i0.wp.com\/blogdoeloiltoncajuhy.com.br\/site\/wp-content\/uploads\/2018\/11\/bahia-homenagem_1.jpg\"><img data-recalc-dims=\"1\" fetchpriority=\"high\" decoding=\"async\" class=\"wp-image-29194\" src=\"https:\/\/i0.wp.com\/blogdoeloiltoncajuhy.com.br\/site\/wp-content\/uploads\/2018\/11\/bahia-homenagem_1.jpg?resize=480%2C354\" alt=\"\" width=\"480\" height=\"354\" srcset=\"https:\/\/i0.wp.com\/blogdoeloiltoncajuhy.com.br\/site\/wp-content\/uploads\/2018\/11\/bahia-homenagem_1.jpg?w=380&amp;ssl=1 380w, https:\/\/i0.wp.com\/blogdoeloiltoncajuhy.com.br\/site\/wp-content\/uploads\/2018\/11\/bahia-homenagem_1.jpg?resize=300%2C221&amp;ssl=1 300w, https:\/\/i0.wp.com\/blogdoeloiltoncajuhy.com.br\/site\/wp-content\/uploads\/2018\/11\/bahia-homenagem_1.jpg?resize=250%2C184&amp;ssl=1 250w\" sizes=\"(max-width: 480px) 100vw, 480px\" \/><\/a><figcaption id=\"caption-attachment-29194\" class=\"wp-caption-text\">Foto: Divulga\u00e7\u00e3o \/ EC Bahia<\/figcaption><\/figure>\n<p>Depois de homenagear grandes nomes negros j\u00e1 falecidos no jogo contra a Chapecoense, o Bahia ir\u00e1 estampar nomes de not\u00e1veis vivos na partida desta quarta-feira (14), contra o Cear\u00e1, pela 34\u00aa rodada do Brasileir\u00e3o. A a\u00e7\u00e3o d\u00e1 continuidade \u00e0s a\u00e7\u00f5es relacionadas ao novembro, m\u00eas da consci\u00eancia negra.<\/p>\n<p>Em comunicado divulgado nesta ter\u00e7a-feira (13), o clube indicou que todos os homenageados, com uma exce\u00e7\u00e3o que mora na Bahia, s\u00e3o baianos.<\/p>\n<p>Os 23 escolhidos s\u00e3o os seguintes: Gilberto Gil, M\u00e3e Stella, Riach\u00e3o, Rita Batista, Ant\u00f4nio Pitanga, Ala\u00edde do Feij\u00e3o, Bule-Bule, Virg\u00ednia Rodrigues, Lazzo Matumbi, Makota Valdina, Jo\u00e3o Jorge do Olodum, Tia M\u00e1, Jorge Washington, Major Denice, Kabengele Munanga, Vilma Reis, Gabi Guedes, Valdineia Soriano, Mateus Aleluia, Dona Dalva do Samba, Reginaldo Holyfield, M\u00e3e Jaciara e Creuza Oliveira.<\/p>\n<p>Todos os nomes estar\u00e3o nas camisas dos jogadores do Esquadr\u00e3o de A\u00e7o e o clube divulgou uma escala\u00e7\u00e3o com os homenageados.<\/p>\n<p><strong>Confira:<\/strong><\/p>\n<figure id=\"attachment_29195\" aria-describedby=\"caption-attachment-29195\" style=\"width: 900px\" class=\"wp-caption aligncenter\"><a href=\"https:\/\/i0.wp.com\/blogdoeloiltoncajuhy.com.br\/site\/wp-content\/uploads\/2018\/11\/bahia-homenagem_2.jpg\"><img data-recalc-dims=\"1\" decoding=\"async\" class=\"wp-image-29195\" src=\"https:\/\/i0.wp.com\/blogdoeloiltoncajuhy.com.br\/site\/wp-content\/uploads\/2018\/11\/bahia-homenagem_2.jpg?resize=800%2C800\" alt=\"\" width=\"800\" height=\"800\" srcset=\"https:\/\/i0.wp.com\/blogdoeloiltoncajuhy.com.br\/site\/wp-content\/uploads\/2018\/11\/bahia-homenagem_2.jpg?w=1024&amp;ssl=1 1024w, https:\/\/i0.wp.com\/blogdoeloiltoncajuhy.com.br\/site\/wp-content\/uploads\/2018\/11\/bahia-homenagem_2.jpg?resize=150%2C150&amp;ssl=1 150w, https:\/\/i0.wp.com\/blogdoeloiltoncajuhy.com.br\/site\/wp-content\/uploads\/2018\/11\/bahia-homenagem_2.jpg?resize=300%2C300&amp;ssl=1 300w, https:\/\/i0.wp.com\/blogdoeloiltoncajuhy.com.br\/site\/wp-content\/uploads\/2018\/11\/bahia-homenagem_2.jpg?resize=768%2C768&amp;ssl=1 768w, https:\/\/i0.wp.com\/blogdoeloiltoncajuhy.com.br\/site\/wp-content\/uploads\/2018\/11\/bahia-homenagem_2.jpg?resize=250%2C250&amp;ssl=1 250w, https:\/\/i0.wp.com\/blogdoeloiltoncajuhy.com.br\/site\/wp-content\/uploads\/2018\/11\/bahia-homenagem_2.jpg?resize=48%2C48&amp;ssl=1 48w\" sizes=\"(max-width: 800px) 100vw, 800px\" \/><\/a><figcaption id=\"caption-attachment-29195\" class=\"wp-caption-text\">Foto: Divulga\u00e7\u00e3o \/ EC Bahia<\/figcaption><\/figure>\n","protected":false},"excerpt":{"rendered":"<p>*Bahia Not\u00edcias Depois de homenagear grandes nomes negros j\u00e1 falecidos no jogo contra a Chapecoense, o Bahia ir\u00e1 estampar nomes de not\u00e1veis vivos na partida desta quarta-feira (14), contra o Cear\u00e1, pela 34\u00aa rodada do Brasileir\u00e3o. A a\u00e7\u00e3o d\u00e1 continuidade \u00e0s a\u00e7\u00f5es relacionadas ao novembro, m\u00eas da consci\u00eancia negra. Em comunicado divulgado nesta ter\u00e7a-feira (13), [&hellip;]<\/p>\n","protected":false},"author":2,"featured_media":29195,"comment_status":"open","ping_status":"open","sticky":false,"template":"","format":"standard","meta":{"_acf_changed":false,"_monsterinsights_skip_tracking":false,"_monsterinsights_sitenote_active":false,"_monsterinsights_sitenote_note":"","_monsterinsights_sitenote_category":0,"_jetpack_memberships_contains_paid_content":false,"footnotes":"","jetpack_publicize_message":"","jetpack_publicize_feature_enabled":true,"jetpack_social_post_already_shared":true,"jetpack_social_options":{"image_generator_settings":{"template":"highway","default_image_id":0,"font":"","enabled":false},"version":2}},"categories":[8,6,1],"tags":[],"class_list":["post-29193","post","type-post","status-publish","format-standard","has-post-thumbnail","hentry","category-cultura","category-esportes","category-noticias"],"acf":[],"jetpack_publicize_connections":[],"jetpack_featured_media_url":"https:\/\/i0.wp.com\/blogdoeloiltoncajuhy.com.br\/site\/wp-content\/uploads\/2018\/11\/bahia-homenagem_2.jpg?fit=1024%2C1024&ssl=1","jetpack_sharing_enabled":true,"publishpress_future_workflow_manual_trigger":{"enabledWorkflows":[]},"_links":{"self":[{"href":"https:\/\/blogdoeloiltoncajuhy.com.br\/site\/wp-json\/wp\/v2\/posts\/29193","targetHints":{"allow":["GET"]}}],"collection":[{"href":"https:\/\/blogdoeloiltoncajuhy.com.br\/site\/wp-json\/wp\/v2\/posts"}],"about":[{"href":"https:\/\/blogdoeloiltoncajuhy.com.br\/site\/wp-json\/wp\/v2\/types\/post"}],"author":[{"embeddable":true,"href":"https:\/\/blogdoeloiltoncajuhy.com.br\/site\/wp-json\/wp\/v2\/users\/2"}],"replies":[{"embeddable":true,"href":"https:\/\/blogdoeloiltoncajuhy.com.br\/site\/wp-json\/wp\/v2\/comments?post=29193"}],"version-history":[{"count":1,"href":"https:\/\/blogdoeloiltoncajuhy.com.br\/site\/wp-json\/wp\/v2\/posts\/29193\/revisions"}],"predecessor-version":[{"id":29196,"href":"https:\/\/blogdoeloiltoncajuhy.com.br\/site\/wp-json\/wp\/v2\/posts\/29193\/revisions\/29196"}],"wp:featuredmedia":[{"embeddable":true,"href":"https:\/\/blogdoeloiltoncajuhy.com.br\/site\/wp-json\/wp\/v2\/media\/29195"}],"wp:attachment":[{"href":"https:\/\/blogdoeloiltoncajuhy.com.br\/site\/wp-json\/wp\/v2\/media?parent=29193"}],"wp:term":[{"taxonomy":"category","embeddable":true,"href":"https:\/\/blogdoeloiltoncajuhy.com.br\/site\/wp-json\/wp\/v2\/categories?post=29193"},{"taxonomy":"post_tag","embeddable":true,"href":"https:\/\/blogdoeloiltoncajuhy.com.br\/site\/wp-json\/wp\/v2\/tags?post=29193"}],"curies":[{"name":"wp","href":"https:\/\/api.w.org\/{rel}","templated":true}]}}