{"id":29190,"date":"2018-11-13T20:25:59","date_gmt":"2018-11-13T23:25:59","guid":{"rendered":"http:\/\/blogdoeloiltoncajuhy.com.br\/site\/?p=29190"},"modified":"2018-11-13T20:25:59","modified_gmt":"2018-11-13T23:25:59","slug":"estudante-da-uneb-e-assessor-parlamentar-jovem-de-28-anos-e-assassinado-a-tiros-em-salvador","status":"publish","type":"post","link":"https:\/\/blogdoeloiltoncajuhy.com.br\/site\/estudante-da-uneb-e-assessor-parlamentar-jovem-de-28-anos-e-assassinado-a-tiros-em-salvador\/","title":{"rendered":"Estudante da Uneb e assessor parlamentar, jovem de 28 anos \u00e9 assassinado a tiros em Salvador"},"content":{"rendered":"<h5 style=\"text-align: center;\"><em>V\u00edtima foi abordada por dois homens em moto, no bairro de Narandiba. Ainda n\u00e3o h\u00e1 informa\u00e7\u00f5es sobre autoria e motiva\u00e7\u00e3o do crime<\/em><\/h5>\n<figure id=\"attachment_29191\" aria-describedby=\"caption-attachment-29191\" style=\"width: 984px\" class=\"wp-caption aligncenter\"><a href=\"https:\/\/i0.wp.com\/blogdoeloiltoncajuhy.com.br\/site\/wp-content\/uploads\/2018\/11\/jerrian.jpg\"><img data-recalc-dims=\"1\" fetchpriority=\"high\" decoding=\"async\" class=\"wp-image-29191 size-full\" src=\"https:\/\/i0.wp.com\/blogdoeloiltoncajuhy.com.br\/site\/wp-content\/uploads\/2018\/11\/jerrian.jpg?resize=800%2C437\" alt=\"\" width=\"800\" height=\"437\" srcset=\"https:\/\/i0.wp.com\/blogdoeloiltoncajuhy.com.br\/site\/wp-content\/uploads\/2018\/11\/jerrian.jpg?w=984&amp;ssl=1 984w, https:\/\/i0.wp.com\/blogdoeloiltoncajuhy.com.br\/site\/wp-content\/uploads\/2018\/11\/jerrian.jpg?resize=300%2C164&amp;ssl=1 300w, https:\/\/i0.wp.com\/blogdoeloiltoncajuhy.com.br\/site\/wp-content\/uploads\/2018\/11\/jerrian.jpg?resize=768%2C419&amp;ssl=1 768w, https:\/\/i0.wp.com\/blogdoeloiltoncajuhy.com.br\/site\/wp-content\/uploads\/2018\/11\/jerrian.jpg?resize=250%2C136&amp;ssl=1 250w\" sizes=\"(max-width: 800px) 100vw, 800px\" \/><\/a><figcaption id=\"caption-attachment-29191\" class=\"wp-caption-text\">Jovem foi morto a tiros por homens em moto em Salvador \u2014 Foto: Reprodu\u00e7\u00e3o\/Facebook<\/figcaption><\/figure>\n<p>Um jovem de 28 anos que era estudante de Ci\u00eancias Sociais da Universidade Estadual da Bahia (Uneb) e assessor parlamentar da deputada estadual Ivana Bastos (PSD) foi assassinado a tiros em Salvador.<\/p>\n<p><strong>Jarrian Cunha Silva<\/strong> foi abordado por dois homens em uma moto quando passava pela Avenida Edgar Santos, no bairro de Narandiba. O crime ocorreu por volta das 19h de segunda-feira (12), nas imedia\u00e7\u00f5es da ladeira que d\u00e1 acesso ao bairro Cabula VI.<\/p>\n<p>Ainda n\u00e3o h\u00e1 informa\u00e7\u00f5es sobre a autoria e motiva\u00e7\u00e3o do crime, que, segundo a Pol\u00edcia Civil, est\u00e1 sendo investigado pela 2\u00aa Delegacia de Homic\u00eddios (DH\/Central), do Departamento de Homic\u00eddios e Prote\u00e7\u00e3o \u00e0 Pessoa (DHPP).<\/p>\n<p>Nas redes sociais, amigos da v\u00edtima lamentaram o crime.\u00a0&#8220;<em>Porque vc se foi t\u00e3o cedo amigo? Tantos sonhos e um futuro brilhante enterrados pela viol\u00eancia e pela inseguran\u00e7a!<\/em>&#8220;, postou um internauta.<\/p>\n<p>Outro conhecido da v\u00edtima disse que ele tinha planos para entrar para a pol\u00edtica. &#8220;<em>De forma covarde\u00a0foi assassinado ap\u00f3s ser v\u00edtima de um suposto assalto, que tem suspeitas de execu\u00e7\u00e3o em Salvador<\/em>&#8220;, destacou.<\/p>\n<p>At\u00e9 por volta das 18h30 desta ter\u00e7a-feira (13), o corpo da v\u00edtima permanecia no Departamento de Pol\u00edcia T\u00e9cnica (DPT) de Salvador. Ainda n\u00e3o h\u00e1 informa\u00e7\u00f5es sobre data e local de vel\u00f3rio e sepultamento do jovem, que era natural da cidade de Boninal, na Chapada Diamantina, mas que residia em Salvador.<\/p>\n<p>O <strong>G1<\/strong> entrou em contato com o gabinete da deputada Ivana Bastos e foi informado que ela est\u00e1 em uma viagem \u00e0 China. O partido da deputada emitiu uma nota nas redes sociais em que lamenta a morte do jovem.<\/p>\n<p><em><strong>*Por Alan Tiago Alves, G1 BA<\/strong><\/em><\/p>\n","protected":false},"excerpt":{"rendered":"<p>V\u00edtima foi abordada por dois homens em moto, no bairro de Narandiba. Ainda n\u00e3o h\u00e1 informa\u00e7\u00f5es sobre autoria e motiva\u00e7\u00e3o do crime Um jovem de 28 anos que era estudante de Ci\u00eancias Sociais da Universidade Estadual da Bahia (Uneb) e assessor parlamentar da deputada estadual Ivana Bastos (PSD) foi assassinado a tiros em Salvador. Jarrian [&hellip;]<\/p>\n","protected":false},"author":2,"featured_media":29191,"comment_status":"open","ping_status":"open","sticky":false,"template":"","format":"standard","meta":{"_acf_changed":false,"_monsterinsights_skip_tracking":false,"_monsterinsights_sitenote_active":false,"_monsterinsights_sitenote_note":"","_monsterinsights_sitenote_category":0,"_jetpack_memberships_contains_paid_content":false,"footnotes":"","jetpack_publicize_message":"","jetpack_publicize_feature_enabled":true,"jetpack_social_post_already_shared":true,"jetpack_social_options":{"image_generator_settings":{"template":"highway","default_image_id":0,"font":"","enabled":false},"version":2}},"categories":[5,1],"tags":[],"class_list":["post-29190","post","type-post","status-publish","format-standard","has-post-thumbnail","hentry","category-cotidiano","category-noticias"],"acf":[],"jetpack_publicize_connections":[],"jetpack_featured_media_url":"https:\/\/i0.wp.com\/blogdoeloiltoncajuhy.com.br\/site\/wp-content\/uploads\/2018\/11\/jerrian.jpg?fit=984%2C537&ssl=1","jetpack_sharing_enabled":true,"publishpress_future_workflow_manual_trigger":{"enabledWorkflows":[]},"_links":{"self":[{"href":"https:\/\/blogdoeloiltoncajuhy.com.br\/site\/wp-json\/wp\/v2\/posts\/29190","targetHints":{"allow":["GET"]}}],"collection":[{"href":"https:\/\/blogdoeloiltoncajuhy.com.br\/site\/wp-json\/wp\/v2\/posts"}],"about":[{"href":"https:\/\/blogdoeloiltoncajuhy.com.br\/site\/wp-json\/wp\/v2\/types\/post"}],"author":[{"embeddable":true,"href":"https:\/\/blogdoeloiltoncajuhy.com.br\/site\/wp-json\/wp\/v2\/users\/2"}],"replies":[{"embeddable":true,"href":"https:\/\/blogdoeloiltoncajuhy.com.br\/site\/wp-json\/wp\/v2\/comments?post=29190"}],"version-history":[{"count":1,"href":"https:\/\/blogdoeloiltoncajuhy.com.br\/site\/wp-json\/wp\/v2\/posts\/29190\/revisions"}],"predecessor-version":[{"id":29192,"href":"https:\/\/blogdoeloiltoncajuhy.com.br\/site\/wp-json\/wp\/v2\/posts\/29190\/revisions\/29192"}],"wp:featuredmedia":[{"embeddable":true,"href":"https:\/\/blogdoeloiltoncajuhy.com.br\/site\/wp-json\/wp\/v2\/media\/29191"}],"wp:attachment":[{"href":"https:\/\/blogdoeloiltoncajuhy.com.br\/site\/wp-json\/wp\/v2\/media?parent=29190"}],"wp:term":[{"taxonomy":"category","embeddable":true,"href":"https:\/\/blogdoeloiltoncajuhy.com.br\/site\/wp-json\/wp\/v2\/categories?post=29190"},{"taxonomy":"post_tag","embeddable":true,"href":"https:\/\/blogdoeloiltoncajuhy.com.br\/site\/wp-json\/wp\/v2\/tags?post=29190"}],"curies":[{"name":"wp","href":"https:\/\/api.w.org\/{rel}","templated":true}]}}