{"id":29179,"date":"2018-11-13T09:49:19","date_gmt":"2018-11-13T12:49:19","guid":{"rendered":"http:\/\/blogdoeloiltoncajuhy.com.br\/site\/?p=29179"},"modified":"2018-11-13T09:49:19","modified_gmt":"2018-11-13T12:49:19","slug":"prefeitura-de-andorinha-realiza-com-sucesso-conferencia-voltada-a-criancas-e-adolescentes","status":"publish","type":"post","link":"https:\/\/blogdoeloiltoncajuhy.com.br\/site\/prefeitura-de-andorinha-realiza-com-sucesso-conferencia-voltada-a-criancas-e-adolescentes\/","title":{"rendered":"Prefeitura de Andorinha realiza, com sucesso, confer\u00eancia voltada a crian\u00e7as e adolescentes"},"content":{"rendered":"<p><a href=\"https:\/\/i0.wp.com\/blogdoeloiltoncajuhy.com.br\/site\/wp-content\/uploads\/2018\/11\/evento-crianca-adolescente_01.png\"><img data-recalc-dims=\"1\" fetchpriority=\"high\" decoding=\"async\" class=\"aligncenter size-full wp-image-29180\" src=\"https:\/\/i0.wp.com\/blogdoeloiltoncajuhy.com.br\/site\/wp-content\/uploads\/2018\/11\/evento-crianca-adolescente_01.png?resize=798%2C547\" alt=\"\" width=\"798\" height=\"547\" srcset=\"https:\/\/i0.wp.com\/blogdoeloiltoncajuhy.com.br\/site\/wp-content\/uploads\/2018\/11\/evento-crianca-adolescente_01.png?w=798&amp;ssl=1 798w, https:\/\/i0.wp.com\/blogdoeloiltoncajuhy.com.br\/site\/wp-content\/uploads\/2018\/11\/evento-crianca-adolescente_01.png?resize=300%2C206&amp;ssl=1 300w, https:\/\/i0.wp.com\/blogdoeloiltoncajuhy.com.br\/site\/wp-content\/uploads\/2018\/11\/evento-crianca-adolescente_01.png?resize=768%2C526&amp;ssl=1 768w, https:\/\/i0.wp.com\/blogdoeloiltoncajuhy.com.br\/site\/wp-content\/uploads\/2018\/11\/evento-crianca-adolescente_01.png?resize=250%2C171&amp;ssl=1 250w\" sizes=\"(max-width: 798px) 100vw, 798px\" \/><\/a>Aconteceu na \u00faltima quinta-feira, 8 de novembro, no Col\u00e9gio Jonival Lucas, a 6\u00aa Conferencia Municipal dos Direitos da Crian\u00e7a e do Adolescente. O evento foi realizado pela Secretaria Municipal de Assist\u00eancia Social em parceria com o Conselho Municipal dos Direitos da Crian\u00e7a e do Adolescente\u00a0<span style=\"color: #333333; font-style: normal; font-weight: 300;\">(CMDCA)<\/span><span style=\"font-weight: 300;\">, e teve como tema esse ano: <em><strong>Prote\u00e7\u00e3o Integral, Diversidade e Enfrentamento das Viol\u00eancias<\/strong><\/em>.<\/span><\/p>\n<p>O evento teve como palestrante Normando Batista Santos, graduado em filosofia, especialista em administra\u00e7\u00e3o p\u00fablica e planejamento educacional, ex- conselheiro do Conselho Nacional do Direitos da Crian\u00e7a e do Adolescente (Comanda), ex-secret\u00e1rio executivo e conselheiro do Conselho Estadual da Crian\u00e7a e Adolescente (Ceca), ex-conselheiro-presidente do Conselho Municipal dos Direitos da Crian\u00e7a e Adolescente de Salvador.<\/p>\n<p><a href=\"https:\/\/i0.wp.com\/blogdoeloiltoncajuhy.com.br\/site\/wp-content\/uploads\/2018\/11\/evento-crianca-adolescente_02.png\"><img data-recalc-dims=\"1\" decoding=\"async\" class=\"aligncenter size-full wp-image-29181\" src=\"https:\/\/i0.wp.com\/blogdoeloiltoncajuhy.com.br\/site\/wp-content\/uploads\/2018\/11\/evento-crianca-adolescente_02.png?resize=799%2C533\" alt=\"\" width=\"799\" height=\"533\" srcset=\"https:\/\/i0.wp.com\/blogdoeloiltoncajuhy.com.br\/site\/wp-content\/uploads\/2018\/11\/evento-crianca-adolescente_02.png?w=799&amp;ssl=1 799w, https:\/\/i0.wp.com\/blogdoeloiltoncajuhy.com.br\/site\/wp-content\/uploads\/2018\/11\/evento-crianca-adolescente_02.png?resize=300%2C200&amp;ssl=1 300w, https:\/\/i0.wp.com\/blogdoeloiltoncajuhy.com.br\/site\/wp-content\/uploads\/2018\/11\/evento-crianca-adolescente_02.png?resize=768%2C512&amp;ssl=1 768w, https:\/\/i0.wp.com\/blogdoeloiltoncajuhy.com.br\/site\/wp-content\/uploads\/2018\/11\/evento-crianca-adolescente_02.png?resize=250%2C167&amp;ssl=1 250w\" sizes=\"(max-width: 799px) 100vw, 799px\" \/><\/a>O encontro, que foi marcado pela forte presen\u00e7a de crian\u00e7as e adolescentes, contou com a participa\u00e7\u00e3o do vice-prefeito, Jos\u00e9 Vitor Soares, da secret\u00e1ria de Assist\u00eancia Social, Maria Helena, da secret\u00e1ria de Educa\u00e7\u00e3o, Lurdineia Guimar\u00e3es, do presidente do CMDCA, Joilson Rafael Neves Batista, do secret\u00e1rio de Administra\u00e7\u00e3o, Adilberto Evangelista, do secret\u00e1rio de Sa\u00fade, Pablo Campos, do secret\u00e1rio de Cultura, Esporte e Turismo, Reis Carlos, do secret\u00e1rio de Infraestrutura, Carlos Andr\u00e9, do secret\u00e1rio de Finan\u00e7as, Louren\u00e7o Duarte, da Chefe de Gabinete, Auzineide Nunes, entre outros.<\/p>\n<p><em><strong>*Ascom Prefeitura Municipal de Andorinha-BA<\/strong><\/em><\/p>\n","protected":false},"excerpt":{"rendered":"<p>Aconteceu na \u00faltima quinta-feira, 8 de novembro, no Col\u00e9gio Jonival Lucas, a 6\u00aa Conferencia Municipal dos Direitos da Crian\u00e7a e do Adolescente. O evento foi realizado pela Secretaria Municipal de Assist\u00eancia Social em parceria com o Conselho Municipal dos Direitos da Crian\u00e7a e do Adolescente\u00a0(CMDCA), e teve como tema esse ano: Prote\u00e7\u00e3o Integral, Diversidade e [&hellip;]<\/p>\n","protected":false},"author":2,"featured_media":29181,"comment_status":"open","ping_status":"open","sticky":false,"template":"","format":"standard","meta":{"_acf_changed":false,"_monsterinsights_skip_tracking":false,"_monsterinsights_sitenote_active":false,"_monsterinsights_sitenote_note":"","_monsterinsights_sitenote_category":0,"_jetpack_memberships_contains_paid_content":false,"footnotes":"","jetpack_publicize_message":"","jetpack_publicize_feature_enabled":true,"jetpack_social_post_already_shared":true,"jetpack_social_options":{"image_generator_settings":{"template":"highway","default_image_id":0,"font":"","enabled":false},"version":2}},"categories":[1,3,11],"tags":[],"class_list":["post-29179","post","type-post","status-publish","format-standard","has-post-thumbnail","hentry","category-noticias","category-politica","category-regional"],"acf":[],"jetpack_publicize_connections":[],"jetpack_featured_media_url":"https:\/\/i0.wp.com\/blogdoeloiltoncajuhy.com.br\/site\/wp-content\/uploads\/2018\/11\/evento-crianca-adolescente_02.png?fit=799%2C533&ssl=1","jetpack_sharing_enabled":true,"publishpress_future_workflow_manual_trigger":{"enabledWorkflows":[]},"_links":{"self":[{"href":"https:\/\/blogdoeloiltoncajuhy.com.br\/site\/wp-json\/wp\/v2\/posts\/29179","targetHints":{"allow":["GET"]}}],"collection":[{"href":"https:\/\/blogdoeloiltoncajuhy.com.br\/site\/wp-json\/wp\/v2\/posts"}],"about":[{"href":"https:\/\/blogdoeloiltoncajuhy.com.br\/site\/wp-json\/wp\/v2\/types\/post"}],"author":[{"embeddable":true,"href":"https:\/\/blogdoeloiltoncajuhy.com.br\/site\/wp-json\/wp\/v2\/users\/2"}],"replies":[{"embeddable":true,"href":"https:\/\/blogdoeloiltoncajuhy.com.br\/site\/wp-json\/wp\/v2\/comments?post=29179"}],"version-history":[{"count":1,"href":"https:\/\/blogdoeloiltoncajuhy.com.br\/site\/wp-json\/wp\/v2\/posts\/29179\/revisions"}],"predecessor-version":[{"id":29182,"href":"https:\/\/blogdoeloiltoncajuhy.com.br\/site\/wp-json\/wp\/v2\/posts\/29179\/revisions\/29182"}],"wp:featuredmedia":[{"embeddable":true,"href":"https:\/\/blogdoeloiltoncajuhy.com.br\/site\/wp-json\/wp\/v2\/media\/29181"}],"wp:attachment":[{"href":"https:\/\/blogdoeloiltoncajuhy.com.br\/site\/wp-json\/wp\/v2\/media?parent=29179"}],"wp:term":[{"taxonomy":"category","embeddable":true,"href":"https:\/\/blogdoeloiltoncajuhy.com.br\/site\/wp-json\/wp\/v2\/categories?post=29179"},{"taxonomy":"post_tag","embeddable":true,"href":"https:\/\/blogdoeloiltoncajuhy.com.br\/site\/wp-json\/wp\/v2\/tags?post=29179"}],"curies":[{"name":"wp","href":"https:\/\/api.w.org\/{rel}","templated":true}]}}