{"id":29177,"date":"2018-11-13T09:39:16","date_gmt":"2018-11-13T12:39:16","guid":{"rendered":"http:\/\/blogdoeloiltoncajuhy.com.br\/site\/?p=29177"},"modified":"2018-11-13T09:39:16","modified_gmt":"2018-11-13T12:39:16","slug":"bonfim-homem-e-preso-com-maconha-e-duas-motocicletas-sao-recuperadas-pela-pm","status":"publish","type":"post","link":"https:\/\/blogdoeloiltoncajuhy.com.br\/site\/bonfim-homem-e-preso-com-maconha-e-duas-motocicletas-sao-recuperadas-pela-pm\/","title":{"rendered":"BONFIM: Homem \u00e9 preso com maconha e duas motocicletas s\u00e3o recuperadas pela PM"},"content":{"rendered":"<p><a href=\"https:\/\/i0.wp.com\/blogdoeloiltoncajuhy.com.br\/site\/wp-content\/uploads\/2018\/03\/policia_500x400.jpg\"><img data-recalc-dims=\"1\" fetchpriority=\"high\" decoding=\"async\" class=\"aligncenter wp-image-24026\" src=\"https:\/\/i0.wp.com\/blogdoeloiltoncajuhy.com.br\/site\/wp-content\/uploads\/2018\/03\/policia_500x400.jpg?resize=460%2C345\" alt=\"\" width=\"460\" height=\"345\" srcset=\"https:\/\/i0.wp.com\/blogdoeloiltoncajuhy.com.br\/site\/wp-content\/uploads\/2018\/03\/policia_500x400.jpg?w=259&amp;ssl=1 259w, https:\/\/i0.wp.com\/blogdoeloiltoncajuhy.com.br\/site\/wp-content\/uploads\/2018\/03\/policia_500x400.jpg?resize=250%2C187&amp;ssl=1 250w\" sizes=\"(max-width: 460px) 100vw, 460px\" \/><\/a>Por volta das 8h45, desta segunda-feira (12), a guarni\u00e7\u00e3o ROCAM da PM de Bonfim registrou uma ocorr\u00eancia de porte de entorpecente na BR \u2013 407, Km 125, pr\u00f3ximo ao posto de combust\u00edvel Maia, onde o acusado, residente no Buri\u00e1, estava com um pacote de maconha e um cigarro. Ele foi apresentado na Delegacia de pol\u00edcia com o material apreendido. Na Depol foi lavrado o Termo Circunstanciado de Ocorr\u00eancia.<\/p>\n<p><strong>Motocicletas abandonadas<\/strong><\/p>\n<p>Na manh\u00e3 de segunda-feira, 12, a guarni\u00e7\u00e3o da CETO URBANA da PM registrou uma ocorr\u00eancia de ve\u00edculo abandonado na BA 220, Povoado de Coit\u00e9, onde foi encontrada uma motocicleta abandonada: Traxx, preta, licen\u00e7a de Salvador. O ve\u00edculo foi apresentado no P\u00e1tio Rodando Legal.<\/p>\n<p>Por volta das 10h, a guarni\u00e7\u00e3o da CETO URBANA registrou mais uma ocorr\u00eancia de ve\u00edculo abandonado na Rua Olavo Bilac, bairro Umburana, onde foi encontrada uma motocicleta Honda Fan 150, prata, licen\u00e7a de S\u00e3o Paulo. O ve\u00edculo estava com o chassi raspado e foi apresentado na Delegacia de Pol\u00edcia de Senhor do Bonfim.<\/p>\n<p><em><strong>*BLOG DO ELOILTON CAJUHY &#8211; Com informa\u00e7\u00f5es da Ascom \/ 6\u00ba BPM\/Senhor do Bonfim<\/strong><\/em><\/p>\n","protected":false},"excerpt":{"rendered":"<p>Por volta das 8h45, desta segunda-feira (12), a guarni\u00e7\u00e3o ROCAM da PM de Bonfim registrou uma ocorr\u00eancia de porte de entorpecente na BR \u2013 407, Km 125, pr\u00f3ximo ao posto de combust\u00edvel Maia, onde o acusado, residente no Buri\u00e1, estava com um pacote de maconha e um cigarro. Ele foi apresentado na Delegacia de pol\u00edcia [&hellip;]<\/p>\n","protected":false},"author":2,"featured_media":0,"comment_status":"open","ping_status":"open","sticky":false,"template":"","format":"standard","meta":{"_acf_changed":false,"_monsterinsights_skip_tracking":false,"_monsterinsights_sitenote_active":false,"_monsterinsights_sitenote_note":"","_monsterinsights_sitenote_category":0,"_jetpack_memberships_contains_paid_content":false,"footnotes":"","jetpack_publicize_message":"","jetpack_publicize_feature_enabled":true,"jetpack_social_post_already_shared":true,"jetpack_social_options":{"image_generator_settings":{"template":"highway","default_image_id":0,"font":"","enabled":false},"version":2}},"categories":[5,1,4],"tags":[],"class_list":["post-29177","post","type-post","status-publish","format-standard","hentry","category-cotidiano","category-noticias","category-local"],"acf":[],"jetpack_publicize_connections":[],"jetpack_featured_media_url":"","jetpack_sharing_enabled":true,"publishpress_future_workflow_manual_trigger":{"enabledWorkflows":[]},"_links":{"self":[{"href":"https:\/\/blogdoeloiltoncajuhy.com.br\/site\/wp-json\/wp\/v2\/posts\/29177","targetHints":{"allow":["GET"]}}],"collection":[{"href":"https:\/\/blogdoeloiltoncajuhy.com.br\/site\/wp-json\/wp\/v2\/posts"}],"about":[{"href":"https:\/\/blogdoeloiltoncajuhy.com.br\/site\/wp-json\/wp\/v2\/types\/post"}],"author":[{"embeddable":true,"href":"https:\/\/blogdoeloiltoncajuhy.com.br\/site\/wp-json\/wp\/v2\/users\/2"}],"replies":[{"embeddable":true,"href":"https:\/\/blogdoeloiltoncajuhy.com.br\/site\/wp-json\/wp\/v2\/comments?post=29177"}],"version-history":[{"count":1,"href":"https:\/\/blogdoeloiltoncajuhy.com.br\/site\/wp-json\/wp\/v2\/posts\/29177\/revisions"}],"predecessor-version":[{"id":29178,"href":"https:\/\/blogdoeloiltoncajuhy.com.br\/site\/wp-json\/wp\/v2\/posts\/29177\/revisions\/29178"}],"wp:attachment":[{"href":"https:\/\/blogdoeloiltoncajuhy.com.br\/site\/wp-json\/wp\/v2\/media?parent=29177"}],"wp:term":[{"taxonomy":"category","embeddable":true,"href":"https:\/\/blogdoeloiltoncajuhy.com.br\/site\/wp-json\/wp\/v2\/categories?post=29177"},{"taxonomy":"post_tag","embeddable":true,"href":"https:\/\/blogdoeloiltoncajuhy.com.br\/site\/wp-json\/wp\/v2\/tags?post=29177"}],"curies":[{"name":"wp","href":"https:\/\/api.w.org\/{rel}","templated":true}]}}