{"id":29174,"date":"2018-11-13T09:19:43","date_gmt":"2018-11-13T12:19:43","guid":{"rendered":"http:\/\/blogdoeloiltoncajuhy.com.br\/site\/?p=29174"},"modified":"2018-11-13T10:36:22","modified_gmt":"2018-11-13T13:36:22","slug":"evento-elege-miss-e-mister-bonfim-2018-confira","status":"publish","type":"post","link":"https:\/\/blogdoeloiltoncajuhy.com.br\/site\/evento-elege-miss-e-mister-bonfim-2018-confira\/","title":{"rendered":"Evento elege Miss e Mister Bonfim 2018. Confira"},"content":{"rendered":"<p><a href=\"https:\/\/i0.wp.com\/blogdoeloiltoncajuhy.com.br\/site\/wp-content\/uploads\/2018\/11\/mister-e-miss-bonfim-2018.jpg\"><img data-recalc-dims=\"1\" fetchpriority=\"high\" decoding=\"async\" class=\"aligncenter wp-image-29175\" src=\"https:\/\/i0.wp.com\/blogdoeloiltoncajuhy.com.br\/site\/wp-content\/uploads\/2018\/11\/mister-e-miss-bonfim-2018.jpg?resize=306%2C450\" alt=\"\" width=\"306\" height=\"450\" srcset=\"https:\/\/i0.wp.com\/blogdoeloiltoncajuhy.com.br\/site\/wp-content\/uploads\/2018\/11\/mister-e-miss-bonfim-2018.jpg?w=645&amp;ssl=1 645w, https:\/\/i0.wp.com\/blogdoeloiltoncajuhy.com.br\/site\/wp-content\/uploads\/2018\/11\/mister-e-miss-bonfim-2018.jpg?resize=204%2C300&amp;ssl=1 204w, https:\/\/i0.wp.com\/blogdoeloiltoncajuhy.com.br\/site\/wp-content\/uploads\/2018\/11\/mister-e-miss-bonfim-2018.jpg?resize=170%2C250&amp;ssl=1 170w\" sizes=\"(max-width: 306px) 100vw, 306px\" \/><\/a>O Campo Clube Senhor do Bonfim foi palco no \u00faltimo s\u00e1bado (11), de um evento de gala: a elei\u00e7\u00e3o do Mister e Miss Bonfim 2018.<\/p>\n<p>Tendo \u00e0 frente da organiza\u00e7\u00e3o o esteticista e colunista social Beto Esteves, o evento levou o charme e a beleza da juventude bonfinense para o palco do sal\u00e3o de festa do Campo Clube.<\/p>\n<p>No final, foram eleitos <strong>Sabrina Sabino Miss<\/strong> e <strong>Manoel Felipe Mister Bonfim 2018<\/strong>. Os shows musicais empolgaram o grande p\u00fablico que compareceu ao evento.<\/p>\n<p><strong>*BLOG DO ELOILTON CAJUHY<\/strong><\/p>\n","protected":false},"excerpt":{"rendered":"<p>O Campo Clube Senhor do Bonfim foi palco no \u00faltimo s\u00e1bado (11), de um evento de gala: a elei\u00e7\u00e3o do Mister e Miss Bonfim 2018. Tendo \u00e0 frente da organiza\u00e7\u00e3o o esteticista e colunista social Beto Esteves, o evento levou o charme e a beleza da juventude bonfinense para o palco do sal\u00e3o de festa [&hellip;]<\/p>\n","protected":false},"author":2,"featured_media":29175,"comment_status":"open","ping_status":"open","sticky":false,"template":"","format":"standard","meta":{"_acf_changed":false,"_monsterinsights_skip_tracking":false,"_monsterinsights_sitenote_active":false,"_monsterinsights_sitenote_note":"","_monsterinsights_sitenote_category":0,"_jetpack_memberships_contains_paid_content":false,"footnotes":"","jetpack_publicize_message":"","jetpack_publicize_feature_enabled":true,"jetpack_social_post_already_shared":true,"jetpack_social_options":{"image_generator_settings":{"template":"highway","default_image_id":0,"font":"","enabled":false},"version":2}},"categories":[8,1,4],"tags":[],"class_list":["post-29174","post","type-post","status-publish","format-standard","has-post-thumbnail","hentry","category-cultura","category-noticias","category-local"],"acf":[],"jetpack_publicize_connections":[],"jetpack_featured_media_url":"https:\/\/i0.wp.com\/blogdoeloiltoncajuhy.com.br\/site\/wp-content\/uploads\/2018\/11\/mister-e-miss-bonfim-2018.jpg?fit=645%2C950&ssl=1","jetpack_sharing_enabled":true,"publishpress_future_workflow_manual_trigger":{"enabledWorkflows":[]},"_links":{"self":[{"href":"https:\/\/blogdoeloiltoncajuhy.com.br\/site\/wp-json\/wp\/v2\/posts\/29174","targetHints":{"allow":["GET"]}}],"collection":[{"href":"https:\/\/blogdoeloiltoncajuhy.com.br\/site\/wp-json\/wp\/v2\/posts"}],"about":[{"href":"https:\/\/blogdoeloiltoncajuhy.com.br\/site\/wp-json\/wp\/v2\/types\/post"}],"author":[{"embeddable":true,"href":"https:\/\/blogdoeloiltoncajuhy.com.br\/site\/wp-json\/wp\/v2\/users\/2"}],"replies":[{"embeddable":true,"href":"https:\/\/blogdoeloiltoncajuhy.com.br\/site\/wp-json\/wp\/v2\/comments?post=29174"}],"version-history":[{"count":2,"href":"https:\/\/blogdoeloiltoncajuhy.com.br\/site\/wp-json\/wp\/v2\/posts\/29174\/revisions"}],"predecessor-version":[{"id":29186,"href":"https:\/\/blogdoeloiltoncajuhy.com.br\/site\/wp-json\/wp\/v2\/posts\/29174\/revisions\/29186"}],"wp:featuredmedia":[{"embeddable":true,"href":"https:\/\/blogdoeloiltoncajuhy.com.br\/site\/wp-json\/wp\/v2\/media\/29175"}],"wp:attachment":[{"href":"https:\/\/blogdoeloiltoncajuhy.com.br\/site\/wp-json\/wp\/v2\/media?parent=29174"}],"wp:term":[{"taxonomy":"category","embeddable":true,"href":"https:\/\/blogdoeloiltoncajuhy.com.br\/site\/wp-json\/wp\/v2\/categories?post=29174"},{"taxonomy":"post_tag","embeddable":true,"href":"https:\/\/blogdoeloiltoncajuhy.com.br\/site\/wp-json\/wp\/v2\/tags?post=29174"}],"curies":[{"name":"wp","href":"https:\/\/api.w.org\/{rel}","templated":true}]}}