{"id":29172,"date":"2018-11-12T22:09:23","date_gmt":"2018-11-13T01:09:23","guid":{"rendered":"http:\/\/blogdoeloiltoncajuhy.com.br\/site\/?p=29172"},"modified":"2018-11-12T22:09:23","modified_gmt":"2018-11-13T01:09:23","slug":"center-moveis-e-eletros-e-agraciada-com-o-premio-merito-lojista","status":"publish","type":"post","link":"https:\/\/blogdoeloiltoncajuhy.com.br\/site\/center-moveis-e-eletros-e-agraciada-com-o-premio-merito-lojista\/","title":{"rendered":"Center M\u00f3veis e Eletros \u00e9 agraciada com o Pr\u00eamio M\u00e9rito Lojista"},"content":{"rendered":"<h5>A Center M\u00f3veis e Eletros foi agraciada com o Pr\u00eamio M\u00e9rito Lojista de Senhor do Bonfim, se destacando como a melhor loja de m\u00f3veis e eletros do ano 2018. A entrega da premia\u00e7\u00e3o aconteceu neste s\u00e1bado, 11 de novembro.<\/h5>\n<h5><strong>Veja o v\u00eddeo publicit\u00e1rio com o agradecimento da empresa:<\/strong><\/h5>\n<p><iframe title=\"Center M\u00f3veis   a loja do ano\" width=\"800\" height=\"450\" src=\"https:\/\/www.youtube.com\/embed\/l7gIm9NVJnA?feature=oembed\" frameborder=\"0\" allow=\"accelerometer; autoplay; encrypted-media; gyroscope; picture-in-picture\" allowfullscreen><\/iframe><\/p>\n<p><em><strong>*BLOG DO ELOILTON CAJUHY<\/strong><\/em><\/p>\n","protected":false},"excerpt":{"rendered":"<p>A Center M\u00f3veis e Eletros foi agraciada com o Pr\u00eamio M\u00e9rito Lojista de Senhor do Bonfim, se destacando como a melhor loja de m\u00f3veis e eletros do ano 2018. A entrega da premia\u00e7\u00e3o aconteceu neste s\u00e1bado, 11 de novembro. Veja o v\u00eddeo publicit\u00e1rio com o agradecimento da empresa: *BLOG DO ELOILTON CAJUHY<\/p>\n","protected":false},"author":2,"featured_media":0,"comment_status":"open","ping_status":"open","sticky":false,"template":"","format":"standard","meta":{"_acf_changed":false,"_monsterinsights_skip_tracking":false,"_monsterinsights_sitenote_active":false,"_monsterinsights_sitenote_note":"","_monsterinsights_sitenote_category":0,"_jetpack_memberships_contains_paid_content":false,"footnotes":"","jetpack_publicize_message":"","jetpack_publicize_feature_enabled":true,"jetpack_social_post_already_shared":true,"jetpack_social_options":{"image_generator_settings":{"template":"highway","default_image_id":0,"font":"","enabled":false},"version":2}},"categories":[1,4],"tags":[],"class_list":["post-29172","post","type-post","status-publish","format-standard","hentry","category-noticias","category-local"],"acf":[],"jetpack_publicize_connections":[],"jetpack_featured_media_url":"","jetpack_sharing_enabled":true,"publishpress_future_workflow_manual_trigger":{"enabledWorkflows":[]},"_links":{"self":[{"href":"https:\/\/blogdoeloiltoncajuhy.com.br\/site\/wp-json\/wp\/v2\/posts\/29172","targetHints":{"allow":["GET"]}}],"collection":[{"href":"https:\/\/blogdoeloiltoncajuhy.com.br\/site\/wp-json\/wp\/v2\/posts"}],"about":[{"href":"https:\/\/blogdoeloiltoncajuhy.com.br\/site\/wp-json\/wp\/v2\/types\/post"}],"author":[{"embeddable":true,"href":"https:\/\/blogdoeloiltoncajuhy.com.br\/site\/wp-json\/wp\/v2\/users\/2"}],"replies":[{"embeddable":true,"href":"https:\/\/blogdoeloiltoncajuhy.com.br\/site\/wp-json\/wp\/v2\/comments?post=29172"}],"version-history":[{"count":1,"href":"https:\/\/blogdoeloiltoncajuhy.com.br\/site\/wp-json\/wp\/v2\/posts\/29172\/revisions"}],"predecessor-version":[{"id":29173,"href":"https:\/\/blogdoeloiltoncajuhy.com.br\/site\/wp-json\/wp\/v2\/posts\/29172\/revisions\/29173"}],"wp:attachment":[{"href":"https:\/\/blogdoeloiltoncajuhy.com.br\/site\/wp-json\/wp\/v2\/media?parent=29172"}],"wp:term":[{"taxonomy":"category","embeddable":true,"href":"https:\/\/blogdoeloiltoncajuhy.com.br\/site\/wp-json\/wp\/v2\/categories?post=29172"},{"taxonomy":"post_tag","embeddable":true,"href":"https:\/\/blogdoeloiltoncajuhy.com.br\/site\/wp-json\/wp\/v2\/tags?post=29172"}],"curies":[{"name":"wp","href":"https:\/\/api.w.org\/{rel}","templated":true}]}}