{"id":29168,"date":"2018-11-12T21:53:46","date_gmt":"2018-11-13T00:53:46","guid":{"rendered":"http:\/\/blogdoeloiltoncajuhy.com.br\/site\/?p=29168"},"modified":"2018-11-12T21:53:46","modified_gmt":"2018-11-13T00:53:46","slug":"sinebahia-tem-vagas-em-varias-cidades-nesta-terca-feira-13","status":"publish","type":"post","link":"https:\/\/blogdoeloiltoncajuhy.com.br\/site\/sinebahia-tem-vagas-em-varias-cidades-nesta-terca-feira-13\/","title":{"rendered":"Sinebahia tem vagas em v\u00e1rias cidades nesta ter\u00e7a-feira, 13"},"content":{"rendered":"<p><em><strong>DOCUMENTA\u00c7\u00c3O NECESS\u00c1RIA: <\/strong>Obrigat\u00f3rio portar Carteira de Trabalho, RG, CPF, comprovante de resid\u00eancia e certificado de escolaridade.\u00a0Essas s\u00e3o apenas algumas vagas dispon\u00edveis. Para consultar a lista completa, o trabalhador deve comparecer \u00e0 unidade de seu munic\u00edpio.<\/em><\/p>\n<p><strong><a href=\"https:\/\/i0.wp.com\/blogdoeloiltoncajuhy.com.br\/site\/wp-content\/uploads\/2018\/07\/sinebahia_jul2018.jpg\"><img data-recalc-dims=\"1\" fetchpriority=\"high\" decoding=\"async\" class=\"aligncenter size-full wp-image-26300\" src=\"https:\/\/i0.wp.com\/blogdoeloiltoncajuhy.com.br\/site\/wp-content\/uploads\/2018\/07\/sinebahia_jul2018.jpg?resize=560%2C339\" alt=\"\" width=\"560\" height=\"339\" srcset=\"https:\/\/i0.wp.com\/blogdoeloiltoncajuhy.com.br\/site\/wp-content\/uploads\/2018\/07\/sinebahia_jul2018.jpg?w=560&amp;ssl=1 560w, https:\/\/i0.wp.com\/blogdoeloiltoncajuhy.com.br\/site\/wp-content\/uploads\/2018\/07\/sinebahia_jul2018.jpg?resize=300%2C182&amp;ssl=1 300w, https:\/\/i0.wp.com\/blogdoeloiltoncajuhy.com.br\/site\/wp-content\/uploads\/2018\/07\/sinebahia_jul2018.jpg?resize=250%2C151&amp;ssl=1 250w\" sizes=\"(max-width: 560px) 100vw, 560px\" \/><\/a>Vagas exclusivas para unidades de Salvador (13\/11)<\/strong><\/p>\n<p>JARDINEIRO<br \/>\nEnsino M\u00e9dio completo<br \/>\nExperi\u00eancia m\u00ednima de 06 meses na carteira<br \/>\nObrigat\u00f3rio residir em Salvador, Lauro de Freitas ou Cama\u00e7ari<br \/>\nSal\u00e1rio R$ 1.009,00 + benef\u00edcios<br \/>\n03 VAGAS<\/p>\n<p>MEC\u00c2NICO DE MANUTEN\u00c7\u00c3O DE M\u00c1QUINAS<br \/>\nEnsino M\u00e9dio completo<br \/>\nExperi\u00eancia m\u00ednima de 06 meses na carteira<br \/>\nObrigat\u00f3rio possuir viv\u00eancia com manuten\u00e7\u00e3o de compactadores, mangotes, placas, betoneiras e demais equipamentos, al\u00e9m de disponibilidade para viagens e CNH \u2018B\u2019.<br \/>\nDesej\u00e1vel: Curso NR10<br \/>\n01 VAGA<\/p>\n<p>GERENTE DE LOJA<br \/>\nEnsino M\u00e9dio completo<br \/>\nExperi\u00eancia m\u00ednima de 06 meses na carteira<br \/>\nObrigat\u00f3rio possuir viv\u00eancia em loja de varejo (confec\u00e7\u00e3o)<br \/>\nSal\u00e1rio R$ 2.500,00 + benef\u00edcios<br \/>\n02 VAGAS<\/p>\n<p>AUXILIAR T\u00c9CNICO ELETR\u00d4NICO<br \/>\nEnsino M\u00e9dio completo<br \/>\nExperi\u00eancia m\u00ednima de 06 meses na carteira<br \/>\nObrigat\u00f3rio possuir conhecimentos na \u00e1rea e CNH \u2018A\u2019<br \/>\nSal\u00e1rio R$ 957,00 + benef\u00edcios<br \/>\n02 VAGAS<\/p>\n<p>INSPETOR DE QUALIDADE EM RESTAURANTE<br \/>\nEnsino M\u00e9dio completo<br \/>\nExperi\u00eancia m\u00ednima de 06 meses na carteira<br \/>\nObrigat\u00f3rio possuir disponibilidade de treinamento em Curitiba e viv\u00eancia como gerente de restaurante e com cozinha<br \/>\nSal\u00e1rio R$ 2.500,00 + benef\u00edcios<br \/>\n02 VAGAS<\/p>\n<p><strong>Vagas EXCLUSIVAS para UNIDADE CENTRAL de Salvador (13\/11)<\/strong><br \/>\nENDERE\u00c7O: Av. ACM, 3359 \u2013 Cond. Torres do Iguatemi.<br \/>\nFuncionamento de segunda \u00e0 sexta, das 7h as 17h.<\/p>\n<p>COORDENADOR ACAD\u00caMICO GERAL<br \/>\nEnsino Superior completo em Pedagogia com P\u00f3s-Gradua\u00e7\u00e3o<br \/>\nExperi\u00eancia m\u00ednima de 06 meses na carteira<br \/>\nObrigat\u00f3rio possuir viv\u00eancia em atividades acad\u00eamicas e administrativas do ensino Superior<br \/>\nSal\u00e1rio R$ 6.000,00 + benef\u00edcios<br \/>\n01 VAGA<\/p>\n<p>TUTOR DE ENSINO A DIST\u00c2NCIA (EAD)<br \/>\nEnsino Superior completo em Pedagogia, ADM ou afins<br \/>\nExperi\u00eancia m\u00ednima de 06 meses na carteira<br \/>\nObrigat\u00f3rio possuir viv\u00eancia em atividades acad\u00eamicas e administrativas do ensino Superior<br \/>\nDesej\u00e1vel: Conhecimento como Gestor de EAD<br \/>\nSal\u00e1rio R$ 1.751,00 + benef\u00edcios<br \/>\n01 VAGA<\/p>\n<p>COORDENADOR DE CURSO DE ENFERMAGEM<br \/>\nEnsino Superior completo com P\u00f3s-Gradua\u00e7\u00e3o em Enfermagem ou afins<br \/>\nExperi\u00eancia m\u00ednima de 06 meses na carteira<br \/>\nObrigat\u00f3rio possuir viv\u00eancia com vendas de seguros, planos de servi\u00e7os e cart\u00f5es<br \/>\nSal\u00e1rio R$ 3.000,00 + benef\u00edcios<br \/>\n01 VAGA<\/p>\n<p>VENDEDOR PORTA A PORTA<br \/>\nEnsino M\u00e9dio completo<br \/>\nExperi\u00eancia m\u00ednima de 06 meses na carteira<br \/>\nObrigat\u00f3rio possuir viv\u00eancia com vendas de seguros, planos de servi\u00e7os e cart\u00f5es<br \/>\nSal\u00e1rio R$ 1.100,00 + benef\u00edcios<br \/>\n02 VAGAS<\/p>\n<p>AUXILIAR DE MANUTEN\u00c7\u00c3O EL\u00c9TRICA<br \/>\nEnsino M\u00e9dio completo<br \/>\nExperi\u00eancia m\u00ednima de 06 meses na carteira<br \/>\nObrigat\u00f3rio possuir viv\u00eancia como auxiliar de eletricista, curso b\u00e1sico de El\u00e9trica Predial e NR10<br \/>\nSal\u00e1rio R$ 1.275,00 + benef\u00edcios<br \/>\n02 VAGAS<\/p>\n<p>AUXILIAR DE CONFEITEIRO<br \/>\nEnsino M\u00e9dio completo<br \/>\nExperi\u00eancia m\u00ednima de 06 meses na carteira<br \/>\nObrigat\u00f3rio possuir conhecimento na fun\u00e7\u00e3o<br \/>\n01 VAGA<\/p>\n<p>RECEPCIONISTA BIL\u00cdNGUE<br \/>\nEnsino M\u00e9dio completo<br \/>\nExperi\u00eancia m\u00ednima de 06 meses na carteira<br \/>\nObrigat\u00f3rio possuir Ingl\u00eas avan\u00e7ado<br \/>\n01 VAGA<\/p>\n<p>COORDENADOR DE CURSO DE BIOMEDICINA<br \/>\nEnsino Superior completo com P\u00f3s-Gradua\u00e7\u00e3o em Biomedicina ou afins<br \/>\nExperi\u00eancia m\u00ednima de 06 meses na fun\u00e7\u00e3o<br \/>\nObrigat\u00f3rio possuir conhecimento como docente na \u00e1rea<br \/>\nDesej\u00e1vel: Mestrado<br \/>\nSal\u00e1rio R$ 3.000,00 + benef\u00edcios<br \/>\n01 VAGA<\/p>\n<p><strong>Vagas exclusivas para Lauro de Freitas (13\/11)<\/strong><\/p>\n<p>AUXILIAR DE COZINHA (EST\u00c1GIO)<br \/>\nEnsino M\u00e9dio incompleto ou Superior incompleto em Gastronomia (ser\u00e1 diferencial)<br \/>\nN\u00e3o exige experi\u00eancia<br \/>\nObrigat\u00f3rio residir em Lauro de Freitas ou proximidades<br \/>\n02 VAGAS<\/p>\n<p>ASSISTENTE SOCIAL<br \/>\nEnsino Superior completo<br \/>\nExperi\u00eancia na carteira<br \/>\nSal\u00e1rio R$ 1.000,00<br \/>\n01 VAGA<\/p>\n<p><strong>Vagas exclusivas para Jequi\u00e9 (13\/11)<\/strong><\/p>\n<p>VENDEDOR INTERNO<br \/>\nEnsino M\u00e9dio incompleto<br \/>\nExperi\u00eancia m\u00ednima de 06 meses na fun\u00e7\u00e3o com venda de tecidos<br \/>\n03 VAGAS<\/p>\n<p>M\u00c9DICO DO TRABALHO<br \/>\nEnsino Superior completo<br \/>\nExperi\u00eancia m\u00ednima de 06 meses na fun\u00e7\u00e3o<br \/>\n01 VAGA<\/p>\n<p><strong>Vagas exclusivas para Itabuna (13\/11)<\/strong><\/p>\n<p>AUXILIAR DE LINHA DE PRODU\u00c7\u00c3O (PCD)<br \/>\nExclusiva para Pessoas com Defici\u00eancia<br \/>\nN\u00e3o exige escolaridade<br \/>\nN\u00e3o exige experi\u00eancia<br \/>\n05 VAGAS<\/p>\n<p>MOTORISTA ENTREGADOR<br \/>\nEnsino Fundamental completo<br \/>\nExperi\u00eancia m\u00ednima de 06 meses com entregas<br \/>\nObrigat\u00f3rio possuir CNH \u2018A\u2019<br \/>\n03 VAGAS<\/p>\n<p>REPRESENTANTE COMERCIAL AUT\u00d4NOMO<br \/>\nEnsino M\u00e9dio completo<br \/>\nExperi\u00eancia m\u00ednima de 06 meses com vendas externas<br \/>\nObrigat\u00f3rio possuir moto e CNH \u2018A\u2019<br \/>\n01 VAGA<\/p>\n<p>CONFEITEIRO DE PADARIA<br \/>\nEnsino Fundamental incompleto<br \/>\nExperi\u00eancia m\u00ednima de 06 meses na fun\u00e7\u00e3o<br \/>\n01 VAGA<\/p>\n<p>AUXILIAR DE MEC\u00c2NICO<br \/>\nN\u00e3o exige escolaridade<br \/>\nExperi\u00eancia m\u00ednima de 06 meses na fun\u00e7\u00e3o<br \/>\n01 VAGA<\/p>\n<p>MEC\u00c2NICO DE CAMINH\u00c3O \u00c0 DIESEL<br \/>\nN\u00e3o exige escolaridade<br \/>\nExperi\u00eancia m\u00ednima de 06 meses na fun\u00e7\u00e3o<br \/>\n01 VAGA<\/p>\n<p>VENDEDOR PRACISTA<br \/>\nEnsino M\u00e9dio completo<br \/>\nExperi\u00eancia m\u00ednima de 06 meses na fun\u00e7\u00e3o<br \/>\nObrigat\u00f3rio possuir moto e CNH \u2018A\u2019<br \/>\n01 VAGA<\/p>\n<p>AUXILIAR DE CONTABILIDADE<br \/>\nEnsino Superior cursando Ci\u00eancias Cont\u00e1beis &#8211; A partir 3\u00ba Sem.<br \/>\nExperi\u00eancia em Excel intermedi\u00e1rio<br \/>\n01 VAGA<\/p>\n<p>ATENDENTE BALCONISTA<br \/>\nEnsino M\u00e9dio completo<br \/>\nExperi\u00eancia m\u00ednima de 06 meses na fun\u00e7\u00e3o<br \/>\nObrigat\u00f3rio possuir viv\u00eancia com Photoshop<br \/>\n01 VAGA<\/p>\n<p>MAGAREFE<br \/>\nEnsino M\u00e9dio incompleto<br \/>\nExperi\u00eancia m\u00ednima de 06 meses na fun\u00e7\u00e3o<br \/>\n01 VAGA<\/p>\n<p><em><strong>*Ascom Sinebahia<\/strong><\/em><\/p>\n","protected":false},"excerpt":{"rendered":"<p>DOCUMENTA\u00c7\u00c3O NECESS\u00c1RIA: Obrigat\u00f3rio portar Carteira de Trabalho, RG, CPF, comprovante de resid\u00eancia e certificado de escolaridade.\u00a0Essas s\u00e3o apenas algumas vagas dispon\u00edveis. Para consultar a lista completa, o trabalhador deve comparecer \u00e0 unidade de seu munic\u00edpio. Vagas exclusivas para unidades de Salvador (13\/11) JARDINEIRO Ensino M\u00e9dio completo Experi\u00eancia m\u00ednima de 06 meses na carteira Obrigat\u00f3rio residir [&hellip;]<\/p>\n","protected":false},"author":2,"featured_media":0,"comment_status":"open","ping_status":"open","sticky":false,"template":"","format":"standard","meta":{"_acf_changed":false,"_monsterinsights_skip_tracking":false,"_monsterinsights_sitenote_active":false,"_monsterinsights_sitenote_note":"","_monsterinsights_sitenote_category":0,"_jetpack_memberships_contains_paid_content":false,"footnotes":"","jetpack_publicize_message":"","jetpack_publicize_feature_enabled":true,"jetpack_social_post_already_shared":true,"jetpack_social_options":{"image_generator_settings":{"template":"highway","default_image_id":0,"font":"","enabled":false},"version":2}},"categories":[5,1],"tags":[],"class_list":["post-29168","post","type-post","status-publish","format-standard","hentry","category-cotidiano","category-noticias"],"acf":[],"jetpack_publicize_connections":[],"jetpack_featured_media_url":"","jetpack_sharing_enabled":true,"publishpress_future_workflow_manual_trigger":{"enabledWorkflows":[]},"_links":{"self":[{"href":"https:\/\/blogdoeloiltoncajuhy.com.br\/site\/wp-json\/wp\/v2\/posts\/29168","targetHints":{"allow":["GET"]}}],"collection":[{"href":"https:\/\/blogdoeloiltoncajuhy.com.br\/site\/wp-json\/wp\/v2\/posts"}],"about":[{"href":"https:\/\/blogdoeloiltoncajuhy.com.br\/site\/wp-json\/wp\/v2\/types\/post"}],"author":[{"embeddable":true,"href":"https:\/\/blogdoeloiltoncajuhy.com.br\/site\/wp-json\/wp\/v2\/users\/2"}],"replies":[{"embeddable":true,"href":"https:\/\/blogdoeloiltoncajuhy.com.br\/site\/wp-json\/wp\/v2\/comments?post=29168"}],"version-history":[{"count":1,"href":"https:\/\/blogdoeloiltoncajuhy.com.br\/site\/wp-json\/wp\/v2\/posts\/29168\/revisions"}],"predecessor-version":[{"id":29169,"href":"https:\/\/blogdoeloiltoncajuhy.com.br\/site\/wp-json\/wp\/v2\/posts\/29168\/revisions\/29169"}],"wp:attachment":[{"href":"https:\/\/blogdoeloiltoncajuhy.com.br\/site\/wp-json\/wp\/v2\/media?parent=29168"}],"wp:term":[{"taxonomy":"category","embeddable":true,"href":"https:\/\/blogdoeloiltoncajuhy.com.br\/site\/wp-json\/wp\/v2\/categories?post=29168"},{"taxonomy":"post_tag","embeddable":true,"href":"https:\/\/blogdoeloiltoncajuhy.com.br\/site\/wp-json\/wp\/v2\/tags?post=29168"}],"curies":[{"name":"wp","href":"https:\/\/api.w.org\/{rel}","templated":true}]}}