{"id":29163,"date":"2018-11-12T21:37:18","date_gmt":"2018-11-13T00:37:18","guid":{"rendered":"http:\/\/blogdoeloiltoncajuhy.com.br\/site\/?p=29163"},"modified":"2018-11-12T21:37:18","modified_gmt":"2018-11-13T00:37:18","slug":"trabalhador-rural-mata-amigo-de-infancia-a-facadas-e-ainda-bebe-sangue-da-vitima-misturado-a-cachaca","status":"publish","type":"post","link":"https:\/\/blogdoeloiltoncajuhy.com.br\/site\/trabalhador-rural-mata-amigo-de-infancia-a-facadas-e-ainda-bebe-sangue-da-vitima-misturado-a-cachaca\/","title":{"rendered":"Trabalhador rural mata amigo de inf\u00e2ncia a facadas e ainda bebe sangue da v\u00edtima misturado a cacha\u00e7a"},"content":{"rendered":"<h5><em>Homem levou pelo menos 11 golpes nas costas e na nuca em uma fazenda em Rosana-SP. Rapaz de 23 anos foi preso em flagrante, confessou o crime e alegou que agiu em \u2018leg\u00edtima defesa\u2019<\/em><\/h5>\n<figure id=\"attachment_29165\" aria-describedby=\"caption-attachment-29165\" style=\"width: 984px\" class=\"wp-caption aligncenter\"><a href=\"https:\/\/i0.wp.com\/blogdoeloiltoncajuhy.com.br\/site\/wp-content\/uploads\/2018\/11\/crime-rosana-3.jpg\"><img data-recalc-dims=\"1\" fetchpriority=\"high\" decoding=\"async\" class=\"wp-image-29165 size-full\" src=\"https:\/\/i0.wp.com\/blogdoeloiltoncajuhy.com.br\/site\/wp-content\/uploads\/2018\/11\/crime-rosana-3.jpg?resize=800%2C600\" alt=\"\" width=\"800\" height=\"600\" srcset=\"https:\/\/i0.wp.com\/blogdoeloiltoncajuhy.com.br\/site\/wp-content\/uploads\/2018\/11\/crime-rosana-3.jpg?w=984&amp;ssl=1 984w, https:\/\/i0.wp.com\/blogdoeloiltoncajuhy.com.br\/site\/wp-content\/uploads\/2018\/11\/crime-rosana-3.jpg?resize=300%2C225&amp;ssl=1 300w, https:\/\/i0.wp.com\/blogdoeloiltoncajuhy.com.br\/site\/wp-content\/uploads\/2018\/11\/crime-rosana-3.jpg?resize=768%2C576&amp;ssl=1 768w, https:\/\/i0.wp.com\/blogdoeloiltoncajuhy.com.br\/site\/wp-content\/uploads\/2018\/11\/crime-rosana-3.jpg?resize=250%2C188&amp;ssl=1 250w\" sizes=\"(max-width: 800px) 100vw, 800px\" \/><\/a><figcaption id=\"caption-attachment-29165\" class=\"wp-caption-text\">Trabalhador rural foi assassinado em fazenda em Rosana \u2014 Foto: Cedida\/Pol\u00edcia Civil<\/figcaption><\/figure>\n<p>Um trabalhador rural de 33 anos foi assassinado na noite deste domingo (11) em uma fazenda no munic\u00edpio de Rosana (SP).\u00a0De acordo com as informa\u00e7\u00f5es repassadas pela Pol\u00edcia Civil ao <strong>G1<\/strong>, a v\u00edtima foi atingida com pelo menos 11 facadas nas costas e na nuca.<\/p>\n<p>Um homem de 23 anos, tamb\u00e9m trabalhador rural, foi preso em flagrante na manh\u00e3 desta segunda-feira (12) e confessou o crime.\u00a0Um outro trabalhador rural, de 24 anos, levou uma facada nas costas, que lhe perfurou o pulm\u00e3o direito, e foi internado no Hospital Regional (HR), em Rosana, para receber atendimento m\u00e9dico.<\/p>\n<p>As investiga\u00e7\u00f5es apuraram que, depois do esfaqueamento, o autor dirigiu-se a um bar que fica pr\u00f3ximo \u00e0 fazenda, comprou uma garrafa de pinga e voltou ao local do crime.\u00a0Segundo a Pol\u00edcia Civil, ele jogou pinga no corpo da v\u00edtima e chegou a beber a mistura de cacha\u00e7a com sangue que escorria.<\/p>\n<figure id=\"attachment_29164\" aria-describedby=\"caption-attachment-29164\" style=\"width: 600px\" class=\"wp-caption aligncenter\"><a href=\"https:\/\/i0.wp.com\/blogdoeloiltoncajuhy.com.br\/site\/wp-content\/uploads\/2018\/11\/crime-rosana-2.jpg\"><img data-recalc-dims=\"1\" decoding=\"async\" class=\"wp-image-29164\" src=\"https:\/\/i0.wp.com\/blogdoeloiltoncajuhy.com.br\/site\/wp-content\/uploads\/2018\/11\/crime-rosana-2.jpg?resize=600%2C600\" alt=\"\" width=\"600\" height=\"600\" srcset=\"https:\/\/i0.wp.com\/blogdoeloiltoncajuhy.com.br\/site\/wp-content\/uploads\/2018\/11\/crime-rosana-2.jpg?w=984&amp;ssl=1 984w, https:\/\/i0.wp.com\/blogdoeloiltoncajuhy.com.br\/site\/wp-content\/uploads\/2018\/11\/crime-rosana-2.jpg?resize=150%2C150&amp;ssl=1 150w, https:\/\/i0.wp.com\/blogdoeloiltoncajuhy.com.br\/site\/wp-content\/uploads\/2018\/11\/crime-rosana-2.jpg?resize=300%2C300&amp;ssl=1 300w, https:\/\/i0.wp.com\/blogdoeloiltoncajuhy.com.br\/site\/wp-content\/uploads\/2018\/11\/crime-rosana-2.jpg?resize=768%2C768&amp;ssl=1 768w, https:\/\/i0.wp.com\/blogdoeloiltoncajuhy.com.br\/site\/wp-content\/uploads\/2018\/11\/crime-rosana-2.jpg?resize=250%2C250&amp;ssl=1 250w, https:\/\/i0.wp.com\/blogdoeloiltoncajuhy.com.br\/site\/wp-content\/uploads\/2018\/11\/crime-rosana-2.jpg?resize=48%2C48&amp;ssl=1 48w\" sizes=\"(max-width: 600px) 100vw, 600px\" \/><\/a><figcaption id=\"caption-attachment-29164\" class=\"wp-caption-text\">Faca usada no crime foi encontrada em fazenda em Rosana \u2014 Foto: Cedida\/Pol\u00edcia Civil<\/figcaption><\/figure>\n<h4><strong>Amigos de inf\u00e2ncia<\/strong><\/h4>\n<p>O delegado respons\u00e1vel pelas investiga\u00e7\u00f5es sobre o caso, Ramon Euclides Guarnieri Pedr\u00e3o, contou ao G1 que os envolvidos estavam todos em um galp\u00e3o que lhes serve como dormit\u00f3rio, onde assistiam \u00e0 televis\u00e3o e bebiam, na noite deste domingo (11), quando teve in\u00edcio uma briga que resultou no esfaqueamento das duas v\u00edtimas.<\/p>\n<p>Segundo Pedr\u00e3o, vivem no local seis homens, todos moradores de Guaira\u00e7\u00e1 (PR) e amigos de inf\u00e2ncia, que foram contratados como funcion\u00e1rios para trabalhar na colheita de mandioca na fazenda.<\/p>\n<p>As investiga\u00e7\u00f5es apuraram que o desentendimento teve in\u00edcio quando o homem que viria a se tornar a v\u00edtima fatal solicitou uma dose de pinga ao autor, que lhe negou o pedido, supostamente, em tom de &#8220;brincadeira&#8221;. Na sequ\u00eancia, o homem que fez o pedido acertou uma cadeirada no amigo e come\u00e7ou a confus\u00e3o entre os envolvidos, segundo a Pol\u00edcia Civil.<\/p>\n<p>O outro trabalhador tentou impedir que o autor esfaqueasse o amigo, mas acabou levando uma facada nas costas que lhe perfurou o pulm\u00e3o direito, conforme a pol\u00edcia. Ele conseguiu correr, at\u00e9 cair ferido na porteira da entrada da propriedade rural, e n\u00e3o viu mais nada do que ocorreu com os demais envolvidos, segundo as investiga\u00e7\u00f5es.<\/p>\n<p>O homem que havia pedido a dose de pinga tentou correr para fugir, mas acabou ficando preso entre o pneu de um trator e uma parede na garagem do galp\u00e3o, onde foi golpeado pelo assassino, apontou a pol\u00edcia ao G1.<\/p>\n<p>Segundo o delegado Ramon Euclides Guarnieri Pedr\u00e3o, uma testemunha conseguiu parar um carro que passava por uma estrada rural que d\u00e1 acesso \u00e0 fazenda e pediu socorro para o homem ferido com a facada no pulm\u00e3o. Neste ve\u00edculo, a v\u00edtima sobrevivente foi levada para receber atendimento m\u00e9dico no HR, em Rosana. Quando o homem ferido deu entrada na unidade de sa\u00fade, a Pol\u00edcia Militar foi acionada para o atendimento da ocorr\u00eancia.<\/p>\n<p>Durante toda a madrugada, foram realizadas as dilig\u00eancias para o esclarecimento do caso, em um trabalho conjunto das pol\u00edcias Civil e Militar.\u00a0No entanto, segundo Pedr\u00e3o relatou ao G1, at\u00e9 a manh\u00e3 desta segunda-feira (12) a pol\u00edcia ainda n\u00e3o tinha conhecimento de que havia uma morte em decorr\u00eancia da confus\u00e3o.<\/p>\n<p>Em dilig\u00eancias na pr\u00f3pria fazenda, os policiais encontraram o autor do esfaqueamento e o corpo da v\u00edtima fatal. O autor estava em uma casa que fica ao lado do galp\u00e3o.\u00a0\u201c<em>O corpo foi encontrado no mesmo local em que a v\u00edtima foi golpeada, ca\u00eddo entre a parede da garagem e o trator<\/em>\u201d, detalhou Pedr\u00e3o ao G1.\u00a0A per\u00edcia foi acionada e realizou a an\u00e1lise do local do crime.<\/p>\n<p>Ainda na fazenda, que fica na divisa com a Gleba XV de Novembro, os policiais encontraram escondida no p\u00e9 de um poste de ilumina\u00e7\u00e3o, enrolada em uma sacola pl\u00e1stica, a faca usada para golpear as duas v\u00edtimas.\u00a0Conforme Pedr\u00e3o narrou ao G1, a faca tem uma l\u00e2mina de aproximadamente 15 cent\u00edmetros.<\/p>\n<figure id=\"attachment_29166\" aria-describedby=\"caption-attachment-29166\" style=\"width: 600px\" class=\"wp-caption aligncenter\"><a href=\"https:\/\/i0.wp.com\/blogdoeloiltoncajuhy.com.br\/site\/wp-content\/uploads\/2018\/11\/crime-rosana-6.jpg\"><img data-recalc-dims=\"1\" decoding=\"async\" class=\"wp-image-29166\" src=\"https:\/\/i0.wp.com\/blogdoeloiltoncajuhy.com.br\/site\/wp-content\/uploads\/2018\/11\/crime-rosana-6.jpg?resize=600%2C600\" alt=\"\" width=\"600\" height=\"600\" srcset=\"https:\/\/i0.wp.com\/blogdoeloiltoncajuhy.com.br\/site\/wp-content\/uploads\/2018\/11\/crime-rosana-6.jpg?w=984&amp;ssl=1 984w, https:\/\/i0.wp.com\/blogdoeloiltoncajuhy.com.br\/site\/wp-content\/uploads\/2018\/11\/crime-rosana-6.jpg?resize=150%2C150&amp;ssl=1 150w, https:\/\/i0.wp.com\/blogdoeloiltoncajuhy.com.br\/site\/wp-content\/uploads\/2018\/11\/crime-rosana-6.jpg?resize=300%2C300&amp;ssl=1 300w, https:\/\/i0.wp.com\/blogdoeloiltoncajuhy.com.br\/site\/wp-content\/uploads\/2018\/11\/crime-rosana-6.jpg?resize=768%2C768&amp;ssl=1 768w, https:\/\/i0.wp.com\/blogdoeloiltoncajuhy.com.br\/site\/wp-content\/uploads\/2018\/11\/crime-rosana-6.jpg?resize=250%2C250&amp;ssl=1 250w, https:\/\/i0.wp.com\/blogdoeloiltoncajuhy.com.br\/site\/wp-content\/uploads\/2018\/11\/crime-rosana-6.jpg?resize=48%2C48&amp;ssl=1 48w\" sizes=\"(max-width: 600px) 100vw, 600px\" \/><\/a><figcaption id=\"caption-attachment-29166\" class=\"wp-caption-text\">Trabalhador rural foi assassinado em fazenda em Rosana \u2014 Foto: Cedida\/Pol\u00edcia Civil<\/figcaption><\/figure>\n<h4><strong>\u2018Leg\u00edtima defesa\u2019<\/strong><\/h4>\n<p>O homem apontado como o autor do esfaqueamento foi preso em flagrante por homic\u00eddio qualificado consumado e tentativa de homic\u00eddio qualificado.\u00a0O delegado Ramon Euclides Guarnieri Pedr\u00e3o pontuou ao G1 que as situa\u00e7\u00f5es qualificadoras do crime foram motivo f\u00fatil e o cometimento mediante recurso que dificultou a defesa das v\u00edtimas.<\/p>\n<p>Segundo Pedr\u00e3o, o homem preso confessou o crime e alegou que agiu em \u201c<em>leg\u00edtima defesa<\/em>\u201d.\u00a0A Pol\u00edcia Civil j\u00e1 instaurou inqu\u00e9rito para esclarecer o caso e representou \u00e0 Justi\u00e7a pela decreta\u00e7\u00e3o da pris\u00e3o preventiva do autor, que foi encaminhado \u00e0 Cadeia de Presidente Venceslau.<\/p>\n<p>O pedido de pris\u00e3o preventiva ser\u00e1 analisado pela Justi\u00e7a nesta ter\u00e7a-feira (13), quando o homem passar\u00e1 por audi\u00eancia de cust\u00f3dia no F\u00f3rum da Comarca de Rosana.\u00a0No decorrer do inqu\u00e9rito policial, Pedr\u00e3o pretende ouvir outras testemunhas e ainda realizar a reconstitui\u00e7\u00e3o do caso, inclusive, com a participa\u00e7\u00e3o do autor e do homem sobrevivente.<\/p>\n<p>O trabalhador que levou a facada no pulm\u00e3o confirmou a vers\u00e3o apurada pela Pol\u00edcia Civil e reconheceu o amigo como o autor do esfaqueamento.\u00a0Segundo a Pol\u00edcia Civil, ele n\u00e3o corre risco de morte.<\/p>\n<h4><strong>Pinga com sangue<\/strong><\/h4>\n<p>As investiga\u00e7\u00f5es realizadas pela Pol\u00edcia Civil descobriram que o autor do esfaqueamento ainda tentou decapitar a v\u00edtima que morreu na fazenda, mas foi dissuadido por uma testemunha.<\/p>\n<p>Segundo o delegado Ramon Euclides Guarnieri Pedr\u00e3o contou ao G1, o homem pretendia pendurar a cabe\u00e7a da v\u00edtima na cerca que fica na entrada da propriedade rural.<\/p>\n<p>Um outro detalhe apurado pelas investiga\u00e7\u00f5es foi o de que, depois do esfaqueamento, o autor dirigiu-se a um bar que fica pr\u00f3ximo \u00e0 fazenda, comprou uma garrafa de pinga e voltou ao local do crime.\u00a0\u201c<em>Ele jogou pinga no corpo da v\u00edtima e bebeu essa mistura de cacha\u00e7a com sangue que escorria<\/em>\u201d, detalhou Pedr\u00e3o ao G1.<\/p>\n<p><em><strong>Por G1 Presidente Prudente-SP<\/strong><\/em><\/p>\n","protected":false},"excerpt":{"rendered":"<p>Homem levou pelo menos 11 golpes nas costas e na nuca em uma fazenda em Rosana-SP. Rapaz de 23 anos foi preso em flagrante, confessou o crime e alegou que agiu em \u2018leg\u00edtima defesa\u2019 Um trabalhador rural de 33 anos foi assassinado na noite deste domingo (11) em uma fazenda no munic\u00edpio de Rosana (SP).\u00a0De [&hellip;]<\/p>\n","protected":false},"author":2,"featured_media":29166,"comment_status":"open","ping_status":"open","sticky":false,"template":"","format":"standard","meta":{"_acf_changed":false,"_monsterinsights_skip_tracking":false,"_monsterinsights_sitenote_active":false,"_monsterinsights_sitenote_note":"","_monsterinsights_sitenote_category":0,"_jetpack_memberships_contains_paid_content":false,"footnotes":"","jetpack_publicize_message":"","jetpack_publicize_feature_enabled":true,"jetpack_social_post_already_shared":true,"jetpack_social_options":{"image_generator_settings":{"template":"highway","default_image_id":0,"font":"","enabled":false},"version":2}},"categories":[5,1],"tags":[],"class_list":["post-29163","post","type-post","status-publish","format-standard","has-post-thumbnail","hentry","category-cotidiano","category-noticias"],"acf":[],"jetpack_publicize_connections":[],"jetpack_featured_media_url":"https:\/\/i0.wp.com\/blogdoeloiltoncajuhy.com.br\/site\/wp-content\/uploads\/2018\/11\/crime-rosana-6.jpg?fit=984%2C984&ssl=1","jetpack_sharing_enabled":true,"publishpress_future_workflow_manual_trigger":{"enabledWorkflows":[]},"_links":{"self":[{"href":"https:\/\/blogdoeloiltoncajuhy.com.br\/site\/wp-json\/wp\/v2\/posts\/29163","targetHints":{"allow":["GET"]}}],"collection":[{"href":"https:\/\/blogdoeloiltoncajuhy.com.br\/site\/wp-json\/wp\/v2\/posts"}],"about":[{"href":"https:\/\/blogdoeloiltoncajuhy.com.br\/site\/wp-json\/wp\/v2\/types\/post"}],"author":[{"embeddable":true,"href":"https:\/\/blogdoeloiltoncajuhy.com.br\/site\/wp-json\/wp\/v2\/users\/2"}],"replies":[{"embeddable":true,"href":"https:\/\/blogdoeloiltoncajuhy.com.br\/site\/wp-json\/wp\/v2\/comments?post=29163"}],"version-history":[{"count":1,"href":"https:\/\/blogdoeloiltoncajuhy.com.br\/site\/wp-json\/wp\/v2\/posts\/29163\/revisions"}],"predecessor-version":[{"id":29167,"href":"https:\/\/blogdoeloiltoncajuhy.com.br\/site\/wp-json\/wp\/v2\/posts\/29163\/revisions\/29167"}],"wp:featuredmedia":[{"embeddable":true,"href":"https:\/\/blogdoeloiltoncajuhy.com.br\/site\/wp-json\/wp\/v2\/media\/29166"}],"wp:attachment":[{"href":"https:\/\/blogdoeloiltoncajuhy.com.br\/site\/wp-json\/wp\/v2\/media?parent=29163"}],"wp:term":[{"taxonomy":"category","embeddable":true,"href":"https:\/\/blogdoeloiltoncajuhy.com.br\/site\/wp-json\/wp\/v2\/categories?post=29163"},{"taxonomy":"post_tag","embeddable":true,"href":"https:\/\/blogdoeloiltoncajuhy.com.br\/site\/wp-json\/wp\/v2\/tags?post=29163"}],"curies":[{"name":"wp","href":"https:\/\/api.w.org\/{rel}","templated":true}]}}