{"id":29121,"date":"2018-11-11T10:33:26","date_gmt":"2018-11-11T13:33:26","guid":{"rendered":"http:\/\/blogdoeloiltoncajuhy.com.br\/site\/?p=29121"},"modified":"2018-11-11T10:33:26","modified_gmt":"2018-11-11T13:33:26","slug":"receita-medica-passara-a-valer-em-todo-territorio-nacional","status":"publish","type":"post","link":"https:\/\/blogdoeloiltoncajuhy.com.br\/site\/receita-medica-passara-a-valer-em-todo-territorio-nacional\/","title":{"rendered":"Receita m\u00e9dica passar\u00e1 a valer em todo territ\u00f3rio nacional"},"content":{"rendered":"<h5 style=\"text-align: center;\">Lei N\u00ba 13.732 foi publicada em Di\u00e1rio Oficial nesta sexta-feira, 9<\/h5>\n<p><em><strong>*Can\u00e7\u00e3o Nova<\/strong><\/em><\/p>\n<p><a href=\"https:\/\/i0.wp.com\/blogdoeloiltoncajuhy.com.br\/site\/wp-content\/uploads\/2018\/11\/Receita-M%C3%A9dica.jpg\"><img data-recalc-dims=\"1\" fetchpriority=\"high\" decoding=\"async\" class=\"aligncenter wp-image-29122\" src=\"https:\/\/i0.wp.com\/blogdoeloiltoncajuhy.com.br\/site\/wp-content\/uploads\/2018\/11\/Receita-M%C3%A9dica.jpg?resize=460%2C337\" alt=\"\" width=\"460\" height=\"337\" srcset=\"https:\/\/i0.wp.com\/blogdoeloiltoncajuhy.com.br\/site\/wp-content\/uploads\/2018\/11\/Receita-M%C3%A9dica.jpg?w=300&amp;ssl=1 300w, https:\/\/i0.wp.com\/blogdoeloiltoncajuhy.com.br\/site\/wp-content\/uploads\/2018\/11\/Receita-M%C3%A9dica.jpg?resize=250%2C183&amp;ssl=1 250w\" sizes=\"(max-width: 460px) 100vw, 460px\" \/><\/a>O presidente da Rep\u00fablica Michel Temer sancionou na \u00faltima quinta-feira, 8, a lei que determina que a receita m\u00e9dica tenha validade em todo o territ\u00f3rio nacional. Antes, o receitu\u00e1rio prescrito pelo m\u00e9dico era aceito apenas no Estado onde ocorreu o atendimento.<\/p>\n<p>O decreto passar\u00e1 a valer daqui a 90 dias e todas as farm\u00e1cias e estabelecimentos que comercializam f\u00e1rmacos sob prescri\u00e7\u00e3o ser\u00e3o obrigados a aceitar o documento, inclusive os locais que vendem medicamentos especialmente controlados pela Ag\u00eancia Nacional de Vigil\u00e2ncia Sanit\u00e1ria (ANVISA).<\/p>\n<p>A Lei N\u00ba 13.732 foi publicada em Di\u00e1rio Oficial na sexta-feira, 9 de novembro, e altera a norma anterior n\u00ba 5.991, datada de 17 de dezembro de 1973. Fora o presidente Michel Temer, assinaram o decreto o ministro da Justi\u00e7a, Torquato Jardim, e o ministro da Sa\u00fade, Gilberto Magalh\u00e3es Occhi.<\/p>\n","protected":false},"excerpt":{"rendered":"<p>Lei N\u00ba 13.732 foi publicada em Di\u00e1rio Oficial nesta sexta-feira, 9 *Can\u00e7\u00e3o Nova O presidente da Rep\u00fablica Michel Temer sancionou na \u00faltima quinta-feira, 8, a lei que determina que a receita m\u00e9dica tenha validade em todo o territ\u00f3rio nacional. Antes, o receitu\u00e1rio prescrito pelo m\u00e9dico era aceito apenas no Estado onde ocorreu o atendimento. O [&hellip;]<\/p>\n","protected":false},"author":2,"featured_media":29122,"comment_status":"open","ping_status":"open","sticky":false,"template":"","format":"standard","meta":{"_acf_changed":false,"_monsterinsights_skip_tracking":false,"_monsterinsights_sitenote_active":false,"_monsterinsights_sitenote_note":"","_monsterinsights_sitenote_category":0,"_jetpack_memberships_contains_paid_content":false,"footnotes":"","jetpack_publicize_message":"","jetpack_publicize_feature_enabled":true,"jetpack_social_post_already_shared":true,"jetpack_social_options":{"image_generator_settings":{"template":"highway","default_image_id":0,"font":"","enabled":false},"version":2}},"categories":[1,7],"tags":[],"class_list":["post-29121","post","type-post","status-publish","format-standard","has-post-thumbnail","hentry","category-noticias","category-saude"],"acf":[],"jetpack_publicize_connections":[],"jetpack_featured_media_url":"https:\/\/i0.wp.com\/blogdoeloiltoncajuhy.com.br\/site\/wp-content\/uploads\/2018\/11\/Receita-M%C3%A9dica.jpg?fit=300%2C220&ssl=1","jetpack_sharing_enabled":true,"publishpress_future_workflow_manual_trigger":{"enabledWorkflows":[]},"_links":{"self":[{"href":"https:\/\/blogdoeloiltoncajuhy.com.br\/site\/wp-json\/wp\/v2\/posts\/29121","targetHints":{"allow":["GET"]}}],"collection":[{"href":"https:\/\/blogdoeloiltoncajuhy.com.br\/site\/wp-json\/wp\/v2\/posts"}],"about":[{"href":"https:\/\/blogdoeloiltoncajuhy.com.br\/site\/wp-json\/wp\/v2\/types\/post"}],"author":[{"embeddable":true,"href":"https:\/\/blogdoeloiltoncajuhy.com.br\/site\/wp-json\/wp\/v2\/users\/2"}],"replies":[{"embeddable":true,"href":"https:\/\/blogdoeloiltoncajuhy.com.br\/site\/wp-json\/wp\/v2\/comments?post=29121"}],"version-history":[{"count":1,"href":"https:\/\/blogdoeloiltoncajuhy.com.br\/site\/wp-json\/wp\/v2\/posts\/29121\/revisions"}],"predecessor-version":[{"id":29123,"href":"https:\/\/blogdoeloiltoncajuhy.com.br\/site\/wp-json\/wp\/v2\/posts\/29121\/revisions\/29123"}],"wp:featuredmedia":[{"embeddable":true,"href":"https:\/\/blogdoeloiltoncajuhy.com.br\/site\/wp-json\/wp\/v2\/media\/29122"}],"wp:attachment":[{"href":"https:\/\/blogdoeloiltoncajuhy.com.br\/site\/wp-json\/wp\/v2\/media?parent=29121"}],"wp:term":[{"taxonomy":"category","embeddable":true,"href":"https:\/\/blogdoeloiltoncajuhy.com.br\/site\/wp-json\/wp\/v2\/categories?post=29121"},{"taxonomy":"post_tag","embeddable":true,"href":"https:\/\/blogdoeloiltoncajuhy.com.br\/site\/wp-json\/wp\/v2\/tags?post=29121"}],"curies":[{"name":"wp","href":"https:\/\/api.w.org\/{rel}","templated":true}]}}