{"id":29114,"date":"2018-11-10T23:23:06","date_gmt":"2018-11-11T02:23:06","guid":{"rendered":"http:\/\/blogdoeloiltoncajuhy.com.br\/site\/?p=29114"},"modified":"2018-11-10T23:23:06","modified_gmt":"2018-11-11T02:23:06","slug":"educacao-segunda-etapa-do-enem-e-aplicada-neste-domingo","status":"publish","type":"post","link":"https:\/\/blogdoeloiltoncajuhy.com.br\/site\/educacao-segunda-etapa-do-enem-e-aplicada-neste-domingo\/","title":{"rendered":"EDUCA\u00c7\u00c3O: Segunda etapa do Enem \u00e9 aplicada neste domingo"},"content":{"rendered":"<figure id=\"attachment_29115\" aria-describedby=\"caption-attachment-29115\" style=\"width: 380px\" class=\"wp-caption aligncenter\"><a href=\"https:\/\/i0.wp.com\/blogdoeloiltoncajuhy.com.br\/site\/wp-content\/uploads\/2018\/11\/enem-2018_nov.jpg\"><img data-recalc-dims=\"1\" fetchpriority=\"high\" decoding=\"async\" class=\"wp-image-29115 size-full\" src=\"https:\/\/i0.wp.com\/blogdoeloiltoncajuhy.com.br\/site\/wp-content\/uploads\/2018\/11\/enem-2018_nov.jpg?resize=380%2C280\" alt=\"\" width=\"380\" height=\"280\" srcset=\"https:\/\/i0.wp.com\/blogdoeloiltoncajuhy.com.br\/site\/wp-content\/uploads\/2018\/11\/enem-2018_nov.jpg?w=380&amp;ssl=1 380w, https:\/\/i0.wp.com\/blogdoeloiltoncajuhy.com.br\/site\/wp-content\/uploads\/2018\/11\/enem-2018_nov.jpg?resize=300%2C221&amp;ssl=1 300w, https:\/\/i0.wp.com\/blogdoeloiltoncajuhy.com.br\/site\/wp-content\/uploads\/2018\/11\/enem-2018_nov.jpg?resize=250%2C184&amp;ssl=1 250w\" sizes=\"(max-width: 380px) 100vw, 380px\" \/><\/a><figcaption id=\"caption-attachment-29115\" class=\"wp-caption-text\">Foto: Divulga\u00e7\u00e3o<\/figcaption><\/figure>\n<p>A segunda etapa do Exame Nacional do Ensino M\u00e9dio (Enem) ser\u00e1 aplicada neste domingo (11), a partir das 13h (hor\u00e1rio de Bras\u00edlia).<\/p>\n<p>Ser\u00e3o avaliados conhecimentos da \u00e1rea de ci\u00eancias da natureza e matem\u00e1tica.<\/p>\n<p>O Enem recebeu 5,5 milh\u00f5es de inscri\u00e7\u00f5es neste ano. Na primeira etapa, entretanto, 1,3 milh\u00e3o de candidatos faltaram, ou seja, 25% do total &#8211; o \u00edndice de absten\u00e7\u00e3o foi o menor desde 2009.<\/p>\n<p>\u00c9 recomendado que o participante esteja no local de prova uma hora antes do in\u00edcio do exame.<\/p>\n<p>Os port\u00f5es s\u00e3o abertos \u00e0s 12h e fechados \u00e0s 13h, no hor\u00e1rio de Bras\u00edlia. \u00c9 preciso levar documento pessoal com foto e uma caneta preta de tubo transparente. As provas terminam \u00e0s 18h30.<\/p>\n<p>O Enem \u00e9 uma das portas de entrada para 6 em cada 10 universidades do pa\u00eds.<\/p>\n<p><em><strong>*Bahia Not\u00edcias<\/strong><\/em><\/p>\n","protected":false},"excerpt":{"rendered":"<p>A segunda etapa do Exame Nacional do Ensino M\u00e9dio (Enem) ser\u00e1 aplicada neste domingo (11), a partir das 13h (hor\u00e1rio de Bras\u00edlia). Ser\u00e3o avaliados conhecimentos da \u00e1rea de ci\u00eancias da natureza e matem\u00e1tica. O Enem recebeu 5,5 milh\u00f5es de inscri\u00e7\u00f5es neste ano. Na primeira etapa, entretanto, 1,3 milh\u00e3o de candidatos faltaram, ou seja, 25% do [&hellip;]<\/p>\n","protected":false},"author":2,"featured_media":29115,"comment_status":"open","ping_status":"open","sticky":false,"template":"","format":"standard","meta":{"_acf_changed":false,"_monsterinsights_skip_tracking":false,"_monsterinsights_sitenote_active":false,"_monsterinsights_sitenote_note":"","_monsterinsights_sitenote_category":0,"_jetpack_memberships_contains_paid_content":false,"footnotes":"","jetpack_publicize_message":"","jetpack_publicize_feature_enabled":true,"jetpack_social_post_already_shared":true,"jetpack_social_options":{"image_generator_settings":{"template":"highway","default_image_id":0,"font":"","enabled":false},"version":2}},"categories":[14,1],"tags":[],"class_list":["post-29114","post","type-post","status-publish","format-standard","has-post-thumbnail","hentry","category-educacao","category-noticias"],"acf":[],"jetpack_publicize_connections":[],"jetpack_featured_media_url":"https:\/\/i0.wp.com\/blogdoeloiltoncajuhy.com.br\/site\/wp-content\/uploads\/2018\/11\/enem-2018_nov.jpg?fit=380%2C280&ssl=1","jetpack_sharing_enabled":true,"publishpress_future_workflow_manual_trigger":{"enabledWorkflows":[]},"_links":{"self":[{"href":"https:\/\/blogdoeloiltoncajuhy.com.br\/site\/wp-json\/wp\/v2\/posts\/29114","targetHints":{"allow":["GET"]}}],"collection":[{"href":"https:\/\/blogdoeloiltoncajuhy.com.br\/site\/wp-json\/wp\/v2\/posts"}],"about":[{"href":"https:\/\/blogdoeloiltoncajuhy.com.br\/site\/wp-json\/wp\/v2\/types\/post"}],"author":[{"embeddable":true,"href":"https:\/\/blogdoeloiltoncajuhy.com.br\/site\/wp-json\/wp\/v2\/users\/2"}],"replies":[{"embeddable":true,"href":"https:\/\/blogdoeloiltoncajuhy.com.br\/site\/wp-json\/wp\/v2\/comments?post=29114"}],"version-history":[{"count":1,"href":"https:\/\/blogdoeloiltoncajuhy.com.br\/site\/wp-json\/wp\/v2\/posts\/29114\/revisions"}],"predecessor-version":[{"id":29116,"href":"https:\/\/blogdoeloiltoncajuhy.com.br\/site\/wp-json\/wp\/v2\/posts\/29114\/revisions\/29116"}],"wp:featuredmedia":[{"embeddable":true,"href":"https:\/\/blogdoeloiltoncajuhy.com.br\/site\/wp-json\/wp\/v2\/media\/29115"}],"wp:attachment":[{"href":"https:\/\/blogdoeloiltoncajuhy.com.br\/site\/wp-json\/wp\/v2\/media?parent=29114"}],"wp:term":[{"taxonomy":"category","embeddable":true,"href":"https:\/\/blogdoeloiltoncajuhy.com.br\/site\/wp-json\/wp\/v2\/categories?post=29114"},{"taxonomy":"post_tag","embeddable":true,"href":"https:\/\/blogdoeloiltoncajuhy.com.br\/site\/wp-json\/wp\/v2\/tags?post=29114"}],"curies":[{"name":"wp","href":"https:\/\/api.w.org\/{rel}","templated":true}]}}