{"id":29109,"date":"2018-11-10T23:05:28","date_gmt":"2018-11-11T02:05:28","guid":{"rendered":"http:\/\/blogdoeloiltoncajuhy.com.br\/site\/?p=29109"},"modified":"2018-11-10T23:05:28","modified_gmt":"2018-11-11T02:05:28","slug":"campanha-online-mobiliza-mais-de-dois-milhoes-contra-reajuste-dos-salarios-do-stf","status":"publish","type":"post","link":"https:\/\/blogdoeloiltoncajuhy.com.br\/site\/campanha-online-mobiliza-mais-de-dois-milhoes-contra-reajuste-dos-salarios-do-stf\/","title":{"rendered":"Campanha online mobiliza mais de dois milh\u00f5es contra reajuste dos sal\u00e1rios do STF"},"content":{"rendered":"<figure id=\"attachment_29110\" aria-describedby=\"caption-attachment-29110\" style=\"width: 380px\" class=\"wp-caption alignleft\"><a href=\"https:\/\/i0.wp.com\/blogdoeloiltoncajuhy.com.br\/site\/wp-content\/uploads\/2018\/11\/STF_aumento.jpg\"><img data-recalc-dims=\"1\" fetchpriority=\"high\" decoding=\"async\" class=\"wp-image-29110 size-full\" src=\"https:\/\/i0.wp.com\/blogdoeloiltoncajuhy.com.br\/site\/wp-content\/uploads\/2018\/11\/STF_aumento.jpg?resize=380%2C280\" alt=\"\" width=\"380\" height=\"280\" srcset=\"https:\/\/i0.wp.com\/blogdoeloiltoncajuhy.com.br\/site\/wp-content\/uploads\/2018\/11\/STF_aumento.jpg?w=380&amp;ssl=1 380w, https:\/\/i0.wp.com\/blogdoeloiltoncajuhy.com.br\/site\/wp-content\/uploads\/2018\/11\/STF_aumento.jpg?resize=300%2C221&amp;ssl=1 300w, https:\/\/i0.wp.com\/blogdoeloiltoncajuhy.com.br\/site\/wp-content\/uploads\/2018\/11\/STF_aumento.jpg?resize=250%2C184&amp;ssl=1 250w\" sizes=\"(max-width: 380px) 100vw, 380px\" \/><\/a><figcaption id=\"caption-attachment-29110\" class=\"wp-caption-text\">Foto: Reprodu\u00e7\u00e3o\/SCO-STF<\/figcaption><\/figure>\n<p>Mais de dois milh\u00f5es de assinaturas j\u00e1 foram declaradas em uma campanha online contra o reajuste de 16,38% no sal\u00e1rio dos ministros do Supremo Tribunal Federal, aprovado pelo Senado nesta quinta-feira (8). A iniciativa foi feita pelo Partido Novo, que tamb\u00e9m entrou com uma peti\u00e7\u00e3o para que o presidente Michel Temer vete o aumento.<\/p>\n<p>A sigla alega que o reajuste \u201c<em>causa enorme impacto fiscal em todos os Estados brasileiros, devido a altera\u00e7\u00e3o do teto de sal\u00e1rios do funcionalismo p\u00fablico<\/em>\u201d. De acordo com o Estad\u00e3o, se sancionado o projeto de lei que prev\u00ea o aumento, a remunera\u00e7\u00e3o dos ministros passar\u00e1 de R$ 33,7 mil para R$ 39,2 mil mensais.<\/p>\n<p>C\u00e1lculos feitos por consultorias da C\u00e2mara dos Deputados e do Senado apontam que o chamado <em><strong>\u201cefeito cascata\u201d<\/strong><\/em> causado pela expans\u00e3o do teto do funcionalismo p\u00fablico pode custar cerca de R$ 4,1 bilh\u00f5es. Estados que enfrentam crises financeiras, como o Rio de Janeiro e Minas Gerais, poder\u00e3o sofrer para cobrir o aumento na folha de pagamento dos servidores.<\/p>\n<p><em><strong>*Bahia Not\u00edcias<\/strong><\/em><\/p>\n","protected":false},"excerpt":{"rendered":"<p>Mais de dois milh\u00f5es de assinaturas j\u00e1 foram declaradas em uma campanha online contra o reajuste de 16,38% no sal\u00e1rio dos ministros do Supremo Tribunal Federal, aprovado pelo Senado nesta quinta-feira (8). A iniciativa foi feita pelo Partido Novo, que tamb\u00e9m entrou com uma peti\u00e7\u00e3o para que o presidente Michel Temer vete o aumento. A [&hellip;]<\/p>\n","protected":false},"author":2,"featured_media":29110,"comment_status":"open","ping_status":"open","sticky":false,"template":"","format":"standard","meta":{"_acf_changed":false,"_monsterinsights_skip_tracking":false,"_monsterinsights_sitenote_active":false,"_monsterinsights_sitenote_note":"","_monsterinsights_sitenote_category":0,"_jetpack_memberships_contains_paid_content":false,"footnotes":"","jetpack_publicize_message":"","jetpack_publicize_feature_enabled":true,"jetpack_social_post_already_shared":true,"jetpack_social_options":{"image_generator_settings":{"template":"highway","default_image_id":0,"font":"","enabled":false},"version":2}},"categories":[1,3],"tags":[],"class_list":["post-29109","post","type-post","status-publish","format-standard","has-post-thumbnail","hentry","category-noticias","category-politica"],"acf":[],"jetpack_publicize_connections":[],"jetpack_featured_media_url":"https:\/\/i0.wp.com\/blogdoeloiltoncajuhy.com.br\/site\/wp-content\/uploads\/2018\/11\/STF_aumento.jpg?fit=380%2C280&ssl=1","jetpack_sharing_enabled":true,"publishpress_future_workflow_manual_trigger":{"enabledWorkflows":[]},"_links":{"self":[{"href":"https:\/\/blogdoeloiltoncajuhy.com.br\/site\/wp-json\/wp\/v2\/posts\/29109","targetHints":{"allow":["GET"]}}],"collection":[{"href":"https:\/\/blogdoeloiltoncajuhy.com.br\/site\/wp-json\/wp\/v2\/posts"}],"about":[{"href":"https:\/\/blogdoeloiltoncajuhy.com.br\/site\/wp-json\/wp\/v2\/types\/post"}],"author":[{"embeddable":true,"href":"https:\/\/blogdoeloiltoncajuhy.com.br\/site\/wp-json\/wp\/v2\/users\/2"}],"replies":[{"embeddable":true,"href":"https:\/\/blogdoeloiltoncajuhy.com.br\/site\/wp-json\/wp\/v2\/comments?post=29109"}],"version-history":[{"count":1,"href":"https:\/\/blogdoeloiltoncajuhy.com.br\/site\/wp-json\/wp\/v2\/posts\/29109\/revisions"}],"predecessor-version":[{"id":29111,"href":"https:\/\/blogdoeloiltoncajuhy.com.br\/site\/wp-json\/wp\/v2\/posts\/29109\/revisions\/29111"}],"wp:featuredmedia":[{"embeddable":true,"href":"https:\/\/blogdoeloiltoncajuhy.com.br\/site\/wp-json\/wp\/v2\/media\/29110"}],"wp:attachment":[{"href":"https:\/\/blogdoeloiltoncajuhy.com.br\/site\/wp-json\/wp\/v2\/media?parent=29109"}],"wp:term":[{"taxonomy":"category","embeddable":true,"href":"https:\/\/blogdoeloiltoncajuhy.com.br\/site\/wp-json\/wp\/v2\/categories?post=29109"},{"taxonomy":"post_tag","embeddable":true,"href":"https:\/\/blogdoeloiltoncajuhy.com.br\/site\/wp-json\/wp\/v2\/tags?post=29109"}],"curies":[{"name":"wp","href":"https:\/\/api.w.org\/{rel}","templated":true}]}}