{"id":29102,"date":"2018-11-10T22:38:39","date_gmt":"2018-11-11T01:38:39","guid":{"rendered":"http:\/\/blogdoeloiltoncajuhy.com.br\/site\/?p=29102"},"modified":"2018-11-10T22:38:39","modified_gmt":"2018-11-11T01:38:39","slug":"rogerio-ceni-comemora-titulo-da-serie-b-com-fortaleza-dia-muito-especial-de-muita-alegria","status":"publish","type":"post","link":"https:\/\/blogdoeloiltoncajuhy.com.br\/site\/rogerio-ceni-comemora-titulo-da-serie-b-com-fortaleza-dia-muito-especial-de-muita-alegria\/","title":{"rendered":"Rog\u00e9rio Ceni comemora t\u00edtulo da S\u00e9rie B com Fortaleza: &#8220;Dia muito especial, de muita alegria&#8221;"},"content":{"rendered":"<h5 style=\"text-align: center;\"><em>T\u00e9cnico do Le\u00e3o elogia atletas e convoca torcida para festejar ap\u00f3s a vit\u00f3ria por 1 a 0 diante do Ava\u00ed<\/em><\/h5>\n<figure id=\"attachment_29103\" aria-describedby=\"caption-attachment-29103\" style=\"width: 1360px\" class=\"wp-caption aligncenter\"><a href=\"https:\/\/i0.wp.com\/blogdoeloiltoncajuhy.com.br\/site\/wp-content\/uploads\/2018\/11\/rogerio-ceni_fortaleza-ce.jpg\"><img data-recalc-dims=\"1\" fetchpriority=\"high\" decoding=\"async\" class=\"wp-image-29103 size-full\" src=\"https:\/\/i0.wp.com\/blogdoeloiltoncajuhy.com.br\/site\/wp-content\/uploads\/2018\/11\/rogerio-ceni_fortaleza-ce.jpg?resize=800%2C534\" alt=\"\" width=\"800\" height=\"534\" srcset=\"https:\/\/i0.wp.com\/blogdoeloiltoncajuhy.com.br\/site\/wp-content\/uploads\/2018\/11\/rogerio-ceni_fortaleza-ce.jpg?w=1360&amp;ssl=1 1360w, https:\/\/i0.wp.com\/blogdoeloiltoncajuhy.com.br\/site\/wp-content\/uploads\/2018\/11\/rogerio-ceni_fortaleza-ce.jpg?resize=300%2C200&amp;ssl=1 300w, https:\/\/i0.wp.com\/blogdoeloiltoncajuhy.com.br\/site\/wp-content\/uploads\/2018\/11\/rogerio-ceni_fortaleza-ce.jpg?resize=768%2C512&amp;ssl=1 768w, https:\/\/i0.wp.com\/blogdoeloiltoncajuhy.com.br\/site\/wp-content\/uploads\/2018\/11\/rogerio-ceni_fortaleza-ce.jpg?resize=1024%2C683&amp;ssl=1 1024w, https:\/\/i0.wp.com\/blogdoeloiltoncajuhy.com.br\/site\/wp-content\/uploads\/2018\/11\/rogerio-ceni_fortaleza-ce.jpg?resize=250%2C167&amp;ssl=1 250w\" sizes=\"(max-width: 800px) 100vw, 800px\" \/><\/a><figcaption id=\"caption-attachment-29103\" class=\"wp-caption-text\">Foto: Cristiano Andujar\/Futura Press<\/figcaption><\/figure>\n<p>No Centen\u00e1rio do Fortaleza, Rog\u00e9rio Ceni crava o nome dele na hist\u00f3ria do clube. N\u00e3o somente pelo acesso \u00e0 S\u00e9rie A do Brasileiro. Mas tamb\u00e9m pelo t\u00edtulo da Segundona, algo que um clube nordestino nunca tinha garantido na era dos pontos corridos. O feito veio ap\u00f3s a vit\u00f3ria diante do Ava\u00ed, neste s\u00e1bado (10), na Ressacada. O gol de Rodolfo aos 49 minutos da segunda etapa confirmou a grande fase, o ano quase que perfeito (faltou s\u00f3 o t\u00edtulo estadual). Rog\u00e9rio Ceni tenta descrever a emo\u00e7\u00e3o.<\/p>\n<p><em>&#8211; \u00c9 uma sensa\u00e7\u00e3o muito bacana. Fizemos o melhor, corremos os riscos, foi uma outra escala\u00e7\u00e3o. Taticamente, foi uma partida perfeita. Um dia muito especial, um dia de muita alegria. Maior t\u00edtulo da hist\u00f3ria do clube no Centen\u00e1rio &#8211;<\/em> afirma o t\u00e9cnico do Fortaleza.<\/p>\n<p>Rog\u00e9rio cancelou uma viagem com a fam\u00edlia para voltar a Fortaleza junto com o elenco. A delega\u00e7\u00e3o desembarca na capital cearense no in\u00edcio da tarde deste domingo (11) e deve seguir para a Praia de Iracema, onde ocorre a festa do Tricolor. O t\u00e9cnico comentou sobre o que espera da torcida no momento.<\/p>\n<p><em>&#8211; O que eu mais gostaria de ver, maior presente que a gente pode ter \u00e9 ver o Castel\u00e3o lotado, com mosaico, cantando as m\u00fasicas de apoio do time, aquela do Cassiano e o hino do clube, \u00e9 o maior presente que a gente pode receber (no pr\u00f3ximo confronto). Com 57 mil pessoas&#8230; presentes junto com a gente. E comemorar esse t\u00edtulo. Os atletas merecem esse reconhecimento. Para mim, seria muito importante.<\/em><\/p>\n<p><em><strong>*Por Tha\u00eds Jorge \u2014 Fortaleza, CE<\/strong><\/em><\/p>\n","protected":false},"excerpt":{"rendered":"<p>T\u00e9cnico do Le\u00e3o elogia atletas e convoca torcida para festejar ap\u00f3s a vit\u00f3ria por 1 a 0 diante do Ava\u00ed No Centen\u00e1rio do Fortaleza, Rog\u00e9rio Ceni crava o nome dele na hist\u00f3ria do clube. N\u00e3o somente pelo acesso \u00e0 S\u00e9rie A do Brasileiro. Mas tamb\u00e9m pelo t\u00edtulo da Segundona, algo que um clube nordestino nunca [&hellip;]<\/p>\n","protected":false},"author":2,"featured_media":29103,"comment_status":"open","ping_status":"open","sticky":false,"template":"","format":"standard","meta":{"_acf_changed":false,"_monsterinsights_skip_tracking":false,"_monsterinsights_sitenote_active":false,"_monsterinsights_sitenote_note":"","_monsterinsights_sitenote_category":0,"_jetpack_memberships_contains_paid_content":false,"footnotes":"","jetpack_publicize_message":"","jetpack_publicize_feature_enabled":true,"jetpack_social_post_already_shared":true,"jetpack_social_options":{"image_generator_settings":{"template":"highway","default_image_id":0,"font":"","enabled":false},"version":2}},"categories":[6,1],"tags":[],"class_list":["post-29102","post","type-post","status-publish","format-standard","has-post-thumbnail","hentry","category-esportes","category-noticias"],"acf":[],"jetpack_publicize_connections":[],"jetpack_featured_media_url":"https:\/\/i0.wp.com\/blogdoeloiltoncajuhy.com.br\/site\/wp-content\/uploads\/2018\/11\/rogerio-ceni_fortaleza-ce.jpg?fit=1360%2C907&ssl=1","jetpack_sharing_enabled":true,"publishpress_future_workflow_manual_trigger":{"enabledWorkflows":[]},"_links":{"self":[{"href":"https:\/\/blogdoeloiltoncajuhy.com.br\/site\/wp-json\/wp\/v2\/posts\/29102","targetHints":{"allow":["GET"]}}],"collection":[{"href":"https:\/\/blogdoeloiltoncajuhy.com.br\/site\/wp-json\/wp\/v2\/posts"}],"about":[{"href":"https:\/\/blogdoeloiltoncajuhy.com.br\/site\/wp-json\/wp\/v2\/types\/post"}],"author":[{"embeddable":true,"href":"https:\/\/blogdoeloiltoncajuhy.com.br\/site\/wp-json\/wp\/v2\/users\/2"}],"replies":[{"embeddable":true,"href":"https:\/\/blogdoeloiltoncajuhy.com.br\/site\/wp-json\/wp\/v2\/comments?post=29102"}],"version-history":[{"count":1,"href":"https:\/\/blogdoeloiltoncajuhy.com.br\/site\/wp-json\/wp\/v2\/posts\/29102\/revisions"}],"predecessor-version":[{"id":29104,"href":"https:\/\/blogdoeloiltoncajuhy.com.br\/site\/wp-json\/wp\/v2\/posts\/29102\/revisions\/29104"}],"wp:featuredmedia":[{"embeddable":true,"href":"https:\/\/blogdoeloiltoncajuhy.com.br\/site\/wp-json\/wp\/v2\/media\/29103"}],"wp:attachment":[{"href":"https:\/\/blogdoeloiltoncajuhy.com.br\/site\/wp-json\/wp\/v2\/media?parent=29102"}],"wp:term":[{"taxonomy":"category","embeddable":true,"href":"https:\/\/blogdoeloiltoncajuhy.com.br\/site\/wp-json\/wp\/v2\/categories?post=29102"},{"taxonomy":"post_tag","embeddable":true,"href":"https:\/\/blogdoeloiltoncajuhy.com.br\/site\/wp-json\/wp\/v2\/tags?post=29102"}],"curies":[{"name":"wp","href":"https:\/\/api.w.org\/{rel}","templated":true}]}}