{"id":29095,"date":"2018-11-10T09:56:42","date_gmt":"2018-11-10T12:56:42","guid":{"rendered":"http:\/\/blogdoeloiltoncajuhy.com.br\/site\/?p=29095"},"modified":"2018-11-10T09:56:42","modified_gmt":"2018-11-10T12:56:42","slug":"prefeitura-de-andorinha-tem-contas-aprovadas-pelo-tribunal-de-contas-dos-municipios-2","status":"publish","type":"post","link":"https:\/\/blogdoeloiltoncajuhy.com.br\/site\/prefeitura-de-andorinha-tem-contas-aprovadas-pelo-tribunal-de-contas-dos-municipios-2\/","title":{"rendered":"Prefeitura de Andorinha tem contas aprovadas pelo Tribunal de Contas dos Munic\u00edpios"},"content":{"rendered":"<p><a href=\"https:\/\/i0.wp.com\/blogdoeloiltoncajuhy.com.br\/site\/wp-content\/uploads\/2018\/11\/prefeito-renato-aprovacao-tcm.jpg\"><img data-recalc-dims=\"1\" fetchpriority=\"high\" decoding=\"async\" class=\"aligncenter wp-image-29096\" src=\"https:\/\/i0.wp.com\/blogdoeloiltoncajuhy.com.br\/site\/wp-content\/uploads\/2018\/11\/prefeito-renato-aprovacao-tcm.jpg?resize=560%2C373\" alt=\"\" width=\"560\" height=\"373\" srcset=\"https:\/\/i0.wp.com\/blogdoeloiltoncajuhy.com.br\/site\/wp-content\/uploads\/2018\/11\/prefeito-renato-aprovacao-tcm.jpg?w=960&amp;ssl=1 960w, https:\/\/i0.wp.com\/blogdoeloiltoncajuhy.com.br\/site\/wp-content\/uploads\/2018\/11\/prefeito-renato-aprovacao-tcm.jpg?resize=300%2C200&amp;ssl=1 300w, https:\/\/i0.wp.com\/blogdoeloiltoncajuhy.com.br\/site\/wp-content\/uploads\/2018\/11\/prefeito-renato-aprovacao-tcm.jpg?resize=768%2C512&amp;ssl=1 768w, https:\/\/i0.wp.com\/blogdoeloiltoncajuhy.com.br\/site\/wp-content\/uploads\/2018\/11\/prefeito-renato-aprovacao-tcm.jpg?resize=250%2C167&amp;ssl=1 250w\" sizes=\"(max-width: 560px) 100vw, 560px\" \/><\/a>O Tribunal de Contas dos Munic\u00edpios (TCM) aprovou as contas da Prefeitura de Andorinha, referentes ao ano 2017, primeiro ano da gest\u00e3o do prefeito Renato Brand\u00e3o.<\/p>\n<p>O \u00f3rg\u00e3o fiscalizador analisa, dentre outros aspectos, os investimentos constitucionais em Sa\u00fade e Educa\u00e7\u00e3o, bem como as despesas com Funcionalismo P\u00fablico dentro dos limites permitidos pela Lei de Responsabilidade Fiscal.<\/p>\n<p>Para o prefeito, Renato Brand\u00e3o, essa aprova\u00e7\u00e3o \u00e9 um reflexo do compromisso e honestidade da equipe administrativa, que sempre se manteve firme e comprometida com a responsabilidade fiscal.<\/p>\n<p>\u201c<em>A decis\u00e3o do TCM prova que estamos no caminho certo, com uma gest\u00e3o pautada na \u00e9tica, transpar\u00eancia, valorizando o servidor e cumprindo o que estabelecem as leis<\/em>&#8220;, disse Renato.<\/p>\n<p><em><strong>*Ascom Prefeitura Municipal de Andorinha-BA<\/strong><\/em><\/p>\n","protected":false},"excerpt":{"rendered":"<p>O Tribunal de Contas dos Munic\u00edpios (TCM) aprovou as contas da Prefeitura de Andorinha, referentes ao ano 2017, primeiro ano da gest\u00e3o do prefeito Renato Brand\u00e3o. O \u00f3rg\u00e3o fiscalizador analisa, dentre outros aspectos, os investimentos constitucionais em Sa\u00fade e Educa\u00e7\u00e3o, bem como as despesas com Funcionalismo P\u00fablico dentro dos limites permitidos pela Lei de Responsabilidade [&hellip;]<\/p>\n","protected":false},"author":2,"featured_media":29096,"comment_status":"open","ping_status":"open","sticky":false,"template":"","format":"standard","meta":{"_acf_changed":false,"_monsterinsights_skip_tracking":false,"_monsterinsights_sitenote_active":false,"_monsterinsights_sitenote_note":"","_monsterinsights_sitenote_category":0,"_jetpack_memberships_contains_paid_content":false,"footnotes":"","jetpack_publicize_message":"","jetpack_publicize_feature_enabled":true,"jetpack_social_post_already_shared":true,"jetpack_social_options":{"image_generator_settings":{"template":"highway","default_image_id":0,"font":"","enabled":false},"version":2}},"categories":[1,3,11],"tags":[],"class_list":["post-29095","post","type-post","status-publish","format-standard","has-post-thumbnail","hentry","category-noticias","category-politica","category-regional"],"acf":[],"jetpack_publicize_connections":[],"jetpack_featured_media_url":"https:\/\/i0.wp.com\/blogdoeloiltoncajuhy.com.br\/site\/wp-content\/uploads\/2018\/11\/prefeito-renato-aprovacao-tcm.jpg?fit=960%2C640&ssl=1","jetpack_sharing_enabled":true,"publishpress_future_workflow_manual_trigger":{"enabledWorkflows":[]},"_links":{"self":[{"href":"https:\/\/blogdoeloiltoncajuhy.com.br\/site\/wp-json\/wp\/v2\/posts\/29095","targetHints":{"allow":["GET"]}}],"collection":[{"href":"https:\/\/blogdoeloiltoncajuhy.com.br\/site\/wp-json\/wp\/v2\/posts"}],"about":[{"href":"https:\/\/blogdoeloiltoncajuhy.com.br\/site\/wp-json\/wp\/v2\/types\/post"}],"author":[{"embeddable":true,"href":"https:\/\/blogdoeloiltoncajuhy.com.br\/site\/wp-json\/wp\/v2\/users\/2"}],"replies":[{"embeddable":true,"href":"https:\/\/blogdoeloiltoncajuhy.com.br\/site\/wp-json\/wp\/v2\/comments?post=29095"}],"version-history":[{"count":1,"href":"https:\/\/blogdoeloiltoncajuhy.com.br\/site\/wp-json\/wp\/v2\/posts\/29095\/revisions"}],"predecessor-version":[{"id":29097,"href":"https:\/\/blogdoeloiltoncajuhy.com.br\/site\/wp-json\/wp\/v2\/posts\/29095\/revisions\/29097"}],"wp:featuredmedia":[{"embeddable":true,"href":"https:\/\/blogdoeloiltoncajuhy.com.br\/site\/wp-json\/wp\/v2\/media\/29096"}],"wp:attachment":[{"href":"https:\/\/blogdoeloiltoncajuhy.com.br\/site\/wp-json\/wp\/v2\/media?parent=29095"}],"wp:term":[{"taxonomy":"category","embeddable":true,"href":"https:\/\/blogdoeloiltoncajuhy.com.br\/site\/wp-json\/wp\/v2\/categories?post=29095"},{"taxonomy":"post_tag","embeddable":true,"href":"https:\/\/blogdoeloiltoncajuhy.com.br\/site\/wp-json\/wp\/v2\/tags?post=29095"}],"curies":[{"name":"wp","href":"https:\/\/api.w.org\/{rel}","templated":true}]}}