{"id":29091,"date":"2018-11-10T09:50:57","date_gmt":"2018-11-10T12:50:57","guid":{"rendered":"http:\/\/blogdoeloiltoncajuhy.com.br\/site\/?p=29091"},"modified":"2018-11-10T09:50:57","modified_gmt":"2018-11-10T12:50:57","slug":"brasileiro-participa-da-v-semana-do-produtor-viver-bem-no-semiarido-realizada-em-senhor-do-bonfim","status":"publish","type":"post","link":"https:\/\/blogdoeloiltoncajuhy.com.br\/site\/brasileiro-participa-da-v-semana-do-produtor-viver-bem-no-semiarido-realizada-em-senhor-do-bonfim\/","title":{"rendered":"Brasileiro participa da V Semana do Produtor Viver Bem no Semi\u00e1rido realizada em Senhor do Bonfim"},"content":{"rendered":"<p><a href=\"https:\/\/i0.wp.com\/blogdoeloiltoncajuhy.com.br\/site\/wp-content\/uploads\/2018\/11\/viver-bem-01.jpg\"><img data-recalc-dims=\"1\" fetchpriority=\"high\" decoding=\"async\" class=\"aligncenter size-full wp-image-29092\" src=\"https:\/\/i0.wp.com\/blogdoeloiltoncajuhy.com.br\/site\/wp-content\/uploads\/2018\/11\/viver-bem-01.jpg?resize=800%2C533\" alt=\"\" width=\"800\" height=\"533\" srcset=\"https:\/\/i0.wp.com\/blogdoeloiltoncajuhy.com.br\/site\/wp-content\/uploads\/2018\/11\/viver-bem-01.jpg?w=960&amp;ssl=1 960w, https:\/\/i0.wp.com\/blogdoeloiltoncajuhy.com.br\/site\/wp-content\/uploads\/2018\/11\/viver-bem-01.jpg?resize=300%2C200&amp;ssl=1 300w, https:\/\/i0.wp.com\/blogdoeloiltoncajuhy.com.br\/site\/wp-content\/uploads\/2018\/11\/viver-bem-01.jpg?resize=768%2C512&amp;ssl=1 768w, https:\/\/i0.wp.com\/blogdoeloiltoncajuhy.com.br\/site\/wp-content\/uploads\/2018\/11\/viver-bem-01.jpg?resize=250%2C167&amp;ssl=1 250w\" sizes=\"(max-width: 800px) 100vw, 800px\" \/><\/a>O Prefeito Carlos Brasileiro participou na manh\u00e3 de quinta-feira, 8, da abertura da V Semana do Produtor Viver Bem no Semi\u00e1rido. O evento aconteceu no Centro de Capacita\u00e7\u00e3o Regional do Senar, localizado no Parque de Exposi\u00e7\u00f5es Dr. An\u00edbal Gon\u00e7alves, em Senhor do Bonfim.<\/p>\n<p>A programa\u00e7\u00e3o ofereceu cursos, oficinas e palestras gratuitas voltados para a gest\u00e3o e produ\u00e7\u00e3o no campo. Mais de 200 participantes de diversas cidades da Bahia estiveram envolvidos nas atividades desde do dia 5.<\/p>\n<p>&#8220;<em>O evento foi criado em 2013 e tem como objetivo desenvolver a nossa atividade principal que \u00e9 a caprinovinocultura, n\u00e3o esquecendo tamb\u00e9m a cria\u00e7\u00e3o de gado de leite<\/em>&#8220;, disse o presidente do Sindicato dos Produtores Rurais de Senhor do Bonfim, Ivo Santiago.<\/p>\n<p>O projeto \u00e9 promovido pelo sistema Faeb\/Senar com apoio do Sindicato do Produtor Rural, Sebrae, Instituto Federal e Prefeitura de Senhor do Bonfim.<\/p>\n<p>\u201c<em>O Viver Bem no semi\u00e1rido \u00e9 um evento consolidado que leva para nossos produtores e produtoras rurais conhecimento e informa\u00e7\u00e3o. Quem tem conhecimento sempre est\u00e1 na frente<\/em>\u201d, destaca o gerente regional do Sebrae, Geronilson Ferreira Pereira.<\/p>\n<p>O evento terminou nesta sexta-feira, 9 de novembro. O prefeito de Senhor do Bonfim e presidente do Cons\u00f3rcio do Piemonte Norte do Itapicuru tamb\u00e9m participou da abertura.<\/p>\n<p>\u201c<em>Bonfim se coloca novamente como um polo regional de desenvolvimento e de discuss\u00e3o macro e micro do estado da Bahia. Aqui vivemos mais um momento que visa retomarmos o nosso munic\u00edpio ao local que nunca dever\u00edamos ter sa\u00eddo, entre os 16 mais importantes da Bahia<\/em>\u201d, enfatiza Carlos Brasileiro.<\/p>\n<p>Na oportunidade, Brasileiro tamb\u00e9m falou sobre a implanta\u00e7\u00e3o de um laborat\u00f3rio da Cescage Gen\u00e9tica no munic\u00edpio, em parceria com Instituto Federal. A Cescage fica em Ponta Grossa no Paran\u00e1 e \u00e9 considerada uma das mais conceituadas empresa de melhoramento gen\u00e9tico no Brasil.<\/p>\n<p>Joaquim Rosenio Antunes Cordeiro, produtor de gado leiteiro em Mundo Novo, foi um dos participantes. \u201c<em>\u00c9 um incentivo ao produtor e agrega conhecimento. Estou gostando muito do evento<\/em>\u201d, diz Joaquim.<\/p>\n<p><a href=\"https:\/\/i0.wp.com\/blogdoeloiltoncajuhy.com.br\/site\/wp-content\/uploads\/2018\/11\/viver-bem-02.jpg\"><img data-recalc-dims=\"1\" decoding=\"async\" class=\"aligncenter size-full wp-image-29093\" src=\"https:\/\/i0.wp.com\/blogdoeloiltoncajuhy.com.br\/site\/wp-content\/uploads\/2018\/11\/viver-bem-02.jpg?resize=800%2C533\" alt=\"\" width=\"800\" height=\"533\" srcset=\"https:\/\/i0.wp.com\/blogdoeloiltoncajuhy.com.br\/site\/wp-content\/uploads\/2018\/11\/viver-bem-02.jpg?w=960&amp;ssl=1 960w, https:\/\/i0.wp.com\/blogdoeloiltoncajuhy.com.br\/site\/wp-content\/uploads\/2018\/11\/viver-bem-02.jpg?resize=300%2C200&amp;ssl=1 300w, https:\/\/i0.wp.com\/blogdoeloiltoncajuhy.com.br\/site\/wp-content\/uploads\/2018\/11\/viver-bem-02.jpg?resize=768%2C512&amp;ssl=1 768w, https:\/\/i0.wp.com\/blogdoeloiltoncajuhy.com.br\/site\/wp-content\/uploads\/2018\/11\/viver-bem-02.jpg?resize=250%2C167&amp;ssl=1 250w\" sizes=\"(max-width: 800px) 100vw, 800px\" \/><\/a>A solenidade de abertura ainda contou com a presen\u00e7a do vice-prefeito Jos\u00e9 Ant\u00f4nio, do presidente da C\u00e2mara de Vereadores, R\u00ea do Sindicato, da secret\u00e1ria de Desenvolvimento da Agricultura Familiar, Damiana Duarte, presidentes de diversos sindicatos rurais, lideran\u00e7as comunit\u00e1rias, criadores, al\u00e9m da prefeita de Iti\u00faba, Cecilia Petrina.<\/p>\n<p>Petrina aproveitou o momento para discutir o uso coletivo do abatedouro que est\u00e1 sendo implantado no munic\u00edpio. \u201c<em>A obra estrutural est\u00e1 em fase de finaliza\u00e7\u00e3o. Nosso objeto agora \u00e9 buscar caminhos para tornar o neg\u00f3cio eficiente e vi\u00e1vel<\/em>&#8220;, destaca Cecilia.<\/p>\n<p><em><strong>*Ascom Prefeitura Municipal de Senhor do Bonfim-BA<\/strong><\/em><\/p>\n","protected":false},"excerpt":{"rendered":"<p>O Prefeito Carlos Brasileiro participou na manh\u00e3 de quinta-feira, 8, da abertura da V Semana do Produtor Viver Bem no Semi\u00e1rido. O evento aconteceu no Centro de Capacita\u00e7\u00e3o Regional do Senar, localizado no Parque de Exposi\u00e7\u00f5es Dr. An\u00edbal Gon\u00e7alves, em Senhor do Bonfim. A programa\u00e7\u00e3o ofereceu cursos, oficinas e palestras gratuitas voltados para a gest\u00e3o [&hellip;]<\/p>\n","protected":false},"author":2,"featured_media":29093,"comment_status":"open","ping_status":"open","sticky":false,"template":"","format":"standard","meta":{"_acf_changed":false,"_monsterinsights_skip_tracking":false,"_monsterinsights_sitenote_active":false,"_monsterinsights_sitenote_note":"","_monsterinsights_sitenote_category":0,"_jetpack_memberships_contains_paid_content":false,"footnotes":"","jetpack_publicize_message":"","jetpack_publicize_feature_enabled":true,"jetpack_social_post_already_shared":true,"jetpack_social_options":{"image_generator_settings":{"template":"highway","default_image_id":0,"font":"","enabled":false},"version":2}},"categories":[1,3,4],"tags":[],"class_list":["post-29091","post","type-post","status-publish","format-standard","has-post-thumbnail","hentry","category-noticias","category-politica","category-local"],"acf":[],"jetpack_publicize_connections":[],"jetpack_featured_media_url":"https:\/\/i0.wp.com\/blogdoeloiltoncajuhy.com.br\/site\/wp-content\/uploads\/2018\/11\/viver-bem-02.jpg?fit=960%2C640&ssl=1","jetpack_sharing_enabled":true,"publishpress_future_workflow_manual_trigger":{"enabledWorkflows":[]},"_links":{"self":[{"href":"https:\/\/blogdoeloiltoncajuhy.com.br\/site\/wp-json\/wp\/v2\/posts\/29091","targetHints":{"allow":["GET"]}}],"collection":[{"href":"https:\/\/blogdoeloiltoncajuhy.com.br\/site\/wp-json\/wp\/v2\/posts"}],"about":[{"href":"https:\/\/blogdoeloiltoncajuhy.com.br\/site\/wp-json\/wp\/v2\/types\/post"}],"author":[{"embeddable":true,"href":"https:\/\/blogdoeloiltoncajuhy.com.br\/site\/wp-json\/wp\/v2\/users\/2"}],"replies":[{"embeddable":true,"href":"https:\/\/blogdoeloiltoncajuhy.com.br\/site\/wp-json\/wp\/v2\/comments?post=29091"}],"version-history":[{"count":1,"href":"https:\/\/blogdoeloiltoncajuhy.com.br\/site\/wp-json\/wp\/v2\/posts\/29091\/revisions"}],"predecessor-version":[{"id":29094,"href":"https:\/\/blogdoeloiltoncajuhy.com.br\/site\/wp-json\/wp\/v2\/posts\/29091\/revisions\/29094"}],"wp:featuredmedia":[{"embeddable":true,"href":"https:\/\/blogdoeloiltoncajuhy.com.br\/site\/wp-json\/wp\/v2\/media\/29093"}],"wp:attachment":[{"href":"https:\/\/blogdoeloiltoncajuhy.com.br\/site\/wp-json\/wp\/v2\/media?parent=29091"}],"wp:term":[{"taxonomy":"category","embeddable":true,"href":"https:\/\/blogdoeloiltoncajuhy.com.br\/site\/wp-json\/wp\/v2\/categories?post=29091"},{"taxonomy":"post_tag","embeddable":true,"href":"https:\/\/blogdoeloiltoncajuhy.com.br\/site\/wp-json\/wp\/v2\/tags?post=29091"}],"curies":[{"name":"wp","href":"https:\/\/api.w.org\/{rel}","templated":true}]}}