{"id":29075,"date":"2018-11-09T06:42:53","date_gmt":"2018-11-09T09:42:53","guid":{"rendered":"http:\/\/blogdoeloiltoncajuhy.com.br\/site\/?p=29075"},"modified":"2018-11-09T06:42:53","modified_gmt":"2018-11-09T09:42:53","slug":"governo-decide-que-ensino-religioso-deve-voltar-a-compor-base-nacional-curricular","status":"publish","type":"post","link":"https:\/\/blogdoeloiltoncajuhy.com.br\/site\/governo-decide-que-ensino-religioso-deve-voltar-a-compor-base-nacional-curricular\/","title":{"rendered":"Governo decide que ensino religioso deve voltar a compor Base Nacional Curricular"},"content":{"rendered":"<figure id=\"attachment_29076\" aria-describedby=\"caption-attachment-29076\" style=\"width: 450px\" class=\"wp-caption aligncenter\"><a href=\"https:\/\/i0.wp.com\/blogdoeloiltoncajuhy.com.br\/site\/wp-content\/uploads\/2018\/11\/bncc-ensino-religioso.jpg\"><img data-recalc-dims=\"1\" fetchpriority=\"high\" decoding=\"async\" class=\"wp-image-29076\" src=\"https:\/\/i0.wp.com\/blogdoeloiltoncajuhy.com.br\/site\/wp-content\/uploads\/2018\/11\/bncc-ensino-religioso.jpg?resize=450%2C332\" alt=\"\" width=\"450\" height=\"332\" srcset=\"https:\/\/i0.wp.com\/blogdoeloiltoncajuhy.com.br\/site\/wp-content\/uploads\/2018\/11\/bncc-ensino-religioso.jpg?w=380&amp;ssl=1 380w, https:\/\/i0.wp.com\/blogdoeloiltoncajuhy.com.br\/site\/wp-content\/uploads\/2018\/11\/bncc-ensino-religioso.jpg?resize=300%2C221&amp;ssl=1 300w, https:\/\/i0.wp.com\/blogdoeloiltoncajuhy.com.br\/site\/wp-content\/uploads\/2018\/11\/bncc-ensino-religioso.jpg?resize=250%2C184&amp;ssl=1 250w\" sizes=\"(max-width: 450px) 100vw, 450px\" \/><\/a><figcaption id=\"caption-attachment-29076\" class=\"wp-caption-text\">Foto: Reprodu\u00e7\u00e3o \/ EBC<\/figcaption><\/figure>\n<p>O Minist\u00e9rio da Educa\u00e7\u00e3o decidiu reincorporar o ensino religioso na Base Nacional Comum Curricular (BNCC). A disciplina havia sido retirada da \u00faltima vers\u00e3o da BNCC referente \u00e0 educa\u00e7\u00e3o infantil e ao ensino fundamental.<\/p>\n<p>De acordo com o jornal O Globo, uma decis\u00e3o recente do Supremo Tribunal Federal, que considerou constitucional a oferta da disciplina nas escolas desde que a matr\u00edcula n\u00e3o seja obrigat\u00f3ria, ampliou as press\u00f5es de grupos religiosos em favor da volta do assunto para a Base.<\/p>\n<p>O retorno do ensino religioso \u00e0 Base faz parte de um pacote de sugest\u00f5es levantadas pelo Conselho Nacional de Educa\u00e7\u00e3o (CNE), a partir de audi\u00eancias p\u00fablicas realizadas em todo o Brasil durante o ano. As quest\u00f5es foram discutidas com o MEC nesta quinta-feira (8).<\/p>\n<p>Ainda segundo o Globo, o CNE far\u00e1 a vers\u00e3o final do texto para encaminh\u00e1-lo ao ministro da Educa\u00e7\u00e3o, a quem cabe homologar a BNCC. O documento ir\u00e1 definir o que deve ser aprendido pelos alunos em cada etapa escolar. A previs\u00e3o \u00e9 que esteja pronto at\u00e9 o fim deste ano.<\/p>\n<p><em><strong>*Bahia Not\u00edcias<\/strong><\/em><\/p>\n","protected":false},"excerpt":{"rendered":"<p>O Minist\u00e9rio da Educa\u00e7\u00e3o decidiu reincorporar o ensino religioso na Base Nacional Comum Curricular (BNCC). A disciplina havia sido retirada da \u00faltima vers\u00e3o da BNCC referente \u00e0 educa\u00e7\u00e3o infantil e ao ensino fundamental. De acordo com o jornal O Globo, uma decis\u00e3o recente do Supremo Tribunal Federal, que considerou constitucional a oferta da disciplina nas [&hellip;]<\/p>\n","protected":false},"author":2,"featured_media":29076,"comment_status":"open","ping_status":"open","sticky":false,"template":"","format":"standard","meta":{"_acf_changed":false,"_monsterinsights_skip_tracking":false,"_monsterinsights_sitenote_active":false,"_monsterinsights_sitenote_note":"","_monsterinsights_sitenote_category":0,"_jetpack_memberships_contains_paid_content":false,"footnotes":"","jetpack_publicize_message":"","jetpack_publicize_feature_enabled":true,"jetpack_social_post_already_shared":true,"jetpack_social_options":{"image_generator_settings":{"template":"highway","default_image_id":0,"font":"","enabled":false},"version":2}},"categories":[14,1],"tags":[],"class_list":["post-29075","post","type-post","status-publish","format-standard","has-post-thumbnail","hentry","category-educacao","category-noticias"],"acf":[],"jetpack_publicize_connections":[],"jetpack_featured_media_url":"https:\/\/i0.wp.com\/blogdoeloiltoncajuhy.com.br\/site\/wp-content\/uploads\/2018\/11\/bncc-ensino-religioso.jpg?fit=380%2C280&ssl=1","jetpack_sharing_enabled":true,"publishpress_future_workflow_manual_trigger":{"enabledWorkflows":[]},"_links":{"self":[{"href":"https:\/\/blogdoeloiltoncajuhy.com.br\/site\/wp-json\/wp\/v2\/posts\/29075","targetHints":{"allow":["GET"]}}],"collection":[{"href":"https:\/\/blogdoeloiltoncajuhy.com.br\/site\/wp-json\/wp\/v2\/posts"}],"about":[{"href":"https:\/\/blogdoeloiltoncajuhy.com.br\/site\/wp-json\/wp\/v2\/types\/post"}],"author":[{"embeddable":true,"href":"https:\/\/blogdoeloiltoncajuhy.com.br\/site\/wp-json\/wp\/v2\/users\/2"}],"replies":[{"embeddable":true,"href":"https:\/\/blogdoeloiltoncajuhy.com.br\/site\/wp-json\/wp\/v2\/comments?post=29075"}],"version-history":[{"count":1,"href":"https:\/\/blogdoeloiltoncajuhy.com.br\/site\/wp-json\/wp\/v2\/posts\/29075\/revisions"}],"predecessor-version":[{"id":29077,"href":"https:\/\/blogdoeloiltoncajuhy.com.br\/site\/wp-json\/wp\/v2\/posts\/29075\/revisions\/29077"}],"wp:featuredmedia":[{"embeddable":true,"href":"https:\/\/blogdoeloiltoncajuhy.com.br\/site\/wp-json\/wp\/v2\/media\/29076"}],"wp:attachment":[{"href":"https:\/\/blogdoeloiltoncajuhy.com.br\/site\/wp-json\/wp\/v2\/media?parent=29075"}],"wp:term":[{"taxonomy":"category","embeddable":true,"href":"https:\/\/blogdoeloiltoncajuhy.com.br\/site\/wp-json\/wp\/v2\/categories?post=29075"},{"taxonomy":"post_tag","embeddable":true,"href":"https:\/\/blogdoeloiltoncajuhy.com.br\/site\/wp-json\/wp\/v2\/tags?post=29075"}],"curies":[{"name":"wp","href":"https:\/\/api.w.org\/{rel}","templated":true}]}}