{"id":29067,"date":"2018-11-08T20:15:27","date_gmt":"2018-11-08T23:15:27","guid":{"rendered":"http:\/\/blogdoeloiltoncajuhy.com.br\/site\/?p=29067"},"modified":"2018-11-08T20:15:27","modified_gmt":"2018-11-08T23:15:27","slug":"comece-a-sexta-feira-meditando-52","status":"publish","type":"post","link":"https:\/\/blogdoeloiltoncajuhy.com.br\/site\/comece-a-sexta-feira-meditando-52\/","title":{"rendered":"Comece a sexta-feira meditando"},"content":{"rendered":"<h5 style=\"text-align: center;\"><span style=\"color: #ff0000;\"><strong>Evangelho &#8211; Jo 2,13-22 &#8211;\u00a0Jesus estava falando do Templo do seu corpo<\/strong><\/span><\/h5>\n<p><a href=\"https:\/\/i0.wp.com\/blogdoeloiltoncajuhy.com.br\/site\/wp-content\/uploads\/2017\/12\/liturgia20209-e1514675678133.png\"><img data-recalc-dims=\"1\" fetchpriority=\"high\" decoding=\"async\" class=\"aligncenter size-full wp-image-22319\" src=\"https:\/\/i0.wp.com\/blogdoeloiltoncajuhy.com.br\/site\/wp-content\/uploads\/2017\/12\/liturgia20209-e1514675678133.png?resize=600%2C375\" alt=\"\" width=\"600\" height=\"375\" \/><\/a>Estava pr\u00f3xima a P\u00e1scoa dos judeus\u00a0e Jesus subiu a Jerusal\u00e9m.\u00a0No Templo,\u00a0encontrou os vendedores de bois, ovelhas e pombas\u00a0e os cambistas que estavam a\u00ed sentados.\u00a0Fez ent\u00e3o um chicote de cordas\u00a0e expulsou todos do Templo,\u00a0junto com as ovelhas e os bois;\u00a0espalhou as moedas\u00a0e derrubou as mesas dos cambistas.\u00a0E disse aos que vendiam pombas:\u00a0&#8220;Tirai isto daqui!\u00a0N\u00e3o fa\u00e7ais da casa de meu Pai uma casa de com\u00e9rcio!&#8221;\u00a0Seus disc\u00edpulos lembraram-se, mais tarde,\u00a0que a Escritura diz:\u00a0&#8220;O zelo por tua casa me consumir\u00e1&#8221;.\u00a0Ent\u00e3o os judeus perguntaram a Jesus:\u00a0&#8220;Que sinal nos mostras para agir assim?&#8221;\u00a0Ele respondeu:\u00a0&#8220;Destru\u00ed, este Templo,\u00a0e em tr\u00eas dias o levantarei&#8221;.\u00a0Os judeus disseram:\u00a0&#8220;Quarenta e seis anos\u00a0foram precisos para a constru\u00e7\u00e3o\u00a0deste santu\u00e1rio e tu o levantar\u00e1s em tr\u00eas dias?&#8221;\u00a0Mas Jesus estava falando do Templo do seu corpo.\u00a0Quando Jesus ressuscitou,\u00a0os disc\u00edpulos lembraram-se do que ele tinha dito\u00a0e acreditaram na Escritura e na palavra dele.<\/p>\n<p><em><strong>Palavra da Salva\u00e7\u00e3o!<\/strong><\/em><\/p>\n<p><strong>*<a href=\"http:\/\/liturgiadiaria.cnbb.org.br\/app\/user\/user\/UserView.php?ano=2018&amp;mes=11&amp;dia=9\">CNBB<\/a><\/strong><\/p>\n","protected":false},"excerpt":{"rendered":"<p>Evangelho &#8211; Jo 2,13-22 &#8211;\u00a0Jesus estava falando do Templo do seu corpo Estava pr\u00f3xima a P\u00e1scoa dos judeus\u00a0e Jesus subiu a Jerusal\u00e9m.\u00a0No Templo,\u00a0encontrou os vendedores de bois, ovelhas e pombas\u00a0e os cambistas que estavam a\u00ed sentados.\u00a0Fez ent\u00e3o um chicote de cordas\u00a0e expulsou todos do Templo,\u00a0junto com as ovelhas e os bois;\u00a0espalhou as moedas\u00a0e derrubou as [&hellip;]<\/p>\n","protected":false},"author":2,"featured_media":0,"comment_status":"open","ping_status":"open","sticky":false,"template":"","format":"standard","meta":{"_acf_changed":false,"_monsterinsights_skip_tracking":false,"_monsterinsights_sitenote_active":false,"_monsterinsights_sitenote_note":"","_monsterinsights_sitenote_category":0,"_jetpack_memberships_contains_paid_content":false,"footnotes":"","jetpack_publicize_message":"","jetpack_publicize_feature_enabled":true,"jetpack_social_post_already_shared":true,"jetpack_social_options":{"image_generator_settings":{"template":"highway","default_image_id":0,"font":"","enabled":false},"version":2}},"categories":[1,9],"tags":[],"class_list":["post-29067","post","type-post","status-publish","format-standard","hentry","category-noticias","category-reflexao"],"acf":[],"jetpack_publicize_connections":[],"jetpack_featured_media_url":"","jetpack_sharing_enabled":true,"publishpress_future_workflow_manual_trigger":{"enabledWorkflows":[]},"_links":{"self":[{"href":"https:\/\/blogdoeloiltoncajuhy.com.br\/site\/wp-json\/wp\/v2\/posts\/29067","targetHints":{"allow":["GET"]}}],"collection":[{"href":"https:\/\/blogdoeloiltoncajuhy.com.br\/site\/wp-json\/wp\/v2\/posts"}],"about":[{"href":"https:\/\/blogdoeloiltoncajuhy.com.br\/site\/wp-json\/wp\/v2\/types\/post"}],"author":[{"embeddable":true,"href":"https:\/\/blogdoeloiltoncajuhy.com.br\/site\/wp-json\/wp\/v2\/users\/2"}],"replies":[{"embeddable":true,"href":"https:\/\/blogdoeloiltoncajuhy.com.br\/site\/wp-json\/wp\/v2\/comments?post=29067"}],"version-history":[{"count":1,"href":"https:\/\/blogdoeloiltoncajuhy.com.br\/site\/wp-json\/wp\/v2\/posts\/29067\/revisions"}],"predecessor-version":[{"id":29068,"href":"https:\/\/blogdoeloiltoncajuhy.com.br\/site\/wp-json\/wp\/v2\/posts\/29067\/revisions\/29068"}],"wp:attachment":[{"href":"https:\/\/blogdoeloiltoncajuhy.com.br\/site\/wp-json\/wp\/v2\/media?parent=29067"}],"wp:term":[{"taxonomy":"category","embeddable":true,"href":"https:\/\/blogdoeloiltoncajuhy.com.br\/site\/wp-json\/wp\/v2\/categories?post=29067"},{"taxonomy":"post_tag","embeddable":true,"href":"https:\/\/blogdoeloiltoncajuhy.com.br\/site\/wp-json\/wp\/v2\/tags?post=29067"}],"curies":[{"name":"wp","href":"https:\/\/api.w.org\/{rel}","templated":true}]}}