{"id":29058,"date":"2018-11-08T10:35:50","date_gmt":"2018-11-08T13:35:50","guid":{"rendered":"http:\/\/blogdoeloiltoncajuhy.com.br\/site\/?p=29058"},"modified":"2018-11-08T10:35:50","modified_gmt":"2018-11-08T13:35:50","slug":"nordeste-perdeu-1-milhao-de-trabalhadores-no-campo-de-2012-para-2017","status":"publish","type":"post","link":"https:\/\/blogdoeloiltoncajuhy.com.br\/site\/nordeste-perdeu-1-milhao-de-trabalhadores-no-campo-de-2012-para-2017\/","title":{"rendered":"Nordeste perdeu 1 milh\u00e3o de trabalhadores no campo de 2012 para 2017"},"content":{"rendered":"<figure id=\"attachment_29059\" aria-describedby=\"caption-attachment-29059\" style=\"width: 754px\" class=\"wp-caption aligncenter\"><a href=\"https:\/\/i0.wp.com\/blogdoeloiltoncajuhy.com.br\/site\/wp-content\/uploads\/2018\/11\/agricultura_familiar_2.jpg\"><img data-recalc-dims=\"1\" fetchpriority=\"high\" decoding=\"async\" class=\"wp-image-29059 size-full\" src=\"https:\/\/i0.wp.com\/blogdoeloiltoncajuhy.com.br\/site\/wp-content\/uploads\/2018\/11\/agricultura_familiar_2.jpg?resize=754%2C538\" alt=\"\" width=\"754\" height=\"538\" srcset=\"https:\/\/i0.wp.com\/blogdoeloiltoncajuhy.com.br\/site\/wp-content\/uploads\/2018\/11\/agricultura_familiar_2.jpg?w=754&amp;ssl=1 754w, https:\/\/i0.wp.com\/blogdoeloiltoncajuhy.com.br\/site\/wp-content\/uploads\/2018\/11\/agricultura_familiar_2.jpg?resize=300%2C214&amp;ssl=1 300w, https:\/\/i0.wp.com\/blogdoeloiltoncajuhy.com.br\/site\/wp-content\/uploads\/2018\/11\/agricultura_familiar_2.jpg?resize=250%2C178&amp;ssl=1 250w\" sizes=\"(max-width: 754px) 100vw, 754px\" \/><\/a><figcaption id=\"caption-attachment-29059\" class=\"wp-caption-text\">Trabalhador rural &#8211; Arquivo\/Valter Campanato\/Ag\u00eancia Brasil<\/figcaption><\/figure>\n<p>De 2012 para 2017, a Regi\u00e3o Nordeste perdeu cerca de 1 milh\u00e3o de trabalhadores rurais. Segundo dados da Pesquisa Nacional por Amostra de Domic\u00edlios \u2013 Cont\u00ednua (Pnad-C): Caracter\u00edsticas Adicionais do Mercado de Trabalho 2012-2017, divulgada hoje (8) pelo Instituto Brasileiro de Geografia e Estat\u00edstica (IBGE), o percentual de pessoas ocupadas que trabalham em fazenda, s\u00edtio, granja ou ch\u00e1cara na regi\u00e3o passou de 22,4% para 16,2% no per\u00edodo.<\/p>\n<p>Apesar de ainda ter a maior propor\u00e7\u00e3o do pa\u00eds, o Nordeste teve tamb\u00e9m a maior queda no per\u00edodo. Considerando todo o Brasil, os \u00faltimos dados mostram que 11,1% da popula\u00e7\u00e3o ocupada trabalham em \u00e1reas rurais, um contingente de 8 milh\u00f5es de pessoas. Segundo a economista da Coordena\u00e7\u00e3o de Trabalho e Rendimento do IBGE Adriana Beringuy, esse movimento \u00e9 observado desde 2012 e confirmado em 2017, com o Nordeste registrando a menor taxa da s\u00e9rie para trabalhadores em estabelecimentos rurais.<\/p>\n<p>\u201c<em>O Nordeste tem cada vez menos pessoas em atividades como agricultura e pecu\u00e1ria, apesar de ainda ser um montante importante. Ainda que haja essa queda ano ap\u00f3s ano, a ocupa\u00e7\u00e3o nesses estabelecimentos em regi\u00f5es como o Norte e o Nordeste \u00e9 extremamente importante. Essas atividades ocupam parte significativa dos trabalhadores do pa\u00eds, ainda que esteja havendo tend\u00eancia de queda<\/em>\u201d.<\/p>\n<p>Na Regi\u00e3o Norte, a propor\u00e7\u00e3o de trabalhadores em fazenda, s\u00edtio, granja ou ch\u00e1cara ficou em 18,7% no ano passado. No Centro-Oeste, ficou em 12,4%, no Sul em 12,4% e o Sudeste tem 6,5% da popula\u00e7\u00e3o ocupada em estabelecimentos do campo. Segundo Adriana, o Brasil teve queda de 274 mil pessoas nesses estabelecimentos de 2016 pra 2017, sendo que no Nordeste a queda foi de 386 mil. O balan\u00e7o nacional foi compensado pelo crescimento de 133 mil no Sudeste.<\/p>\n<p>Adriana explica que o trabalho no campo tem incid\u00eancia importante da agricultura familiar, com pequenos estabelecimentos e de situa\u00e7\u00f5es informais, que podem ter sido afetados pela diminui\u00e7\u00e3o no financiamento do Programa de Fortalecimento da Agricultura Familiar (Pronaf) e tamb\u00e9m por fatores clim\u00e1ticos.<\/p>\n<p>\u201c<em>S\u00e3o pequenos agricultores que, muitas vezes, dependem de financiamento, como o Pronaf, e nos \u00faltimos anos t\u00eam sido muito penalizados pela quest\u00e3o da seca, que se acentuou na safra 2016\/2017. Ent\u00e3o, uma s\u00e9rie de fatores, tanto de recursos quanto clim\u00e1ticos, podem estar afetando a fixa\u00e7\u00e3o do trabalhador rural nesses pequenos estabelecimentos na Regi\u00e3o Nordeste<\/em>\u201d.<\/p>\n<p><strong>Cooperativas<\/strong><\/p>\n<p>O n\u00famero de pessoas ocupadas, como empregadores ou trabalhadores por conta pr\u00f3pria associados a cooperativas de trabalho ou produ\u00e7\u00e3o, caiu para 5,8% em 2017, em compara\u00e7\u00e3o a 2012, quando a taxa era de 6,4%. A Regi\u00e3o Sul tem a maior propor\u00e7\u00e3o, com 10,3% das pessoas ocupadas associadas a cooperativas. A menor taxa \u00e9 a do Centro-Oeste, com 4,9%. Por sexo, 6,7% dos homens est\u00e3o nessa categoria de ocupa\u00e7\u00e3o, ante 4,1% das mulheres.<\/p>\n<p>De acordo com a economista, a agricultura sempre teve taxas altas de cooperativados, mas agora est\u00e1 na menor da s\u00e9rie hist\u00f3rica, reflexo tamb\u00e9m da diminui\u00e7\u00e3o do trabalho no campo.<\/p>\n<p>\u201c<em>Associados \u00e0 cooperativa correspondem a menos de 6% dos empregadores e trabalhadores por conta pr\u00f3pria. Mas \u00e9 uma atividade que est\u00e1 muito concentrada na agricultura, cerca de 46% dos cooperativados est\u00e3o em atividades agr\u00edcolas. No Brasil esse percentual \u00e9 5,8%, mas na Regi\u00e3o Sul chega a 10,3%. O predom\u00ednio \u00e9 de Santa Catarina, que tem o maior percentual de cooperativados no Brasil<\/em>\u201d.<\/p>\n<p><em><strong>*Ag\u00eancia Brasil<\/strong><\/em><\/p>\n","protected":false},"excerpt":{"rendered":"<p>De 2012 para 2017, a Regi\u00e3o Nordeste perdeu cerca de 1 milh\u00e3o de trabalhadores rurais. Segundo dados da Pesquisa Nacional por Amostra de Domic\u00edlios \u2013 Cont\u00ednua (Pnad-C): Caracter\u00edsticas Adicionais do Mercado de Trabalho 2012-2017, divulgada hoje (8) pelo Instituto Brasileiro de Geografia e Estat\u00edstica (IBGE), o percentual de pessoas ocupadas que trabalham em fazenda, s\u00edtio, [&hellip;]<\/p>\n","protected":false},"author":2,"featured_media":29059,"comment_status":"open","ping_status":"open","sticky":false,"template":"","format":"standard","meta":{"_acf_changed":false,"_monsterinsights_skip_tracking":false,"_monsterinsights_sitenote_active":false,"_monsterinsights_sitenote_note":"","_monsterinsights_sitenote_category":0,"_jetpack_memberships_contains_paid_content":false,"footnotes":"","jetpack_publicize_message":"","jetpack_publicize_feature_enabled":true,"jetpack_social_post_already_shared":true,"jetpack_social_options":{"image_generator_settings":{"template":"highway","default_image_id":0,"font":"","enabled":false},"version":2}},"categories":[5,1],"tags":[],"class_list":["post-29058","post","type-post","status-publish","format-standard","has-post-thumbnail","hentry","category-cotidiano","category-noticias"],"acf":[],"jetpack_publicize_connections":[],"jetpack_featured_media_url":"https:\/\/i0.wp.com\/blogdoeloiltoncajuhy.com.br\/site\/wp-content\/uploads\/2018\/11\/agricultura_familiar_2.jpg?fit=754%2C538&ssl=1","jetpack_sharing_enabled":true,"publishpress_future_workflow_manual_trigger":{"enabledWorkflows":[]},"_links":{"self":[{"href":"https:\/\/blogdoeloiltoncajuhy.com.br\/site\/wp-json\/wp\/v2\/posts\/29058","targetHints":{"allow":["GET"]}}],"collection":[{"href":"https:\/\/blogdoeloiltoncajuhy.com.br\/site\/wp-json\/wp\/v2\/posts"}],"about":[{"href":"https:\/\/blogdoeloiltoncajuhy.com.br\/site\/wp-json\/wp\/v2\/types\/post"}],"author":[{"embeddable":true,"href":"https:\/\/blogdoeloiltoncajuhy.com.br\/site\/wp-json\/wp\/v2\/users\/2"}],"replies":[{"embeddable":true,"href":"https:\/\/blogdoeloiltoncajuhy.com.br\/site\/wp-json\/wp\/v2\/comments?post=29058"}],"version-history":[{"count":1,"href":"https:\/\/blogdoeloiltoncajuhy.com.br\/site\/wp-json\/wp\/v2\/posts\/29058\/revisions"}],"predecessor-version":[{"id":29060,"href":"https:\/\/blogdoeloiltoncajuhy.com.br\/site\/wp-json\/wp\/v2\/posts\/29058\/revisions\/29060"}],"wp:featuredmedia":[{"embeddable":true,"href":"https:\/\/blogdoeloiltoncajuhy.com.br\/site\/wp-json\/wp\/v2\/media\/29059"}],"wp:attachment":[{"href":"https:\/\/blogdoeloiltoncajuhy.com.br\/site\/wp-json\/wp\/v2\/media?parent=29058"}],"wp:term":[{"taxonomy":"category","embeddable":true,"href":"https:\/\/blogdoeloiltoncajuhy.com.br\/site\/wp-json\/wp\/v2\/categories?post=29058"},{"taxonomy":"post_tag","embeddable":true,"href":"https:\/\/blogdoeloiltoncajuhy.com.br\/site\/wp-json\/wp\/v2\/tags?post=29058"}],"curies":[{"name":"wp","href":"https:\/\/api.w.org\/{rel}","templated":true}]}}