{"id":29052,"date":"2018-11-08T10:16:11","date_gmt":"2018-11-08T13:16:11","guid":{"rendered":"http:\/\/blogdoeloiltoncajuhy.com.br\/site\/?p=29052"},"modified":"2018-11-08T10:16:11","modified_gmt":"2018-11-08T13:16:11","slug":"tecnicos-da-prefeitura-de-senhor-do-bonfim-participam-de-capacitacao-para-recuperacao-e-protecao-de-nascentes","status":"publish","type":"post","link":"https:\/\/blogdoeloiltoncajuhy.com.br\/site\/tecnicos-da-prefeitura-de-senhor-do-bonfim-participam-de-capacitacao-para-recuperacao-e-protecao-de-nascentes\/","title":{"rendered":"T\u00e9cnicos da prefeitura de Senhor do Bonfim participam de capacita\u00e7\u00e3o para recupera\u00e7\u00e3o e prote\u00e7\u00e3o de nascentes"},"content":{"rendered":"<p><a href=\"https:\/\/i0.wp.com\/blogdoeloiltoncajuhy.com.br\/site\/wp-content\/uploads\/2018\/11\/nascentes-senar.jpg\"><img data-recalc-dims=\"1\" fetchpriority=\"high\" decoding=\"async\" class=\"aligncenter size-full wp-image-29053\" src=\"https:\/\/i0.wp.com\/blogdoeloiltoncajuhy.com.br\/site\/wp-content\/uploads\/2018\/11\/nascentes-senar.jpg?resize=800%2C450\" alt=\"\" width=\"800\" height=\"450\" srcset=\"https:\/\/i0.wp.com\/blogdoeloiltoncajuhy.com.br\/site\/wp-content\/uploads\/2018\/11\/nascentes-senar.jpg?w=1024&amp;ssl=1 1024w, https:\/\/i0.wp.com\/blogdoeloiltoncajuhy.com.br\/site\/wp-content\/uploads\/2018\/11\/nascentes-senar.jpg?resize=300%2C169&amp;ssl=1 300w, https:\/\/i0.wp.com\/blogdoeloiltoncajuhy.com.br\/site\/wp-content\/uploads\/2018\/11\/nascentes-senar.jpg?resize=768%2C432&amp;ssl=1 768w, https:\/\/i0.wp.com\/blogdoeloiltoncajuhy.com.br\/site\/wp-content\/uploads\/2018\/11\/nascentes-senar.jpg?resize=250%2C141&amp;ssl=1 250w\" sizes=\"(max-width: 800px) 100vw, 800px\" \/><\/a>Uma parceria entre o Servi\u00e7o Nacional de Aprendizagem Rural (Senar) e prefeitura de Senhor Bonfim, por meio da superintend\u00eancia de Meio Ambiente, est\u00e1 proporcionando a t\u00e9cnicos do munic\u00edpio uma capacita\u00e7\u00e3o sobre recupera\u00e7\u00e3o e prote\u00e7\u00e3o de nascentes.<\/p>\n<p>A equipe formada por cinco servidores ligados \u00e0 secretaria de Meio Ambiente participa de atividades pr\u00e1ticas e te\u00f3ricas.\u00a0Ao todo, s\u00e3o 24 horas de orienta\u00e7\u00f5es com direito a certificado no final do curso. Os trabalhos te\u00f3ricos aconteceram na Fazenda Brej\u00e3o, localizada na comunidade de Engenho Velho, zona rural de Bonfim.<\/p>\n<p>\u201c<em>O nosso objetivo \u00e9 repassar esse conhecimento para tornar essas pessoas multiplicadoras e, com isso, podermos melhorar nossas nascentes em qualidade e quantidade de \u00e1gua<\/em>\u201d, disse Rog\u00e9rio Cabral, t\u00e9cnico do Senar.<\/p>\n<p>A nascente na comunidade de Engenho Velho, usada pelos participantes in loco, estava h\u00e1 anos com vaz\u00e3o insignificante. Ap\u00f3s as interven\u00e7\u00f5es realizadas durante o curso, voltou a brotar \u00e1gua.<\/p>\n<p>\u201c<em>Para mim o curso est\u00e1 sendo excelente, pois al\u00e9m de aprender o manejo correto, o trabalho de campo serviu como ponta p\u00e9 inicial para a recupera\u00e7\u00e3o das nossas nascentes<\/em>\u201d, enfatizou o servidor municipal, Jos\u00e9 Raimundo.<\/p>\n<p>As atividades pr\u00e1ticas demonstraram os principais passos para realizar a prote\u00e7\u00e3o de fonte: limpeza do local, estrutura\u00e7\u00e3o f\u00edsica, constru\u00e7\u00e3o, higieniza\u00e7\u00e3o e cobertura. A nascente, depois de recuperada, ser\u00e1 monitorada semestralmente pelos t\u00e9cnicos do munic\u00edpio.<\/p>\n<p>\u201c<em>A nossa inten\u00e7\u00e3o \u00e9 que todas nossas nascentes estejam livres como essa aqui<\/em>\u201d, salientou a superintendente de Meio Ambiente, Bernadeth Rocha.<\/p>\n<p>A atividade faz parte da V Semana do Produtor Viver Bem no Semi\u00e1rido, que acontece e de 5 a 9 de novembro, no Centro de Capacita\u00e7\u00e3o Regional do Senar, localizado no Parque de Exposi\u00e7\u00f5es Dr. An\u00edbal Gon\u00e7alves, na BR 407, Rodovia Lomanto Junior.<\/p>\n<p>O evento realizado pelo Senar oferece gratuitamente diversos cursos e oficinas voltados para a gest\u00e3o e produ\u00e7\u00e3o no campo.<\/p>\n<p><em><strong>*Assessoria de Comunica\u00e7\u00e3o Prefeitura Municipal de Senhor do Bonfim-BA<\/strong><\/em><\/p>\n","protected":false},"excerpt":{"rendered":"<p>Uma parceria entre o Servi\u00e7o Nacional de Aprendizagem Rural (Senar) e prefeitura de Senhor Bonfim, por meio da superintend\u00eancia de Meio Ambiente, est\u00e1 proporcionando a t\u00e9cnicos do munic\u00edpio uma capacita\u00e7\u00e3o sobre recupera\u00e7\u00e3o e prote\u00e7\u00e3o de nascentes. A equipe formada por cinco servidores ligados \u00e0 secretaria de Meio Ambiente participa de atividades pr\u00e1ticas e te\u00f3ricas.\u00a0Ao todo, [&hellip;]<\/p>\n","protected":false},"author":2,"featured_media":29053,"comment_status":"open","ping_status":"open","sticky":false,"template":"","format":"standard","meta":{"_acf_changed":false,"_monsterinsights_skip_tracking":false,"_monsterinsights_sitenote_active":false,"_monsterinsights_sitenote_note":"","_monsterinsights_sitenote_category":0,"_jetpack_memberships_contains_paid_content":false,"footnotes":"","jetpack_publicize_message":"","jetpack_publicize_feature_enabled":true,"jetpack_social_post_already_shared":true,"jetpack_social_options":{"image_generator_settings":{"template":"highway","default_image_id":0,"font":"","enabled":false},"version":2}},"categories":[1,4],"tags":[],"class_list":["post-29052","post","type-post","status-publish","format-standard","has-post-thumbnail","hentry","category-noticias","category-local"],"acf":[],"jetpack_publicize_connections":[],"jetpack_featured_media_url":"https:\/\/i0.wp.com\/blogdoeloiltoncajuhy.com.br\/site\/wp-content\/uploads\/2018\/11\/nascentes-senar.jpg?fit=1024%2C576&ssl=1","jetpack_sharing_enabled":true,"publishpress_future_workflow_manual_trigger":{"enabledWorkflows":[]},"_links":{"self":[{"href":"https:\/\/blogdoeloiltoncajuhy.com.br\/site\/wp-json\/wp\/v2\/posts\/29052","targetHints":{"allow":["GET"]}}],"collection":[{"href":"https:\/\/blogdoeloiltoncajuhy.com.br\/site\/wp-json\/wp\/v2\/posts"}],"about":[{"href":"https:\/\/blogdoeloiltoncajuhy.com.br\/site\/wp-json\/wp\/v2\/types\/post"}],"author":[{"embeddable":true,"href":"https:\/\/blogdoeloiltoncajuhy.com.br\/site\/wp-json\/wp\/v2\/users\/2"}],"replies":[{"embeddable":true,"href":"https:\/\/blogdoeloiltoncajuhy.com.br\/site\/wp-json\/wp\/v2\/comments?post=29052"}],"version-history":[{"count":1,"href":"https:\/\/blogdoeloiltoncajuhy.com.br\/site\/wp-json\/wp\/v2\/posts\/29052\/revisions"}],"predecessor-version":[{"id":29054,"href":"https:\/\/blogdoeloiltoncajuhy.com.br\/site\/wp-json\/wp\/v2\/posts\/29052\/revisions\/29054"}],"wp:featuredmedia":[{"embeddable":true,"href":"https:\/\/blogdoeloiltoncajuhy.com.br\/site\/wp-json\/wp\/v2\/media\/29053"}],"wp:attachment":[{"href":"https:\/\/blogdoeloiltoncajuhy.com.br\/site\/wp-json\/wp\/v2\/media?parent=29052"}],"wp:term":[{"taxonomy":"category","embeddable":true,"href":"https:\/\/blogdoeloiltoncajuhy.com.br\/site\/wp-json\/wp\/v2\/categories?post=29052"},{"taxonomy":"post_tag","embeddable":true,"href":"https:\/\/blogdoeloiltoncajuhy.com.br\/site\/wp-json\/wp\/v2\/tags?post=29052"}],"curies":[{"name":"wp","href":"https:\/\/api.w.org\/{rel}","templated":true}]}}