{"id":29021,"date":"2018-11-06T10:28:57","date_gmt":"2018-11-06T13:28:57","guid":{"rendered":"http:\/\/blogdoeloiltoncajuhy.com.br\/site\/?p=29021"},"modified":"2018-11-06T10:28:57","modified_gmt":"2018-11-06T13:28:57","slug":"prefeitura-de-jaguarari-suspende-temporariamente-atendimento-ao-publico-pagamentos-referentes-a-administracao-anterior-e-institui-comissao-de-transicao","status":"publish","type":"post","link":"https:\/\/blogdoeloiltoncajuhy.com.br\/site\/prefeitura-de-jaguarari-suspende-temporariamente-atendimento-ao-publico-pagamentos-referentes-a-administracao-anterior-e-institui-comissao-de-transicao\/","title":{"rendered":"Prefeitura de Jaguarari suspende temporariamente atendimento ao publico, pagamentos referentes \u00e0 administra\u00e7\u00e3o anterior e institui comiss\u00e3o de transi\u00e7\u00e3o"},"content":{"rendered":"<p><a href=\"https:\/\/i0.wp.com\/blogdoeloiltoncajuhy.com.br\/site\/wp-content\/uploads\/2018\/11\/jaguarari-transi%C3%A7%C3%A3o-1.jpeg\"><img data-recalc-dims=\"1\" fetchpriority=\"high\" decoding=\"async\" class=\"wp-image-29022 alignright\" src=\"https:\/\/i0.wp.com\/blogdoeloiltoncajuhy.com.br\/site\/wp-content\/uploads\/2018\/11\/jaguarari-transi%C3%A7%C3%A3o-1.jpeg?resize=347%2C500\" alt=\"\" width=\"347\" height=\"500\" srcset=\"https:\/\/i0.wp.com\/blogdoeloiltoncajuhy.com.br\/site\/wp-content\/uploads\/2018\/11\/jaguarari-transi%C3%A7%C3%A3o-1.jpeg?w=555&amp;ssl=1 555w, https:\/\/i0.wp.com\/blogdoeloiltoncajuhy.com.br\/site\/wp-content\/uploads\/2018\/11\/jaguarari-transi%C3%A7%C3%A3o-1.jpeg?resize=208%2C300&amp;ssl=1 208w, https:\/\/i0.wp.com\/blogdoeloiltoncajuhy.com.br\/site\/wp-content\/uploads\/2018\/11\/jaguarari-transi%C3%A7%C3%A3o-1.jpeg?resize=173%2C250&amp;ssl=1 173w\" sizes=\"(max-width: 347px) 100vw, 347px\" \/><\/a>Ap\u00f3s retornar a comando do executivo municipal na tarde desta segunda-feira (05), o prefeito de Jaguarari, Everton Rocha, iniciou suas atividades \u00e0 frente do munic\u00edpio tomando decis\u00f5es importantes visando o bom andamento da administra\u00e7\u00e3o publica. Para isso foram publicados tr\u00eas importantes decretos:<\/p>\n<p><strong>Decreto N\u00ba 03\/2018 \u2013<\/strong> Suspende temporariamente o atendimento ao publico em algumas reparti\u00e7\u00f5es publicas do munic\u00edpio. Essa medida estabelece que no per\u00edodo de 30 (trinta) dias \u00fateis a contar da publica\u00e7\u00e3o do decreto, alguns setores funcionar\u00e3o apenas com expediente interno.<\/p>\n<p>A suspens\u00e3o n\u00e3o se aplicar\u00e1 aos servi\u00e7os das unidades de sa\u00fade, arrecada\u00e7\u00e3o e tributos, limpeza publica, guarda municipal, secretarias municipais, setor de licita\u00e7\u00e3o e contratos e procuradoria do munic\u00edpio.<\/p>\n<p><strong>Decreto N\u00ba 04\/2018 &#8211;<\/strong> Suspende temporariamente os pagamentos das obriga\u00e7\u00f5es contra\u00eddas pela administra\u00e7\u00e3o anterior. Essa medida se faz necess\u00e1ria para adotar providencias preliminares em face do inicio de gest\u00e3o realizando auditoria com o objetivo de garantir a integridade material e formal dos procedimentos cont\u00e1beis e a efic\u00e1cia de controle da administra\u00e7\u00e3o publica.<\/p>\n<p>Desta forma, ficam suspensos temporariamente pagamentos das obriga\u00e7\u00f5es pecuni\u00e1rias, contra\u00eddas pela administra\u00e7\u00e3o anterior ainda n\u00e3o quitadas ou a vencer at\u00e9 o prazo de 60 dias a contar da publica\u00e7\u00e3o do decreto, para que sejam averiguados regularidades, legalidades e o cumprimento de seus objetos.<\/p>\n<p><strong>Decreto N\u00ba 05\/2018 \u2013<\/strong> Disp\u00f5e sobre a institui\u00e7\u00e3o da comiss\u00e3o de transi\u00e7\u00e3o governamental observando a preserva\u00e7\u00e3o da continuidade dos servi\u00e7os p\u00fablicos visando os interesses da popula\u00e7\u00e3o de Jaguarari.<\/p>\n<p>Para efeitos deste decreto, o processo de transi\u00e7\u00e3o governamental objetiva propiciar condi\u00e7\u00f5es para que o prefeito que assume possa receber todos os dados e informa\u00e7\u00f5es necess\u00e1rias da situa\u00e7\u00e3o administrativa do munic\u00edpio.<\/p>\n<p>A comiss\u00e3o de transi\u00e7\u00e3o ter\u00e1 por finalidade propiciar o recebimento de informa\u00e7\u00f5es e atos administrativos durante o per\u00edodo de 04 de abril at\u00e9 31 de outubro deste ano.<\/p>\n<p>Fica institu\u00edda a comiss\u00e3o de transi\u00e7\u00e3o composta por: Allan Abbehusen \u2013 Procurador Geral do Munic\u00edpio, Emerson Augusto Gon\u00e7alves \u2013 Procurador Adjunto e Kledson Jos\u00e9 do Vale \u2013 Secret\u00e1rio de Planejamento e Administra\u00e7\u00e3o. As pessoas indicadas pela gest\u00e3o anterior far\u00e3o parte da presente comiss\u00e3o, a partir do momento que forem indicadas formalmente pelo vice-prefeito.<\/p>\n<p><em><strong>*Assessoria de Comunica\u00e7\u00e3o &#8211; Prefeitura de Jaguarari-BA<\/strong><\/em><\/p>\n","protected":false},"excerpt":{"rendered":"<p>Ap\u00f3s retornar a comando do executivo municipal na tarde desta segunda-feira (05), o prefeito de Jaguarari, Everton Rocha, iniciou suas atividades \u00e0 frente do munic\u00edpio tomando decis\u00f5es importantes visando o bom andamento da administra\u00e7\u00e3o publica. Para isso foram publicados tr\u00eas importantes decretos: Decreto N\u00ba 03\/2018 \u2013 Suspende temporariamente o atendimento ao publico em algumas reparti\u00e7\u00f5es [&hellip;]<\/p>\n","protected":false},"author":2,"featured_media":29022,"comment_status":"open","ping_status":"open","sticky":false,"template":"","format":"standard","meta":{"_acf_changed":false,"_monsterinsights_skip_tracking":false,"_monsterinsights_sitenote_active":false,"_monsterinsights_sitenote_note":"","_monsterinsights_sitenote_category":0,"_jetpack_memberships_contains_paid_content":false,"footnotes":"","jetpack_publicize_message":"","jetpack_publicize_feature_enabled":true,"jetpack_social_post_already_shared":true,"jetpack_social_options":{"image_generator_settings":{"template":"highway","default_image_id":0,"font":"","enabled":false},"version":2}},"categories":[1,3,11],"tags":[],"class_list":["post-29021","post","type-post","status-publish","format-standard","has-post-thumbnail","hentry","category-noticias","category-politica","category-regional"],"acf":[],"jetpack_publicize_connections":[],"jetpack_featured_media_url":"https:\/\/i0.wp.com\/blogdoeloiltoncajuhy.com.br\/site\/wp-content\/uploads\/2018\/11\/jaguarari-transi%C3%A7%C3%A3o-1.jpeg?fit=555%2C800&ssl=1","jetpack_sharing_enabled":true,"publishpress_future_workflow_manual_trigger":{"enabledWorkflows":[]},"_links":{"self":[{"href":"https:\/\/blogdoeloiltoncajuhy.com.br\/site\/wp-json\/wp\/v2\/posts\/29021","targetHints":{"allow":["GET"]}}],"collection":[{"href":"https:\/\/blogdoeloiltoncajuhy.com.br\/site\/wp-json\/wp\/v2\/posts"}],"about":[{"href":"https:\/\/blogdoeloiltoncajuhy.com.br\/site\/wp-json\/wp\/v2\/types\/post"}],"author":[{"embeddable":true,"href":"https:\/\/blogdoeloiltoncajuhy.com.br\/site\/wp-json\/wp\/v2\/users\/2"}],"replies":[{"embeddable":true,"href":"https:\/\/blogdoeloiltoncajuhy.com.br\/site\/wp-json\/wp\/v2\/comments?post=29021"}],"version-history":[{"count":1,"href":"https:\/\/blogdoeloiltoncajuhy.com.br\/site\/wp-json\/wp\/v2\/posts\/29021\/revisions"}],"predecessor-version":[{"id":29023,"href":"https:\/\/blogdoeloiltoncajuhy.com.br\/site\/wp-json\/wp\/v2\/posts\/29021\/revisions\/29023"}],"wp:featuredmedia":[{"embeddable":true,"href":"https:\/\/blogdoeloiltoncajuhy.com.br\/site\/wp-json\/wp\/v2\/media\/29022"}],"wp:attachment":[{"href":"https:\/\/blogdoeloiltoncajuhy.com.br\/site\/wp-json\/wp\/v2\/media?parent=29021"}],"wp:term":[{"taxonomy":"category","embeddable":true,"href":"https:\/\/blogdoeloiltoncajuhy.com.br\/site\/wp-json\/wp\/v2\/categories?post=29021"},{"taxonomy":"post_tag","embeddable":true,"href":"https:\/\/blogdoeloiltoncajuhy.com.br\/site\/wp-json\/wp\/v2\/tags?post=29021"}],"curies":[{"name":"wp","href":"https:\/\/api.w.org\/{rel}","templated":true}]}}