{"id":29018,"date":"2018-11-06T06:14:05","date_gmt":"2018-11-06T09:14:05","guid":{"rendered":"http:\/\/blogdoeloiltoncajuhy.com.br\/site\/?p=29018"},"modified":"2018-11-06T06:14:05","modified_gmt":"2018-11-06T09:14:05","slug":"prefeitura-de-andorinha-emite-nota-de-esclarecimento-sobre-declaracoes-do-vereador-agnaldo-pinheiro","status":"publish","type":"post","link":"https:\/\/blogdoeloiltoncajuhy.com.br\/site\/prefeitura-de-andorinha-emite-nota-de-esclarecimento-sobre-declaracoes-do-vereador-agnaldo-pinheiro\/","title":{"rendered":"Prefeitura de Andorinha emite nota de esclarecimento sobre declara\u00e7\u00f5es do vereador Agnaldo Pinheiro"},"content":{"rendered":"<p><a href=\"https:\/\/i0.wp.com\/blogdoeloiltoncajuhy.com.br\/site\/wp-content\/uploads\/2018\/11\/nota-2.png\"><img data-recalc-dims=\"1\" fetchpriority=\"high\" decoding=\"async\" class=\"aligncenter size-full wp-image-29019\" src=\"https:\/\/i0.wp.com\/blogdoeloiltoncajuhy.com.br\/site\/wp-content\/uploads\/2018\/11\/nota-2.png?resize=800%2C600\" alt=\"\" width=\"800\" height=\"600\" srcset=\"https:\/\/i0.wp.com\/blogdoeloiltoncajuhy.com.br\/site\/wp-content\/uploads\/2018\/11\/nota-2.png?w=800&amp;ssl=1 800w, https:\/\/i0.wp.com\/blogdoeloiltoncajuhy.com.br\/site\/wp-content\/uploads\/2018\/11\/nota-2.png?resize=300%2C225&amp;ssl=1 300w, https:\/\/i0.wp.com\/blogdoeloiltoncajuhy.com.br\/site\/wp-content\/uploads\/2018\/11\/nota-2.png?resize=768%2C576&amp;ssl=1 768w, https:\/\/i0.wp.com\/blogdoeloiltoncajuhy.com.br\/site\/wp-content\/uploads\/2018\/11\/nota-2.png?resize=250%2C188&amp;ssl=1 250w\" sizes=\"(max-width: 800px) 100vw, 800px\" \/><\/a>O edil afirmou que o ex-prefeito Agileu Lima (2008-2012) foi respons\u00e1vel pela conquista da nova escola do Medrado com (06) seis salas de aula e quadra poliesportiva coberta.\u00a0Ambos os equipamentos s\u00e3o oriundos de projeto Padr\u00e3o do Fundo Nacional de Desenvolvimento da Educa\u00e7\u00e3o (FNDE).<\/p>\n<p><strong>A nota na \u00edntegra:<\/strong><\/p>\n<p>&#8220;<em>Em rela\u00e7\u00e3o a quadra coberta e a escola padr\u00e3o do FNDE, a Prefeitura de Andorinha, pautada em transpar\u00eancia e lisura, informa:<\/em><\/p>\n<p><em>&#8211; N\u00e3o procede a informa\u00e7\u00e3o de que as obras para constru\u00e7\u00e3o da escola e da quadra poliesportiva na comunidade de Medrado foram conquistas do ex-prefeito Agileu Lima, tendo em vista que sua gest\u00e3o se encerrou em 2012 e o termo de Compromisso (TC) para execu\u00e7\u00e3o foi celebrado em 2014, durante vig\u00eancia do mandato do ex-prefeito Jos\u00e9 Rodrigues Guimar\u00e3es Filho (2013 &#8211; 2016);<\/em><\/p>\n<p><em>&#8211; Tamb\u00e9m n\u00e3o procede a informa\u00e7\u00e3o que o repasse financeiro para execu\u00e7\u00e3o da obra estava na conta do munic\u00edpio durante a gest\u00e3o do atual prefeito, Renato Brand\u00e3o. \u00c9 not\u00f3rio que o FNDE estabelece crit\u00e9rios e formas para transfer\u00eancia de recursos;<\/em><\/p>\n<p><em>&#8211; Normalmente, o valor inicial de repasse \u00e9 de 20% para que a empresa vencedora da licita\u00e7\u00e3o possa implantar canteiro de obras e iniciar os servi\u00e7os preliminares de terraplenagem, funda\u00e7\u00f5es e infraestrutura;<\/em><\/p>\n<p><em>&#8211; Depois disso, a empresa contratada investe com recursos pr\u00f3prios e somente ap\u00f3s presta\u00e7\u00e3o de contas da parcela recebida e devida vistoria por t\u00e9cnicos do sistema Integrado de Monitoramento, Execu\u00e7\u00e3o e Controle do Minist\u00e9rio da Educa\u00e7\u00e3o (Simec), \u00e9 que o MEC, por meio do FNDE, repassa novos recursos para continuidade e conclus\u00e3o da obra;<\/em><\/p>\n<p><em>&#8211; Sobre morosidade, \u00e9 de conhecimento do Edil que a nova regra imposta pela emenda constitucional 95\/2016, do governo Michel Temer, limita pelos pr\u00f3ximos 20 anos, o aumento de gastos p\u00fablicos do governo \u00e0 infla\u00e7\u00e3o, impactando diretamente o teto de gastos nas pol\u00edticas educacionais;<\/em><\/p>\n<p><em>&#8211; No caso da Educa\u00e7\u00e3o, os gastos incluem Educa\u00e7\u00e3o B\u00e1sica (englobando educa\u00e7\u00e3o infantil, creche e pr\u00e9-escola, o ensino fundamental e o ensino m\u00e9dio), sendo que mais de 50% dos gastos com educa\u00e7\u00e3o e cultura s\u00e3o executados por meio de transfer\u00eancias a Estados e Munic\u00edpios em virtude dos dispositivos decorrentes de legisla\u00e7\u00e3o espec\u00edfica, como o Fundo de Manuten\u00e7\u00e3o e Desenvolvimento da Educa\u00e7\u00e3o B\u00e1sica e de Valoriza\u00e7\u00e3o dos Profissionais da Educa\u00e7\u00e3o (Fundeb);<\/em><\/p>\n<p><em>Portanto, conforme est\u00e1 contido no simec.mec.gov.br, portal operacional e de gest\u00e3o do MEC, a licen\u00e7a e primeira libera\u00e7\u00e3o de recursos para execu\u00e7\u00e3o da obra aconteceu durante a gest\u00e3o do prefeito Jos\u00e9 Rodrigues Guimar\u00e3es Filho, popular Z\u00e9 Branco.<\/em><\/p>\n<p><em>A partir dai, os recursos federais est\u00e3o sendo repassados \u00e0 Prefeitura de Andorinha, em parcelas subsequentes, conforme normas, datas e valores estabelecidos pelo FNDE.<\/em><\/p>\n<p><em>Por fim, as alega\u00e7\u00f5es propagadas pelo vereador Agnaldo Pinheiro n\u00e3o condizem com a veracidade dos fatos<\/em>&#8220;.<\/p>\n<p><em><strong>*Ascom Prefeitura Municipal de Andorinha-BA<\/strong><\/em><\/p>\n","protected":false},"excerpt":{"rendered":"<p>O edil afirmou que o ex-prefeito Agileu Lima (2008-2012) foi respons\u00e1vel pela conquista da nova escola do Medrado com (06) seis salas de aula e quadra poliesportiva coberta.\u00a0Ambos os equipamentos s\u00e3o oriundos de projeto Padr\u00e3o do Fundo Nacional de Desenvolvimento da Educa\u00e7\u00e3o (FNDE). A nota na \u00edntegra: &#8220;Em rela\u00e7\u00e3o a quadra coberta e a escola [&hellip;]<\/p>\n","protected":false},"author":2,"featured_media":29019,"comment_status":"open","ping_status":"open","sticky":false,"template":"","format":"standard","meta":{"_acf_changed":false,"_monsterinsights_skip_tracking":false,"_monsterinsights_sitenote_active":false,"_monsterinsights_sitenote_note":"","_monsterinsights_sitenote_category":0,"_jetpack_memberships_contains_paid_content":false,"footnotes":"","jetpack_publicize_message":"","jetpack_publicize_feature_enabled":true,"jetpack_social_post_already_shared":true,"jetpack_social_options":{"image_generator_settings":{"template":"highway","default_image_id":0,"font":"","enabled":false},"version":2}},"categories":[1,3,11],"tags":[],"class_list":["post-29018","post","type-post","status-publish","format-standard","has-post-thumbnail","hentry","category-noticias","category-politica","category-regional"],"acf":[],"jetpack_publicize_connections":[],"jetpack_featured_media_url":"https:\/\/i0.wp.com\/blogdoeloiltoncajuhy.com.br\/site\/wp-content\/uploads\/2018\/11\/nota-2.png?fit=800%2C600&ssl=1","jetpack_sharing_enabled":true,"publishpress_future_workflow_manual_trigger":{"enabledWorkflows":[]},"_links":{"self":[{"href":"https:\/\/blogdoeloiltoncajuhy.com.br\/site\/wp-json\/wp\/v2\/posts\/29018","targetHints":{"allow":["GET"]}}],"collection":[{"href":"https:\/\/blogdoeloiltoncajuhy.com.br\/site\/wp-json\/wp\/v2\/posts"}],"about":[{"href":"https:\/\/blogdoeloiltoncajuhy.com.br\/site\/wp-json\/wp\/v2\/types\/post"}],"author":[{"embeddable":true,"href":"https:\/\/blogdoeloiltoncajuhy.com.br\/site\/wp-json\/wp\/v2\/users\/2"}],"replies":[{"embeddable":true,"href":"https:\/\/blogdoeloiltoncajuhy.com.br\/site\/wp-json\/wp\/v2\/comments?post=29018"}],"version-history":[{"count":1,"href":"https:\/\/blogdoeloiltoncajuhy.com.br\/site\/wp-json\/wp\/v2\/posts\/29018\/revisions"}],"predecessor-version":[{"id":29020,"href":"https:\/\/blogdoeloiltoncajuhy.com.br\/site\/wp-json\/wp\/v2\/posts\/29018\/revisions\/29020"}],"wp:featuredmedia":[{"embeddable":true,"href":"https:\/\/blogdoeloiltoncajuhy.com.br\/site\/wp-json\/wp\/v2\/media\/29019"}],"wp:attachment":[{"href":"https:\/\/blogdoeloiltoncajuhy.com.br\/site\/wp-json\/wp\/v2\/media?parent=29018"}],"wp:term":[{"taxonomy":"category","embeddable":true,"href":"https:\/\/blogdoeloiltoncajuhy.com.br\/site\/wp-json\/wp\/v2\/categories?post=29018"},{"taxonomy":"post_tag","embeddable":true,"href":"https:\/\/blogdoeloiltoncajuhy.com.br\/site\/wp-json\/wp\/v2\/tags?post=29018"}],"curies":[{"name":"wp","href":"https:\/\/api.w.org\/{rel}","templated":true}]}}