{"id":29003,"date":"2018-11-05T09:31:50","date_gmt":"2018-11-05T12:31:50","guid":{"rendered":"http:\/\/blogdoeloiltoncajuhy.com.br\/site\/?p=29003"},"modified":"2018-11-05T09:31:50","modified_gmt":"2018-11-05T12:31:50","slug":"confira-a-serie-de-ocorrencias-registradas-pela-pm-em-bonfim-e-regiao-durante-o-feriadao","status":"publish","type":"post","link":"https:\/\/blogdoeloiltoncajuhy.com.br\/site\/confira-a-serie-de-ocorrencias-registradas-pela-pm-em-bonfim-e-regiao-durante-o-feriadao\/","title":{"rendered":"Confira a s\u00e9rie de ocorr\u00eancias registradas pela PM em Bonfim e regi\u00e3o durante o feriad\u00e3o"},"content":{"rendered":"<p><strong><a href=\"https:\/\/i0.wp.com\/blogdoeloiltoncajuhy.com.br\/site\/wp-content\/uploads\/2017\/01\/6-BPM.jpg\"><img data-recalc-dims=\"1\" fetchpriority=\"high\" decoding=\"async\" class=\"aligncenter wp-image-14937\" src=\"https:\/\/i0.wp.com\/blogdoeloiltoncajuhy.com.br\/site\/wp-content\/uploads\/2017\/01\/6-BPM.jpg?resize=500%2C296\" alt=\"\" width=\"500\" height=\"296\" srcset=\"https:\/\/i0.wp.com\/blogdoeloiltoncajuhy.com.br\/site\/wp-content\/uploads\/2017\/01\/6-BPM.jpg?w=400&amp;ssl=1 400w, https:\/\/i0.wp.com\/blogdoeloiltoncajuhy.com.br\/site\/wp-content\/uploads\/2017\/01\/6-BPM.jpg?resize=300%2C178&amp;ssl=1 300w, https:\/\/i0.wp.com\/blogdoeloiltoncajuhy.com.br\/site\/wp-content\/uploads\/2017\/01\/6-BPM.jpg?resize=250%2C148&amp;ssl=1 250w\" sizes=\"(max-width: 500px) 100vw, 500px\" \/><\/a>JOVENS FLAGRADOS PELA PM COM DROGAS<\/strong><\/p>\n<p><span style=\"font-weight: 300;\">Por volta das 16h05, do dia 02, sexta-feira, a guarni\u00e7\u00e3o ROCAM conduziu um indiv\u00edduo, de 18 anos, residente no Brisas do Monte, Quadra III, porque estava com uma pequena quantidade de maconha num recipiente. Juntamente com o suspeito, uma menor de 16 anos, foi apresentada \u00e0 autoridade policial na Delegacia de Senhor do Bonfim, residente na Cidade Nova II, porque estava com um cigarro de maconha. Lavrado o Termo Circunstanciado de Ocorr\u00eancia (TCO).<\/span><\/p>\n<p><strong>GUARNI\u00c7\u00c3O ROCAM PRESERVA INTEGRIDADE F\u00cdSICA DE INDIV\u00cdDUOS QUE PORTAVAM ARMA BRANCA<\/strong><\/p>\n<p>Por volta das 21 horas do dia 02, sexta-feira, a guarni\u00e7\u00e3o da CETO\/ROCAM, estava realizando rondas ostensivas no beco-fino, quando avistou um tumulto. Ao se aproximar, os policiais perceberam um indiv\u00edduo de 32 anos com um fac\u00e3o na m\u00e3o acusando outro de 17 anos de ter tentado lhe agredir com uma faca. Diante dos fatos, ambos foram conduzidos a Delegacia Policial para a ado\u00e7\u00e3o das medidas cab\u00edveis.<\/p>\n<p><strong>PM ATUA NO COMBATE \u00c0 POLUI\u00c7\u00c3O SONORA APREENDENDO VE\u00cdCULO E PRENDENDO PROPRIET\u00c1RIO<\/strong><\/p>\n<p>Por volta das 22h10, do dia 2, sexta-feira, a guarni\u00e7\u00e3o do Coordenador de \u00c1rea, ap\u00f3s diversas chamadas ao CICOM, deslocou at\u00e9 um bar, em Carrapichel, a fim de averiguar ocorr\u00eancia de perturba\u00e7\u00e3o do sossego. Chegando ao local, foi constatado o fato, onde um ve\u00edculo Chevrolet\u00a0Cruze estava com o porta malas e portas abertas com som em alto volume.<\/p>\n<p><span style=\"font-weight: 300;\">Ao avistarem a aproxima\u00e7\u00e3o da viatura, desligaram o som e fecharam as portas do ve\u00edculo. A PM solicitou a presen\u00e7a do propriet\u00e1rio, que ficou se escondendo dentro do estabelecimento. Ap\u00f3s a chegada de um guincho solicitado pelos policiais, o dono se apresentou dizendo que conduziria o carro. Por\u00e9m, como o guincho j\u00e1 estava no local foi negada essa possibilidade.<\/span><\/p>\n<p><span style=\"font-weight: 300;\">Em seguida, ao ser o propriet\u00e1rio do Cruze solicitado a entrar na viatura, sem algema-lo, no banco de passageiro, uma individua, aproximou-se da guarni\u00e7\u00e3o, muito alterada, indagando o porque da condu\u00e7\u00e3o, que era estudante de administra\u00e7\u00e3o e conhecia seus direitos, afirmando que iria entrar na viatura para ir com o primo. Como n\u00e3o foi atendida, ela passou a xingar o Oficial e o empurrou, momento em que foi dada voz de pris\u00e3o \u00e0 mulher.<\/span><\/p>\n<p><strong>GUARNI\u00c7\u00c3O CETO\/6\u00ba BATALH\u00c3O SALVA UMA VIDA RETIRANDO DE CIRCULA\u00c7\u00c3O ARMA DE FOGO<\/strong><\/p>\n<p>Na noite de sexta-feira, 2, a guarni\u00e7\u00e3o da CETO\/T\u00e1tico Urbana, ap\u00f3s chamada pelo CICOM, deslocou-se ao Loteamento Jonas Costa par averiguar ocorr\u00eancia de disparo de arma de fogo. Chegando ao local, uma mulher informou que um indiv\u00edduo pulou o muro de sua casa e chutou a porta duas vezes e, quando ela saiu na frente de sua resid\u00eancia, o elemento efetuou um disparo de arma de fogo, mas n\u00e3o a acertou.<\/p>\n<p>A guarni\u00e7\u00e3o, ap\u00f3s realizar rondas no referido bairro, localizou o acusado, por\u00e9m quando ele avistou a viatura, tentou dispensar a arma de fogo, uma espingarda de fabrica\u00e7\u00e3o caseira. O acusado, a arma e a v\u00edtima foram conduzidos a Delegacia Policial para que fossem tomadas as medidas cab\u00edveis.<\/p>\n<p><strong>6\u00ba BATALH\u00c3O EVITA FEMIN\u00cdCIDIO ATUANDO SOB ORIENTA\u00c7\u00c3O DA LEI MARIA DA PENHA<\/strong><\/p>\n<p>Por volta das 21h10, do dia 3, s\u00e1bado, a PM registrou um flagrante de Maria da Penha no Cidade Nova III. Ap\u00f3s v\u00e1rios chamados, a guarni\u00e7\u00e3o encontrou um indiv\u00edduo que agrediu e amea\u00e7ou a sua companheira. Ambos encaminhados para Delegacia, onde foi lavrado flagrante.<\/p>\n<p><strong>ROCAM DO 6\u00ba BATALH\u00c3O RETIRA MAIS UMA ARMA BRANCA DE CIRCULA\u00c7\u00c3O E EVITA MORTE EM VIAS DE FATO<\/strong><\/p>\n<p>Por volta das 21h50 de s\u00e1bado, 3, a guarni\u00e7\u00e3o ROCAM, registrou uma ocorr\u00eancia de vias de fato na Av. Florestal na Pera, onde um individuo informou que um outro estaria alterado, tentando agredi-lo com uma foice. Os envolvidos foram apresentados na Delegacia, juntamente com a foice apreendida.<\/p>\n<p><strong>1\u00aa CIA\/6\u00ba BATALH\u00c3O GARANTE SOSSEGO A MORADORES AGINDO CONFORME LEI DE PERTURBA\u00c7\u00c3O DO SOSSEGO ALHEIO<\/strong><\/p>\n<p>Na madrugada do dia 4, domingo, a guarni\u00e7\u00e3o da 1\u00aa CIA apresentou na Depol, por Perturba\u00e7\u00e3o do Sossego Alheio, uma senhora, residente na rua Visconde do Rio Branco, ap\u00f3s den\u00fancias de som alto.<\/p>\n<p><strong>POLICIAIS DO 6\u00ba BATALH\u00c3O ATUAM PREVENTIVAMENTE EM CRIME DE DIRE\u00c7\u00c3O PERIGOSA EM SENHOR DO BONFIM E JAGUARARI<\/strong><\/p>\n<p>Por volta das 18h30 do dia 3, s\u00e1bado, a Guarni\u00e7\u00e3o da Ceto Urbana, ap\u00f3s abordagem localizou o ve\u00edculo celta preto, com o condutor em vis\u00edvel estado de embriaguez. Condutor conduzido para PRF e logo ap\u00f3s a Delegacia de Pol\u00edcia onde foi lavrado flagrante.<\/p>\n<p>Por volta de 21 horas, do dia 4, domingo, a guarni\u00e7\u00e3o da CETO, em rondas no Bairro Barbosa Santos, avistou dois indiv\u00edduos a bordo de uma moto, Honda CG 125, sem capacetes. Ao abordar os indiv\u00edduos, a guarni\u00e7\u00e3o percebeu que o condutor, apresentava sinais de embriaguez, tais como: voz tremula, olhos avermelhados e forte odor de bebida alco\u00f3lica.<\/p>\n<p>Diante dos fatos o condutor foi conduzido ao posto da PRF para fazer o teste de alcoolemia que comprovou a embriaguez. Posteriormente, o condutor foi apresentado na Delegacia de Pol\u00edcia onde foi lavrado Flagrante. A moto e a CNH do condutor foram apreendidas.<\/p>\n<p>Ainda na noite de domingo, 4, por volta de 22h25 a Guarni\u00e7\u00e3o de Jaguarari foi acionada, informando que havia um individuo alcoolizado praticando dire\u00e7\u00e3o perigosa nas ruas da cidade nas proximidades da Pizzaria Princesa.<\/p>\n<p>A guarni\u00e7\u00e3o foi at\u00e9 o local informado e l\u00e1 chegando confirmou a veracidade da denuncia ao flagrar um indiv\u00edduo que estava conduzindo um veiculo Fiat UNO, que, por muito pouco, n\u00e3o atropelou o Comandante da Guarni\u00e7\u00e3o. Ele apresentava alguns sinais de embriaguez como: olhos avermelhados, voz tremula, dificuldade para caminhar chegando at\u00e9 a cair ao ch\u00e3o.<\/p>\n<p>Diante dos fatos, o motorista foi conduzido ao posto da PRF para fazer o teste de alcoolemia. Mas, se recusou a fazer o teste. Posteriormente, foi conduzido \u00e0 Delegacia Policial onde foi lavrado Flagrante.<\/p>\n<p><strong>RONDA DISTRITAL DO 6\u00ba BATALH\u00c3O RECUPERA MOTO FURTADA EM FESTEJOS DE TIJUA\u00c7U<\/strong><\/p>\n<p>Por volta de 3h desta segunda-feira, 04, a Guarni\u00e7\u00e3o da Ronda Distrital foi abordada por um senhor informando que havia estacionado sua moto YAMAHA YBR 125 Factor, cor preta, licen\u00e7a de Senhor do Bonfim-BA, na pra\u00e7a da Feira em Tijua\u00e7u por volta de 22h. E quando retornou, a moto teria sido furtada. A guarni\u00e7\u00e3o realizou diligencias e localizou o ve\u00edculo abandonado nas imedia\u00e7\u00f5es do distrito de Tijua\u00e7u. A moto foi conduzida para o p\u00e1tio do quartel.<\/p>\n<p><em><strong>*BLOG DO ELOILTON CAJUHY &#8211; Com informa\u00e7\u00f5es da Ascom\/6\u00ba Batalh\u00e3o\/Senhor do Bonfim-BA<\/strong><\/em><\/p>\n","protected":false},"excerpt":{"rendered":"<p>JOVENS FLAGRADOS PELA PM COM DROGAS Por volta das 16h05, do dia 02, sexta-feira, a guarni\u00e7\u00e3o ROCAM conduziu um indiv\u00edduo, de 18 anos, residente no Brisas do Monte, Quadra III, porque estava com uma pequena quantidade de maconha num recipiente. Juntamente com o suspeito, uma menor de 16 anos, foi apresentada \u00e0 autoridade policial na [&hellip;]<\/p>\n","protected":false},"author":2,"featured_media":0,"comment_status":"open","ping_status":"open","sticky":false,"template":"","format":"standard","meta":{"_acf_changed":false,"_monsterinsights_skip_tracking":false,"_monsterinsights_sitenote_active":false,"_monsterinsights_sitenote_note":"","_monsterinsights_sitenote_category":0,"_jetpack_memberships_contains_paid_content":false,"footnotes":"","jetpack_publicize_message":"","jetpack_publicize_feature_enabled":true,"jetpack_social_post_already_shared":true,"jetpack_social_options":{"image_generator_settings":{"template":"highway","default_image_id":0,"font":"","enabled":false},"version":2}},"categories":[5,1,3,4],"tags":[],"class_list":["post-29003","post","type-post","status-publish","format-standard","hentry","category-cotidiano","category-noticias","category-politica","category-local"],"acf":[],"jetpack_publicize_connections":[],"jetpack_featured_media_url":"","jetpack_sharing_enabled":true,"publishpress_future_workflow_manual_trigger":{"enabledWorkflows":[]},"_links":{"self":[{"href":"https:\/\/blogdoeloiltoncajuhy.com.br\/site\/wp-json\/wp\/v2\/posts\/29003","targetHints":{"allow":["GET"]}}],"collection":[{"href":"https:\/\/blogdoeloiltoncajuhy.com.br\/site\/wp-json\/wp\/v2\/posts"}],"about":[{"href":"https:\/\/blogdoeloiltoncajuhy.com.br\/site\/wp-json\/wp\/v2\/types\/post"}],"author":[{"embeddable":true,"href":"https:\/\/blogdoeloiltoncajuhy.com.br\/site\/wp-json\/wp\/v2\/users\/2"}],"replies":[{"embeddable":true,"href":"https:\/\/blogdoeloiltoncajuhy.com.br\/site\/wp-json\/wp\/v2\/comments?post=29003"}],"version-history":[{"count":1,"href":"https:\/\/blogdoeloiltoncajuhy.com.br\/site\/wp-json\/wp\/v2\/posts\/29003\/revisions"}],"predecessor-version":[{"id":29004,"href":"https:\/\/blogdoeloiltoncajuhy.com.br\/site\/wp-json\/wp\/v2\/posts\/29003\/revisions\/29004"}],"wp:attachment":[{"href":"https:\/\/blogdoeloiltoncajuhy.com.br\/site\/wp-json\/wp\/v2\/media?parent=29003"}],"wp:term":[{"taxonomy":"category","embeddable":true,"href":"https:\/\/blogdoeloiltoncajuhy.com.br\/site\/wp-json\/wp\/v2\/categories?post=29003"},{"taxonomy":"post_tag","embeddable":true,"href":"https:\/\/blogdoeloiltoncajuhy.com.br\/site\/wp-json\/wp\/v2\/tags?post=29003"}],"curies":[{"name":"wp","href":"https:\/\/api.w.org\/{rel}","templated":true}]}}