{"id":28988,"date":"2018-11-04T18:59:34","date_gmt":"2018-11-04T21:59:34","guid":{"rendered":"http:\/\/blogdoeloiltoncajuhy.com.br\/site\/?p=28988"},"modified":"2018-11-04T18:59:34","modified_gmt":"2018-11-04T21:59:34","slug":"esportes-vitoria-sai-atras-mas-empata-fora-de-casa-com-o-parana","status":"publish","type":"post","link":"https:\/\/blogdoeloiltoncajuhy.com.br\/site\/esportes-vitoria-sai-atras-mas-empata-fora-de-casa-com-o-parana\/","title":{"rendered":"ESPORTES: Vit\u00f3ria sai atr\u00e1s, mas empata fora de casa com o Paran\u00e1"},"content":{"rendered":"<figure id=\"attachment_28989\" aria-describedby=\"caption-attachment-28989\" style=\"width: 380px\" class=\"wp-caption alignleft\"><a href=\"https:\/\/i0.wp.com\/blogdoeloiltoncajuhy.com.br\/site\/wp-content\/uploads\/2018\/11\/ParVit_nov-2018.jpg\"><img data-recalc-dims=\"1\" fetchpriority=\"high\" decoding=\"async\" class=\"wp-image-28989 size-full\" src=\"https:\/\/i0.wp.com\/blogdoeloiltoncajuhy.com.br\/site\/wp-content\/uploads\/2018\/11\/ParVit_nov-2018.jpg?resize=380%2C280\" alt=\"\" width=\"380\" height=\"280\" srcset=\"https:\/\/i0.wp.com\/blogdoeloiltoncajuhy.com.br\/site\/wp-content\/uploads\/2018\/11\/ParVit_nov-2018.jpg?w=380&amp;ssl=1 380w, https:\/\/i0.wp.com\/blogdoeloiltoncajuhy.com.br\/site\/wp-content\/uploads\/2018\/11\/ParVit_nov-2018.jpg?resize=300%2C221&amp;ssl=1 300w, https:\/\/i0.wp.com\/blogdoeloiltoncajuhy.com.br\/site\/wp-content\/uploads\/2018\/11\/ParVit_nov-2018.jpg?resize=250%2C184&amp;ssl=1 250w\" sizes=\"(max-width: 380px) 100vw, 380px\" \/><\/a><figcaption id=\"caption-attachment-28989\" class=\"wp-caption-text\">Foto: Joka Madruga \/ Futura Press \/ Folhapress<\/figcaption><\/figure>\n<p>O Vit\u00f3ria ficou no empate em 1 a 1 com o Paran\u00e1, neste domingo (4), no Est\u00e1dio Durival Britto, em Curitiba (PR). Alex Santana abriu o placar para os donos da casa, enquanto L\u00e9o Cear\u00e1 igualou na etapa final.<\/p>\n<p>Com o resultado, o Vit\u00f3ria chegou aos 34 pontos e subiu para a 16\u00aa posi\u00e7\u00e3o. Por\u00e9m, o time rubro-negro ter\u00e1 que aguardar o complemento da rodada para conhecer a sua coloca\u00e7\u00e3o.<\/p>\n<p>O Vit\u00f3ria volta a campo no pr\u00f3ximo domingo (11) para encarar o arquirrival Bahia, \u00e0s 16h (hor\u00e1rio de Salvador), no Barrad\u00e3o, v\u00e1lido pela 33\u00aa rodada do Campeonato Brasileiro.<\/p>\n<p><strong>O JOGO<\/strong><\/p>\n<p>A partida come\u00e7ou bastante movimentada com as duas equipes buscando o jogo. Antes do cron\u00f4metro marcar o primeiro minuto, o Paran\u00e1 quase abriu placar. Jhonny rolou para o meio da \u00e1rea e Alex Santana bateu forte. A bola explodiu no travess\u00e3o.<\/p>\n<p>Aos quatro minutos, Marcelo Ben\u00edtez invadiu a \u00e1rea do Paran\u00e1 e acionou Rodrigo Andrade. Ele chutou, mas Ren\u00e9 fez a intercepta\u00e7\u00e3o.<\/p>\n<p>O Vit\u00f3ria teve maior posse de bola no primeiro tempo, mas pecou nas conclus\u00f5es e n\u00e3o conseguiu inaugurar o marcador.<\/p>\n<p><strong>Segundo tempo<\/strong><\/p>\n<p>O Vit\u00f3ria entrou na etapa final com um ritmo mais intenso. Aos quatro, Ben\u00edtez cobrou falta na \u00e1rea do Paran\u00e1, Aderllan conseguiu cabecear, mas Richard defendeu com tranquilidade.<\/p>\n<p>Aos sete, Erick perdeu uma grande chance para o Vit\u00f3ria. Ele recebeu dentro da \u00e1rea, driblou o marcador e, sozinho com Richard, chutou para fora.<\/p>\n<p>No entanto, apesar do ritmo intenso do Vit\u00f3ria, o time rubro-negro deu espa\u00e7os para o Paran\u00e1. Aos 13, Alex Santana recebeu bom passe e chutou na sa\u00edda de Ronaldo e a bola foi parar no fundo das redes.<\/p>\n<p>O Vit\u00f3ria n\u00e3o se abalou com o gol sofrido e continuou pressionando. Aos 37, ap\u00f3s cobran\u00e7a de escanteio, L\u00e9o Cear\u00e1 subiu mais que todo mundo e empatou o duelo.<\/p>\n<p><strong>FICHA T\u00c9CNICA<\/strong><br \/>\n<strong>Paran\u00e1 1x 1 Vit\u00f3ria<\/strong><br \/>\n<strong>Campeonato Brasileiro \u2013 32\u00aa rodada<\/strong><br \/>\n<strong>Local:<\/strong>\u00a0Est\u00e1dio Durival Britto, em Curitiba (PR)<br \/>\n<strong>Data:<\/strong>\u00a004\/11\/2018 (domingo)<br \/>\n<strong>Hor\u00e1rio:<\/strong>\u00a016h (da Bahia)<br \/>\n<strong>\u00c1rbitro<\/strong>: Raphael Claus (Fifa\/SP)<br \/>\n<strong>Assistentes<\/strong>: Emerson Augusto de Carvalho (Fifa\/SP) e Rogerio Pablos Zanardo (SP).<br \/>\n<strong>Assistentes adicionais:<\/strong>\u00a0\u00a0Thiago Duarte Peixoto (SP) e Rodrigo Guarizo Ferreira do Amaral (SP)<br \/>\n<strong>Cart\u00f5es amarelos<\/strong>: Leandro Vilela e Alesson (Paran\u00e1);Aderllan ,\u00a0Arouca, Ruan Renato e Marcelo Ben\u00edtez (Vit\u00f3ria);<br \/>\n<strong>Cart\u00e3o vermelho:<\/strong>\u00a0Rhayner (Vit\u00f3ria).<br \/>\n<strong>Gols<\/strong>: Alex Santana (Paran\u00e1); L\u00e9o Cear\u00e1 (Vit\u00f3ria).<\/p>\n<p><strong>Paran\u00e1:\u00a0<\/strong>\u00a0Richard; Wesley Dias,Jesiel, Ren\u00e9 Santos (Mansur) e Igor; Leandro Vilela, Jhonny Lucas (Alesson) e Alex Santana; Juninho (Silvinho), Andrey e Rafael Grampola. T\u00e9cnico: Dado Cavalcanti.<\/p>\n<p><strong>Vit\u00f3ria:<\/strong>\u00a0Ronaldo; Ramon, Ruan Renato (Yago), Aderllan e Marcelo Ben\u00edtez; \u00a0L\u00e9o Gomes, Arouca e Rodrigo Andrade (Neilton); Lucas Fernandes, Erick (Maur\u00edcio Cordeiro) e L\u00e9o Cear\u00e1. T\u00e9cnico. Paulo C\u00e9zar Carpegiani.<\/p>\n<p><strong>*BAHIA NOT\u00cdCIAS<\/strong><\/p>\n","protected":false},"excerpt":{"rendered":"<p>O Vit\u00f3ria ficou no empate em 1 a 1 com o Paran\u00e1, neste domingo (4), no Est\u00e1dio Durival Britto, em Curitiba (PR). Alex Santana abriu o placar para os donos da casa, enquanto L\u00e9o Cear\u00e1 igualou na etapa final. Com o resultado, o Vit\u00f3ria chegou aos 34 pontos e subiu para a 16\u00aa posi\u00e7\u00e3o. Por\u00e9m, [&hellip;]<\/p>\n","protected":false},"author":2,"featured_media":28989,"comment_status":"open","ping_status":"open","sticky":false,"template":"","format":"standard","meta":{"_acf_changed":false,"_monsterinsights_skip_tracking":false,"_monsterinsights_sitenote_active":false,"_monsterinsights_sitenote_note":"","_monsterinsights_sitenote_category":0,"_jetpack_memberships_contains_paid_content":false,"footnotes":"","jetpack_publicize_message":"","jetpack_publicize_feature_enabled":true,"jetpack_social_post_already_shared":true,"jetpack_social_options":{"image_generator_settings":{"template":"highway","default_image_id":0,"font":"","enabled":false},"version":2}},"categories":[6,1],"tags":[],"class_list":["post-28988","post","type-post","status-publish","format-standard","has-post-thumbnail","hentry","category-esportes","category-noticias"],"acf":[],"jetpack_publicize_connections":[],"jetpack_featured_media_url":"https:\/\/i0.wp.com\/blogdoeloiltoncajuhy.com.br\/site\/wp-content\/uploads\/2018\/11\/ParVit_nov-2018.jpg?fit=380%2C280&ssl=1","jetpack_sharing_enabled":true,"publishpress_future_workflow_manual_trigger":{"enabledWorkflows":[]},"_links":{"self":[{"href":"https:\/\/blogdoeloiltoncajuhy.com.br\/site\/wp-json\/wp\/v2\/posts\/28988","targetHints":{"allow":["GET"]}}],"collection":[{"href":"https:\/\/blogdoeloiltoncajuhy.com.br\/site\/wp-json\/wp\/v2\/posts"}],"about":[{"href":"https:\/\/blogdoeloiltoncajuhy.com.br\/site\/wp-json\/wp\/v2\/types\/post"}],"author":[{"embeddable":true,"href":"https:\/\/blogdoeloiltoncajuhy.com.br\/site\/wp-json\/wp\/v2\/users\/2"}],"replies":[{"embeddable":true,"href":"https:\/\/blogdoeloiltoncajuhy.com.br\/site\/wp-json\/wp\/v2\/comments?post=28988"}],"version-history":[{"count":1,"href":"https:\/\/blogdoeloiltoncajuhy.com.br\/site\/wp-json\/wp\/v2\/posts\/28988\/revisions"}],"predecessor-version":[{"id":28990,"href":"https:\/\/blogdoeloiltoncajuhy.com.br\/site\/wp-json\/wp\/v2\/posts\/28988\/revisions\/28990"}],"wp:featuredmedia":[{"embeddable":true,"href":"https:\/\/blogdoeloiltoncajuhy.com.br\/site\/wp-json\/wp\/v2\/media\/28989"}],"wp:attachment":[{"href":"https:\/\/blogdoeloiltoncajuhy.com.br\/site\/wp-json\/wp\/v2\/media?parent=28988"}],"wp:term":[{"taxonomy":"category","embeddable":true,"href":"https:\/\/blogdoeloiltoncajuhy.com.br\/site\/wp-json\/wp\/v2\/categories?post=28988"},{"taxonomy":"post_tag","embeddable":true,"href":"https:\/\/blogdoeloiltoncajuhy.com.br\/site\/wp-json\/wp\/v2\/tags?post=28988"}],"curies":[{"name":"wp","href":"https:\/\/api.w.org\/{rel}","templated":true}]}}