{"id":28980,"date":"2018-11-04T10:24:01","date_gmt":"2018-11-04T13:24:01","guid":{"rendered":"http:\/\/blogdoeloiltoncajuhy.com.br\/site\/?p=28980"},"modified":"2018-11-04T10:24:01","modified_gmt":"2018-11-04T13:24:01","slug":"associacao-de-juristas-vai-entrar-com-representacao-no-cnj-contra-juiz-sergio-moro","status":"publish","type":"post","link":"https:\/\/blogdoeloiltoncajuhy.com.br\/site\/associacao-de-juristas-vai-entrar-com-representacao-no-cnj-contra-juiz-sergio-moro\/","title":{"rendered":"Associa\u00e7\u00e3o de juristas vai entrar com representa\u00e7\u00e3o no CNJ contra juiz S\u00e9rgio Moro"},"content":{"rendered":"<figure id=\"attachment_28981\" aria-describedby=\"caption-attachment-28981\" style=\"width: 450px\" class=\"wp-caption aligncenter\"><a href=\"https:\/\/i0.wp.com\/blogdoeloiltoncajuhy.com.br\/site\/wp-content\/uploads\/2018\/11\/sergio-moro_agencia-brasil.jpg\"><img data-recalc-dims=\"1\" fetchpriority=\"high\" decoding=\"async\" class=\"wp-image-28981\" src=\"https:\/\/i0.wp.com\/blogdoeloiltoncajuhy.com.br\/site\/wp-content\/uploads\/2018\/11\/sergio-moro_agencia-brasil.jpg?resize=450%2C332\" alt=\"\" width=\"450\" height=\"332\" srcset=\"https:\/\/i0.wp.com\/blogdoeloiltoncajuhy.com.br\/site\/wp-content\/uploads\/2018\/11\/sergio-moro_agencia-brasil.jpg?w=380&amp;ssl=1 380w, https:\/\/i0.wp.com\/blogdoeloiltoncajuhy.com.br\/site\/wp-content\/uploads\/2018\/11\/sergio-moro_agencia-brasil.jpg?resize=300%2C221&amp;ssl=1 300w, https:\/\/i0.wp.com\/blogdoeloiltoncajuhy.com.br\/site\/wp-content\/uploads\/2018\/11\/sergio-moro_agencia-brasil.jpg?resize=250%2C184&amp;ssl=1 250w\" sizes=\"(max-width: 450px) 100vw, 450px\" \/><\/a><figcaption id=\"caption-attachment-28981\" class=\"wp-caption-text\">Foto: Reprodu\u00e7\u00e3o \/ Ag\u00eancia Brasil<\/figcaption><\/figure>\n<p>A Associa\u00e7\u00e3o Brasileira de Juristas pela Democracia (ABJD), emitiu uma nota neste s\u00e1bado (3), informando que ir\u00e1 entrar com representa\u00e7\u00e3o no Conselho Nacional de Justi\u00e7a (CNJ) contra o juiz Sergio Moro. Segundo a ABJD, a a\u00e7\u00e3o tem como objetivo \u201c<em>exigir do \u00f3rg\u00e3o o zelo pela isen\u00e7\u00e3o da magistratura, o respeito ao principio da imparcialidade e a garantia da legalidade dos atos de membros do Poder Judici\u00e1rio<\/em>\u201d.<\/p>\n<p>A nota afirma que o Moro n\u00e3o poderia praticar qualquer ato de envolvimento pol\u00edtico com o governo enquanto ainda fosse juiz, e diz que essa atitude do juiz viola as normas de atua\u00e7\u00e3o da magistratura. \u201c<em>O ativismo do juiz S\u00e9rgio Moro n\u00e3o abala apenas a seguran\u00e7a dos casos por ele julgados e a Lava-jato como um todo, mas transfere desconfian\u00e7a a respeito da \u00e9tica e da independ\u00eancia com que conduzir\u00e1 tamb\u00e9m o Minist\u00e9rio da Justi\u00e7a e da Seguran\u00e7a P\u00fablica, no momento em que o pa\u00eds passa por grave crise democr\u00e1tica<\/em>\u201d, destaca a entidade.<\/p>\n<p><em><strong>*Bahia Not\u00edcias<\/strong><\/em><\/p>\n","protected":false},"excerpt":{"rendered":"<p>A Associa\u00e7\u00e3o Brasileira de Juristas pela Democracia (ABJD), emitiu uma nota neste s\u00e1bado (3), informando que ir\u00e1 entrar com representa\u00e7\u00e3o no Conselho Nacional de Justi\u00e7a (CNJ) contra o juiz Sergio Moro. Segundo a ABJD, a a\u00e7\u00e3o tem como objetivo \u201cexigir do \u00f3rg\u00e3o o zelo pela isen\u00e7\u00e3o da magistratura, o respeito ao principio da imparcialidade e [&hellip;]<\/p>\n","protected":false},"author":2,"featured_media":28981,"comment_status":"open","ping_status":"open","sticky":false,"template":"","format":"standard","meta":{"_acf_changed":false,"_monsterinsights_skip_tracking":false,"_monsterinsights_sitenote_active":false,"_monsterinsights_sitenote_note":"","_monsterinsights_sitenote_category":0,"_jetpack_memberships_contains_paid_content":false,"footnotes":"","jetpack_publicize_message":"","jetpack_publicize_feature_enabled":true,"jetpack_social_post_already_shared":true,"jetpack_social_options":{"image_generator_settings":{"template":"highway","default_image_id":0,"font":"","enabled":false},"version":2}},"categories":[5,1],"tags":[],"class_list":["post-28980","post","type-post","status-publish","format-standard","has-post-thumbnail","hentry","category-cotidiano","category-noticias"],"acf":[],"jetpack_publicize_connections":[],"jetpack_featured_media_url":"https:\/\/i0.wp.com\/blogdoeloiltoncajuhy.com.br\/site\/wp-content\/uploads\/2018\/11\/sergio-moro_agencia-brasil.jpg?fit=380%2C280&ssl=1","jetpack_sharing_enabled":true,"publishpress_future_workflow_manual_trigger":{"enabledWorkflows":[]},"_links":{"self":[{"href":"https:\/\/blogdoeloiltoncajuhy.com.br\/site\/wp-json\/wp\/v2\/posts\/28980","targetHints":{"allow":["GET"]}}],"collection":[{"href":"https:\/\/blogdoeloiltoncajuhy.com.br\/site\/wp-json\/wp\/v2\/posts"}],"about":[{"href":"https:\/\/blogdoeloiltoncajuhy.com.br\/site\/wp-json\/wp\/v2\/types\/post"}],"author":[{"embeddable":true,"href":"https:\/\/blogdoeloiltoncajuhy.com.br\/site\/wp-json\/wp\/v2\/users\/2"}],"replies":[{"embeddable":true,"href":"https:\/\/blogdoeloiltoncajuhy.com.br\/site\/wp-json\/wp\/v2\/comments?post=28980"}],"version-history":[{"count":1,"href":"https:\/\/blogdoeloiltoncajuhy.com.br\/site\/wp-json\/wp\/v2\/posts\/28980\/revisions"}],"predecessor-version":[{"id":28982,"href":"https:\/\/blogdoeloiltoncajuhy.com.br\/site\/wp-json\/wp\/v2\/posts\/28980\/revisions\/28982"}],"wp:featuredmedia":[{"embeddable":true,"href":"https:\/\/blogdoeloiltoncajuhy.com.br\/site\/wp-json\/wp\/v2\/media\/28981"}],"wp:attachment":[{"href":"https:\/\/blogdoeloiltoncajuhy.com.br\/site\/wp-json\/wp\/v2\/media?parent=28980"}],"wp:term":[{"taxonomy":"category","embeddable":true,"href":"https:\/\/blogdoeloiltoncajuhy.com.br\/site\/wp-json\/wp\/v2\/categories?post=28980"},{"taxonomy":"post_tag","embeddable":true,"href":"https:\/\/blogdoeloiltoncajuhy.com.br\/site\/wp-json\/wp\/v2\/tags?post=28980"}],"curies":[{"name":"wp","href":"https:\/\/api.w.org\/{rel}","templated":true}]}}