{"id":28978,"date":"2018-11-04T10:10:20","date_gmt":"2018-11-04T13:10:20","guid":{"rendered":"http:\/\/blogdoeloiltoncajuhy.com.br\/site\/?p=28978"},"modified":"2018-11-04T10:10:20","modified_gmt":"2018-11-04T13:10:20","slug":"empregos-21-orgaos-abrem-as-inscricoes-para-mais-de-mil-vagas-nesta-segunda-feira-05","status":"publish","type":"post","link":"https:\/\/blogdoeloiltoncajuhy.com.br\/site\/empregos-21-orgaos-abrem-as-inscricoes-para-mais-de-mil-vagas-nesta-segunda-feira-05\/","title":{"rendered":"EMPREGOS: 21 \u00f3rg\u00e3os abrem as inscri\u00e7\u00f5es para mais de mil vagas nesta segunda-feira (05)"},"content":{"rendered":"<h5 style=\"text-align: center;\"><em>Cargos s\u00e3o de todos os n\u00edveis de escolaridade; sal\u00e1rios chegam a R$ 12.978,00 na Prefeitura de Apiac\u00e1s (MT)<\/em><\/h5>\n<div class=\"mc-column content-text active-extra-styles active-capital-letter\" data-block-type=\"unstyled\" data-block-weight=\"32\" data-block-id=\"1\">\n<p class=\"content-text__container theme-color-primary-first-letter\" data-track-category=\"Link no Texto\" data-track-links=\"\"><a href=\"https:\/\/i0.wp.com\/blogdoeloiltoncajuhy.com.br\/site\/wp-content\/uploads\/2017\/10\/concursos_out-17.jpg\"><img data-recalc-dims=\"1\" fetchpriority=\"high\" decoding=\"async\" class=\"aligncenter size-full wp-image-21095\" src=\"https:\/\/i0.wp.com\/blogdoeloiltoncajuhy.com.br\/site\/wp-content\/uploads\/2017\/10\/concursos_out-17.jpg?resize=550%2C365\" alt=\"\" width=\"550\" height=\"365\" srcset=\"https:\/\/i0.wp.com\/blogdoeloiltoncajuhy.com.br\/site\/wp-content\/uploads\/2017\/10\/concursos_out-17.jpg?w=550&amp;ssl=1 550w, https:\/\/i0.wp.com\/blogdoeloiltoncajuhy.com.br\/site\/wp-content\/uploads\/2017\/10\/concursos_out-17.jpg?resize=300%2C199&amp;ssl=1 300w, https:\/\/i0.wp.com\/blogdoeloiltoncajuhy.com.br\/site\/wp-content\/uploads\/2017\/10\/concursos_out-17.jpg?resize=250%2C166&amp;ssl=1 250w\" sizes=\"(max-width: 550px) 100vw, 550px\" \/><\/a>Pelo menos 21 \u00f3rg\u00e3os abrem as inscri\u00e7\u00f5es nesta segunda-feira (5) para 1.054 vagas em cargos de todos os n\u00edveis de escolaridade. Os sal\u00e1rios chegam a R$ 12.978,00 na Prefeitura de Apiac\u00e1s (MT).<\/p>\n<\/div>\n<div class=\"wall protected-content\">\n<div class=\"mc-column content-text active-extra-styles \" data-block-type=\"unstyled\" data-block-weight=\"7\" data-block-id=\"2\">\n<p class=\"content-text__container \" data-track-category=\"Link no Texto\" data-track-links=\"\"><a href=\"http:\/\/especiais.g1.globo.com\/economia\/concursos-e-emprego\/lista-de-concursos-publicos-e-vagas-de-emprego\/\" target=\"_blank\" rel=\"noopener\"><strong><span style=\"color: #0000ff;\"><em>CONFIRA A LISTA COMPLETA DE CONCURSOS P\u00daBLICOS<\/em><\/span><\/strong><\/a><\/p>\n<\/div>\n<div class=\"mc-column content-text active-extra-styles \" data-block-type=\"unstyled\" data-block-weight=\"34\" data-block-id=\"3\">\n<p class=\"content-text__container \" data-track-category=\"Link no Texto\" data-track-links=\"\">H\u00e1 ainda concursos para forma\u00e7\u00e3o de cadastro de reserva, sem n\u00famero de vagas definido, nos quais os candidatos v\u00e3o sendo chamados \u00e0 medida que a administra\u00e7\u00e3o p\u00fablica abra vagas durante a validade do concurso.<\/p>\n<\/div>\n<div class=\"mc-column content-text active-extra-styles \" data-block-type=\"unstyled\" data-block-weight=\"7\" data-block-id=\"4\">\n<p class=\"content-text__container \" data-track-category=\"Link no Texto\" data-track-links=\"\"><strong>Veja mais detalhes sobre cada concurso abaixo:<\/strong><\/p>\n<\/div>\n<div class=\"mc-column content-text active-extra-styles\" data-block-type=\"raw\" data-block-weight=\"5\" data-block-id=\"5\">\n<div class=\"content-intertitle\">\n<h2>C\u00e2mara Municipal de Comercinho (MG)<\/h2>\n<\/div>\n<\/div>\n<div class=\"mc-column content-text active-extra-styles\" data-block-type=\"raw\" data-block-weight=\"19\" data-block-id=\"6\">\n<ul class=\"content-unordered-list\">\n<li>Inscri\u00e7\u00f5es: at\u00e9 05\/12\/2018<\/li>\n<li>3 vagas<\/li>\n<li>Sal\u00e1rios de at\u00e9 R$ 1.200,00<\/li>\n<li>Cargos de n\u00edvel fundamental e m\u00e9dio<\/li>\n<li><a href=\"http:\/\/www.jmsbhz.com.br\/concurso\/\" target=\"_blank\" rel=\"noopener\">Veja o edital<\/a><\/li>\n<\/ul>\n<\/div>\n<div class=\"mc-column content-text active-extra-styles\" data-block-type=\"raw\" data-block-weight=\"5\" data-block-id=\"7\">\n<div class=\"content-intertitle\">\n<h2>C\u00e2mara Municipal de Sert\u00e3ozinho (SP)<\/h2>\n<\/div>\n<\/div>\n<div class=\"mc-column content-text active-extra-styles\" data-block-type=\"raw\" data-block-weight=\"20\" data-block-id=\"8\">\n<ul class=\"content-unordered-list\">\n<li>Inscri\u00e7\u00f5es: at\u00e9 06\/12\/2018<\/li>\n<li>5 vagas<\/li>\n<li>Sal\u00e1rios de at\u00e9 R$ 6.480,76<\/li>\n<li>Cargos de n\u00edvel fundamental, m\u00e9dio e superior<\/li>\n<li><a href=\"https:\/\/www.vunesp.com.br\/CMSE1801\" target=\"_blank\" rel=\"noopener\">Veja o edital<\/a><\/li>\n<\/ul>\n<\/div>\n<div class=\"mc-column content-text active-extra-styles\" data-block-type=\"raw\" data-block-weight=\"5\" data-block-id=\"9\">\n<div class=\"content-intertitle\">\n<h2>C\u00e2mara Municipal de Tiet\u00ea (SP)<\/h2>\n<\/div>\n<\/div>\n<div class=\"mc-column content-text active-extra-styles\" data-block-type=\"raw\" data-block-weight=\"19\" data-block-id=\"10\">\n<ul class=\"content-unordered-list\">\n<li>Inscri\u00e7\u00f5es: at\u00e9 06\/12\/2018<\/li>\n<li>2 vagas<\/li>\n<li>Sal\u00e1rios de at\u00e9 R$ 3.843,47<\/li>\n<li>Cargos de n\u00edvel m\u00e9dio e superior<\/li>\n<li><a href=\"http:\/\/www.conscamweb.com.br\/concurso\/concursoPaginaInterna.do?idInstituicao=51&amp;idConcurso=2\" target=\"_blank\" rel=\"noopener\">Veja o edital<\/a><\/li>\n<\/ul>\n<\/div>\n<div class=\"mc-column content-text active-extra-styles\" data-block-type=\"raw\" data-block-weight=\"6\" data-block-id=\"11\">\n<div class=\"content-intertitle\">\n<h2>C\u00e2mara Municipal de Vitor Meireles (SC)<\/h2>\n<\/div>\n<\/div>\n<div class=\"mc-column content-text active-extra-styles\" data-block-type=\"raw\" data-block-weight=\"19\" data-block-id=\"12\">\n<ul class=\"content-unordered-list\">\n<li>Inscri\u00e7\u00f5es: at\u00e9 04\/12\/2018<\/li>\n<li>2 vagas<\/li>\n<li>Sal\u00e1rios de at\u00e9 R$ 2.641,14<\/li>\n<li>Cargos de n\u00edvel fundamental e superior<\/li>\n<li><a href=\"http:\/\/atena.listaeditais.com.br\/edital\/aberto-para-inscricao\/1909\/concurso-publico-municipio-de-vitor-meireles-camara-de-vereadores-012018\" target=\"_blank\" rel=\"noopener\">Veja o edital<\/a><\/li>\n<\/ul>\n<\/div>\n<div class=\"mc-column content-text active-extra-styles\" data-block-type=\"raw\" data-block-weight=\"8\" data-block-id=\"13\">\n<div class=\"content-intertitle\">\n<h2>Funda\u00e7\u00e3o Municipal de Sa\u00fade de Rio Claro (SP)<\/h2>\n<\/div>\n<\/div>\n<div class=\"mc-column content-text active-extra-styles\" data-block-type=\"raw\" data-block-weight=\"20\" data-block-id=\"14\">\n<ul class=\"content-unordered-list\">\n<li>Inscri\u00e7\u00f5es: at\u00e9 20\/12\/2018<\/li>\n<li>90 vagas<\/li>\n<li>Sal\u00e1rios de at\u00e9 R$ 4.941,87<\/li>\n<li>Cargos de n\u00edvel fundamental, m\u00e9dio e superior<\/li>\n<li><a href=\"https:\/\/www.institutomais.org.br\/Concursos\/Detalhe\/295\" target=\"_blank\" rel=\"noopener\">Veja o edital<\/a><\/li>\n<\/ul>\n<\/div>\n<div class=\"mc-column content-text active-extra-styles\" data-block-type=\"raw\" data-block-weight=\"5\" data-block-id=\"15\">\n<div class=\"content-intertitle\">\n<h2>Prefeitura de Alto Paran\u00e1 (PR)<\/h2>\n<\/div>\n<\/div>\n<div class=\"mc-column content-text active-extra-styles\" data-block-type=\"raw\" data-block-weight=\"20\" data-block-id=\"16\">\n<ul class=\"content-unordered-list\">\n<li>Inscri\u00e7\u00f5es: at\u00e9 26\/11\/2018<\/li>\n<li>19 vagas<\/li>\n<li>Sal\u00e1rios de at\u00e9 R$ 7.616,06<\/li>\n<li>Cargos de n\u00edvel fundamental, m\u00e9dio e superior<\/li>\n<li><a href=\"http:\/\/www.institutoexcelenciapr.com.br\/concursos\/andamento\" target=\"_blank\" rel=\"noopener\">Veja o edital<\/a><\/li>\n<\/ul>\n<\/div>\n<div class=\"mc-column content-text active-extra-styles\" data-block-type=\"raw\" data-block-weight=\"3\" data-block-id=\"17\">\n<div class=\"content-intertitle\">\n<h2>Prefeitura de Apiac\u00e1s<\/h2>\n<\/div>\n<\/div>\n<div class=\"mc-column content-text active-extra-styles\" data-block-type=\"raw\" data-block-weight=\"20\" data-block-id=\"18\">\n<ul class=\"content-unordered-list\">\n<li>Inscri\u00e7\u00f5es: at\u00e9 21\/11\/2018<\/li>\n<li>46 vagas<\/li>\n<li>Sal\u00e1rios de at\u00e9 R$ 12.978,00<\/li>\n<li>Cargos de n\u00edvel fundamental, m\u00e9dio e superior<\/li>\n<li><a href=\"http:\/\/www.apiacas.mt.gov.br\/Transparencia\/Outros-Servicos\/Processo-seletivo\/\" target=\"_blank\" rel=\"noopener\">Veja o edital<\/a><\/li>\n<\/ul>\n<\/div>\n<div class=\"mc-column content-text active-extra-styles\" data-block-type=\"raw\" data-block-weight=\"4\" data-block-id=\"19\">\n<div class=\"content-intertitle\">\n<h2>Prefeitura de Ara\u00e7agi (PB)<\/h2>\n<\/div>\n<\/div>\n<div class=\"mc-column content-text active-extra-styles\" data-block-type=\"raw\" data-block-weight=\"20\" data-block-id=\"20\">\n<ul class=\"content-unordered-list\">\n<li>Inscri\u00e7\u00f5es: at\u00e9 06\/12\/2018<\/li>\n<li>48 vagas<\/li>\n<li>Sal\u00e1rios de at\u00e9 R$ 5.500,00<\/li>\n<li>Cargos de n\u00edvel fundamental, m\u00e9dio e superior<\/li>\n<li><a href=\"https:\/\/cpcon.uepb.edu.br\/concursos\/PM_Aracagi\/\" target=\"_blank\" rel=\"noopener\">Veja o edital<\/a><\/li>\n<\/ul>\n<\/div>\n<div class=\"mc-column content-text active-extra-styles\" data-block-type=\"raw\" data-block-weight=\"4\" data-block-id=\"21\">\n<div class=\"content-intertitle\">\n<h2>Prefeitura de Cuitegi (PB)<\/h2>\n<\/div>\n<\/div>\n<div class=\"mc-column content-text active-extra-styles\" data-block-type=\"raw\" data-block-weight=\"20\" data-block-id=\"22\">\n<ul class=\"content-unordered-list\">\n<li>Inscri\u00e7\u00f5es: at\u00e9 06\/12\/2018<\/li>\n<li>78 vagas<\/li>\n<li>Sal\u00e1rios de at\u00e9 R$ 9.054,00<\/li>\n<li>Cargos de n\u00edvel fundamental, m\u00e9dio e superior<\/li>\n<li><a href=\"https:\/\/g1.globo.com\/pb\/paraiba\/noticia\/2018\/10\/29\/concurso-da-prefeitura-de-cuitegi-pb-divulga-edital-com-78-vagas.ghtml\">Veja o edital<\/a><\/li>\n<\/ul>\n<\/div>\n<div class=\"mc-column content-text active-extra-styles\" data-block-type=\"raw\" data-block-weight=\"4\" data-block-id=\"23\">\n<div class=\"content-intertitle\">\n<h2>Prefeitura de Diamantina (MG)<\/h2>\n<\/div>\n<\/div>\n<div class=\"mc-column content-text active-extra-styles\" data-block-type=\"raw\" data-block-weight=\"19\" data-block-id=\"24\">\n<ul class=\"content-unordered-list\">\n<li>Inscri\u00e7\u00f5es: at\u00e9 07\/11\/2018<\/li>\n<li>6 vagas<\/li>\n<li>Sal\u00e1rios de at\u00e9 R$ 11.527,27<\/li>\n<li>Cargos de n\u00edvel fundamental e superior<\/li>\n<li><a href=\"http:\/\/diamantina.mg.gov.br\/edital-processo-seletivo-simplificado-no-006-2018\/\" target=\"_blank\" rel=\"noopener\">Veja o edital<\/a><\/li>\n<\/ul>\n<\/div>\n<div class=\"mc-column content-text active-extra-styles\" data-block-type=\"raw\" data-block-weight=\"4\" data-block-id=\"25\">\n<div class=\"content-intertitle\">\n<h2>Prefeitura de Guzol\u00e2ndia (SP)<\/h2>\n<\/div>\n<\/div>\n<div class=\"mc-column content-text active-extra-styles\" data-block-type=\"raw\" data-block-weight=\"20\" data-block-id=\"26\">\n<ul class=\"content-unordered-list\">\n<li>Inscri\u00e7\u00f5es: at\u00e9 18\/11\/2018<\/li>\n<li>9 vagas<\/li>\n<li>Sal\u00e1rios de at\u00e9 R$ 12,28 hora\/aula<\/li>\n<li>Cargos de n\u00edvel m\u00e9dio e superior<\/li>\n<li><a href=\"https:\/\/www.setaconcurso.com.br\/informacoes\/52\/\" target=\"_blank\" rel=\"noopener\">Veja o edital<\/a><\/li>\n<\/ul>\n<div class=\"mc-column content-text active-extra-styles\" data-block-type=\"raw\" data-block-weight=\"4\" data-block-id=\"28\">\n<div class=\"content-intertitle\">\n<h2>Prefeitura de Ipumirim (SC)<\/h2>\n<\/div>\n<\/div>\n<div class=\"mc-column content-text active-extra-styles\" data-block-type=\"raw\" data-block-weight=\"21\" data-block-id=\"29\">\n<ul class=\"content-unordered-list\">\n<li>Inscri\u00e7\u00f5es: at\u00e9 25\/11\/2018<\/li>\n<li>Cadastro de reserva<\/li>\n<li>Sal\u00e1rios de at\u00e9 R$ 3.077,00<\/li>\n<li>Cargos de n\u00edvel fundamental, m\u00e9dio e superior<\/li>\n<li><a href=\"http:\/\/inseguro.fecam.org.br\/cms\/link\/link-cabecalho-inseguro\/codSite\/1529\/codMapaItem\/122893\" target=\"_blank\" rel=\"noopener\">Veja o edital<\/a><\/li>\n<\/ul>\n<\/div>\n<div class=\"mc-column content-text active-extra-styles\" data-block-type=\"raw\" data-block-weight=\"4\" data-block-id=\"30\">\n<div class=\"content-intertitle\">\n<h2>Prefeitura de Mairipor\u00e3 (SP)<\/h2>\n<\/div>\n<\/div>\n<div class=\"mc-column content-text active-extra-styles\" data-block-type=\"raw\" data-block-weight=\"17\" data-block-id=\"31\">\n<ul class=\"content-unordered-list\">\n<li>Inscri\u00e7\u00f5es: at\u00e9 03\/12\/2018<\/li>\n<li>10 vagas<\/li>\n<li>Sal\u00e1rios de at\u00e9 R$ 1.740,00<\/li>\n<li>Cargos de n\u00edvel m\u00e9dio<\/li>\n<li><a href=\"https:\/\/www.institutomais.org.br\/Concursos\/Detalhe\/296\" target=\"_blank\" rel=\"noopener\">Veja o edital<\/a><\/li>\n<\/ul>\n<\/div>\n<div class=\"mc-column content-text active-extra-styles\" data-block-type=\"raw\" data-block-weight=\"6\" data-block-id=\"32\">\n<div class=\"content-intertitle\">\n<h2>Prefeitura de Marip\u00e1 de Minas (MG)<\/h2>\n<\/div>\n<\/div>\n<div class=\"mc-column content-text active-extra-styles\" data-block-type=\"raw\" data-block-weight=\"21\" data-block-id=\"33\">\n<ul class=\"content-unordered-list\">\n<li>Inscri\u00e7\u00f5es: at\u00e9 09\/11\/2018<\/li>\n<li>Cadastro de reserva<\/li>\n<li>Sal\u00e1rios de at\u00e9 R$ 2.976,40<\/li>\n<li>Cargos de n\u00edvel fundamental, m\u00e9dio e superior<\/li>\n<li><a href=\"https:\/\/www.concursosjcm.com.br\/informacoes\/114\/\" target=\"_blank\" rel=\"noopener\">Veja o edital<\/a><\/li>\n<\/ul>\n<\/div>\n<div class=\"mc-column content-text active-extra-styles\" data-block-type=\"raw\" data-block-weight=\"4\" data-block-id=\"34\">\n<div class=\"content-intertitle\">\n<h2>Prefeitura de Pil\u00f5ezinhos (PB)<\/h2>\n<\/div>\n<\/div>\n<div class=\"mc-column content-text active-extra-styles\" data-block-type=\"raw\" data-block-weight=\"20\" data-block-id=\"35\">\n<ul class=\"content-unordered-list\">\n<li>Inscri\u00e7\u00f5es: at\u00e9 06\/12\/2018<\/li>\n<li>73 vagas<\/li>\n<li>Sal\u00e1rios de at\u00e9 R$ 9.000,00<\/li>\n<li>Cargos de n\u00edvel fundamental, m\u00e9dio e superior<\/li>\n<li><a href=\"https:\/\/g1.globo.com\/pb\/paraiba\/noticia\/2018\/10\/24\/divulgado-edital-do-concurso-da-prefeitura-de-piloezinhos-pb-com-salario-de-r-9-mil.ghtml\">Veja o edital<\/a><\/li>\n<\/ul>\n<\/div>\n<div class=\"mc-column content-text active-extra-styles\" data-block-type=\"raw\" data-block-weight=\"6\" data-block-id=\"36\">\n<div class=\"content-intertitle\">\n<h2>Prefeitura de Santana do Livramento (RS)<\/h2>\n<\/div>\n<\/div>\n<div class=\"mc-column content-text active-extra-styles\" data-block-type=\"raw\" data-block-weight=\"20\" data-block-id=\"37\">\n<ul class=\"content-unordered-list\">\n<li>Inscri\u00e7\u00f5es: at\u00e9 09\/11\/2018<\/li>\n<li>136 vagas<\/li>\n<li>Sal\u00e1rios de at\u00e9 R$ 3.704,02<\/li>\n<li>Cargos de n\u00edvel fundamental, m\u00e9dio e superior<\/li>\n<li><a href=\"http:\/\/www.sdolivramento.com.br\/prefeitura\/noticias\/&amp;id=6182\" target=\"_blank\" rel=\"noopener\">Veja o edital<\/a><\/li>\n<\/ul>\n<\/div>\n<div class=\"mc-column content-text active-extra-styles\" data-block-type=\"raw\" data-block-weight=\"7\" data-block-id=\"38\">\n<div class=\"content-intertitle\">\n<h2>Prefeitura de S\u00e3o Miguel da Palha (ES)<\/h2>\n<\/div>\n<\/div>\n<div class=\"mc-column content-text active-extra-styles\" data-block-type=\"raw\" data-block-weight=\"19\" data-block-id=\"39\">\n<ul class=\"content-unordered-list\">\n<li>Inscri\u00e7\u00f5es: at\u00e9 09\/11\/2018<\/li>\n<li>8 vagas<\/li>\n<li>Sal\u00e1rios de at\u00e9 R$ 2.084,13<\/li>\n<li>Cargos de n\u00edvel m\u00e9dio e superior<\/li>\n<li><a href=\"https:\/\/saogabriel.es.gov.br\/Media\/PrefeituraSaoGabrielDaPalha\/Documentos\/EDITAL%20PSS-CRAS%20002%20-%202018.pdf\" target=\"_blank\" rel=\"noopener\">Veja o edital<\/a><\/li>\n<\/ul>\n<\/div>\n<div class=\"mc-column content-text active-extra-styles\" data-block-type=\"raw\" data-block-weight=\"4\" data-block-id=\"40\">\n<div class=\"content-intertitle\">\n<h2>Prefeitura de Taubat\u00e9 (SP)<\/h2>\n<\/div>\n<\/div>\n<div class=\"mc-column content-text active-extra-styles\" data-block-type=\"raw\" data-block-weight=\"19\" data-block-id=\"41\">\n<ul class=\"content-unordered-list\">\n<li>Inscri\u00e7\u00f5es: at\u00e9 02\/12\/2018<\/li>\n<li>21 vagas<\/li>\n<li>Sal\u00e1rios de at\u00e9 R$ 3.553,80<\/li>\n<li>Cargos de n\u00edvel m\u00e9dio e superior<\/li>\n<li><a href=\"http:\/\/www.institutoexcelenciapr.com.br\/concursos\/andamento\" target=\"_blank\" rel=\"noopener\">Veja o edital<\/a><\/li>\n<\/ul>\n<\/div>\n<div class=\"mc-column content-text active-extra-styles\" data-block-type=\"raw\" data-block-weight=\"4\" data-block-id=\"42\">\n<div class=\"content-intertitle\">\n<h2>Prefeitura de Varginha (MG)<\/h2>\n<\/div>\n<\/div>\n<div class=\"mc-column content-text active-extra-styles\" data-block-type=\"raw\" data-block-weight=\"20\" data-block-id=\"43\">\n<ul class=\"content-unordered-list\">\n<li>Inscri\u00e7\u00f5es: at\u00e9 04\/12\/2018<\/li>\n<li>122 vagas<\/li>\n<li>Sal\u00e1rios de at\u00e9 R$ 8.052,34<\/li>\n<li>Cargos de n\u00edvel fundamental, m\u00e9dio e superior<\/li>\n<li><a href=\"https:\/\/www.objetivas.com.br\/concurso\/1718\/varginha-mg-2018-municipio-concurso-publico\/\" target=\"_blank\" rel=\"noopener\">Veja o edital<\/a><\/li>\n<\/ul>\n<\/div>\n<div class=\"mc-column content-text active-extra-styles\" data-block-type=\"raw\" data-block-weight=\"9\" data-block-id=\"44\">\n<div class=\"content-intertitle\">\n<h2>Secretaria de Estado da Seguran\u00e7a P\u00fablica de Minas Gerais<\/h2>\n<\/div>\n<\/div>\n<div class=\"mc-column content-text active-extra-styles\" data-block-type=\"raw\" data-block-weight=\"17\" data-block-id=\"45\">\n<ul class=\"content-unordered-list\">\n<li>Inscri\u00e7\u00f5es: at\u00e9 06\/11\/2018<\/li>\n<li>322 vagas<\/li>\n<li>Sal\u00e1rios de at\u00e9 R$ 4.098,45<\/li>\n<li>Cargos de n\u00edvel m\u00e9dio<\/li>\n<li><a href=\"http:\/\/www.seguranca.mg.gov.br\/component\/gmg\/page\/2940-Ano-2018\" target=\"_blank\" rel=\"noopener\">Veja o edital<\/a><\/li>\n<\/ul>\n<\/div>\n<div class=\"mc-column content-text active-extra-styles\" data-block-type=\"raw\" data-block-weight=\"9\" data-block-id=\"46\">\n<div class=\"content-intertitle\">\n<h2>Servi\u00e7o Aut\u00f4nomo de \u00c1gua e Esgoto de Jacare\u00ed (SP)<\/h2>\n<\/div>\n<\/div>\n<div data-track-category=\"fim do conteudo\" data-track-action=\"ultimo chunk conteudo\" data-track-noninteraction=\"false\" data-track-scroll=\"entrada completa viewport\">\n<div class=\"mc-column content-text active-extra-styles\" data-block-type=\"raw\" data-block-weight=\"20\" data-block-id=\"47\">\n<ul class=\"content-unordered-list\">\n<li>Inscri\u00e7\u00f5es: at\u00e9 10\/12\/2018<\/li>\n<li>54 vagas<\/li>\n<li>Sal\u00e1rios de at\u00e9 R$ 3.652,78<\/li>\n<li>Cargos de n\u00edvel fundamental, m\u00e9dio e superior<\/li>\n<li><a href=\"https:\/\/www.shdias.com.br\/concursos\/publicacoes\/SERVI%C3%87O+AUT%C3%94NOMO+DE+%C3%81GUA+E+ESGOTO+DE+JACARE%C3%8D+-+SAAE+\/207\" target=\"_blank\" rel=\"noopener\">Veja o edital<\/a><\/li>\n<\/ul>\n<p><em><strong>*Por G1<\/strong><\/em><\/p>\n<\/div>\n<\/div>\n<\/div>\n<\/div>\n","protected":false},"excerpt":{"rendered":"<p>Cargos s\u00e3o de todos os n\u00edveis de escolaridade; sal\u00e1rios chegam a R$ 12.978,00 na Prefeitura de Apiac\u00e1s (MT) Pelo menos 21 \u00f3rg\u00e3os abrem as inscri\u00e7\u00f5es nesta segunda-feira (5) para 1.054 vagas em cargos de todos os n\u00edveis de escolaridade. Os sal\u00e1rios chegam a R$ 12.978,00 na Prefeitura de Apiac\u00e1s (MT). CONFIRA A LISTA COMPLETA DE [&hellip;]<\/p>\n","protected":false},"author":2,"featured_media":0,"comment_status":"open","ping_status":"open","sticky":false,"template":"","format":"standard","meta":{"_acf_changed":false,"_monsterinsights_skip_tracking":false,"_monsterinsights_sitenote_active":false,"_monsterinsights_sitenote_note":"","_monsterinsights_sitenote_category":0,"_jetpack_memberships_contains_paid_content":false,"footnotes":"","jetpack_publicize_message":"","jetpack_publicize_feature_enabled":true,"jetpack_social_post_already_shared":true,"jetpack_social_options":{"image_generator_settings":{"template":"highway","default_image_id":0,"font":"","enabled":false},"version":2}},"categories":[5,1],"tags":[],"class_list":["post-28978","post","type-post","status-publish","format-standard","hentry","category-cotidiano","category-noticias"],"acf":[],"jetpack_publicize_connections":[],"jetpack_featured_media_url":"","jetpack_sharing_enabled":true,"publishpress_future_workflow_manual_trigger":{"enabledWorkflows":[]},"_links":{"self":[{"href":"https:\/\/blogdoeloiltoncajuhy.com.br\/site\/wp-json\/wp\/v2\/posts\/28978","targetHints":{"allow":["GET"]}}],"collection":[{"href":"https:\/\/blogdoeloiltoncajuhy.com.br\/site\/wp-json\/wp\/v2\/posts"}],"about":[{"href":"https:\/\/blogdoeloiltoncajuhy.com.br\/site\/wp-json\/wp\/v2\/types\/post"}],"author":[{"embeddable":true,"href":"https:\/\/blogdoeloiltoncajuhy.com.br\/site\/wp-json\/wp\/v2\/users\/2"}],"replies":[{"embeddable":true,"href":"https:\/\/blogdoeloiltoncajuhy.com.br\/site\/wp-json\/wp\/v2\/comments?post=28978"}],"version-history":[{"count":1,"href":"https:\/\/blogdoeloiltoncajuhy.com.br\/site\/wp-json\/wp\/v2\/posts\/28978\/revisions"}],"predecessor-version":[{"id":28979,"href":"https:\/\/blogdoeloiltoncajuhy.com.br\/site\/wp-json\/wp\/v2\/posts\/28978\/revisions\/28979"}],"wp:attachment":[{"href":"https:\/\/blogdoeloiltoncajuhy.com.br\/site\/wp-json\/wp\/v2\/media?parent=28978"}],"wp:term":[{"taxonomy":"category","embeddable":true,"href":"https:\/\/blogdoeloiltoncajuhy.com.br\/site\/wp-json\/wp\/v2\/categories?post=28978"},{"taxonomy":"post_tag","embeddable":true,"href":"https:\/\/blogdoeloiltoncajuhy.com.br\/site\/wp-json\/wp\/v2\/tags?post=28978"}],"curies":[{"name":"wp","href":"https:\/\/api.w.org\/{rel}","templated":true}]}}