{"id":28973,"date":"2018-11-03T22:16:13","date_gmt":"2018-11-04T01:16:13","guid":{"rendered":"http:\/\/blogdoeloiltoncajuhy.com.br\/site\/?p=28973"},"modified":"2018-11-03T22:16:13","modified_gmt":"2018-11-04T01:16:13","slug":"bairro-da-pera-festeja-neste-domingo-04-sua-padroeira-nossa-senhora-das-gracas","status":"publish","type":"post","link":"https:\/\/blogdoeloiltoncajuhy.com.br\/site\/bairro-da-pera-festeja-neste-domingo-04-sua-padroeira-nossa-senhora-das-gracas\/","title":{"rendered":"Bairro da Pera festeja neste domingo (04) sua Padroeira Nossa Senhora das Gra\u00e7as"},"content":{"rendered":"<p><a href=\"https:\/\/i0.wp.com\/blogdoeloiltoncajuhy.com.br\/site\/wp-content\/uploads\/2018\/11\/FestaNossaSenhoraGra%C3%A7as-2018_capa.jpg\"><img data-recalc-dims=\"1\" fetchpriority=\"high\" decoding=\"async\" class=\"aligncenter wp-image-28898\" src=\"https:\/\/i0.wp.com\/blogdoeloiltoncajuhy.com.br\/site\/wp-content\/uploads\/2018\/11\/FestaNossaSenhoraGra%C3%A7as-2018_capa.jpg?resize=351%2C500\" alt=\"\" width=\"351\" height=\"500\" srcset=\"https:\/\/i0.wp.com\/blogdoeloiltoncajuhy.com.br\/site\/wp-content\/uploads\/2018\/11\/FestaNossaSenhoraGra%C3%A7as-2018_capa.jpg?w=562&amp;ssl=1 562w, https:\/\/i0.wp.com\/blogdoeloiltoncajuhy.com.br\/site\/wp-content\/uploads\/2018\/11\/FestaNossaSenhoraGra%C3%A7as-2018_capa.jpg?resize=211%2C300&amp;ssl=1 211w, https:\/\/i0.wp.com\/blogdoeloiltoncajuhy.com.br\/site\/wp-content\/uploads\/2018\/11\/FestaNossaSenhoraGra%C3%A7as-2018_capa.jpg?resize=176%2C250&amp;ssl=1 176w\" sizes=\"(max-width: 351px) 100vw, 351px\" \/><\/a>A comunidade cat\u00f3lica do Bairro da Pera, aqui em Senhor do Bonfim, estar\u00e1 em festa neste domingo (04), com a celebra\u00e7\u00e3o do dia de sua Padroeira Nossa Senhora das Gra\u00e7as. A programa\u00e7\u00e3o come\u00e7a \u00e0s 5h da manh\u00e3 e encerra no final da tarde com prociss\u00e3o e missa solene.<\/p>\n<h1><strong>Confira:<\/strong><\/h1>\n<p><a href=\"https:\/\/i0.wp.com\/blogdoeloiltoncajuhy.com.br\/site\/wp-content\/uploads\/2018\/11\/FestaNossaSenhoraGra%C3%A7as-2018_ultimo-dia.jpg\"><img data-recalc-dims=\"1\" decoding=\"async\" class=\"aligncenter size-full wp-image-28974\" src=\"https:\/\/i0.wp.com\/blogdoeloiltoncajuhy.com.br\/site\/wp-content\/uploads\/2018\/11\/FestaNossaSenhoraGra%C3%A7as-2018_ultimo-dia.jpg?resize=708%2C1000\" alt=\"\" width=\"708\" height=\"1000\" srcset=\"https:\/\/i0.wp.com\/blogdoeloiltoncajuhy.com.br\/site\/wp-content\/uploads\/2018\/11\/FestaNossaSenhoraGra%C3%A7as-2018_ultimo-dia.jpg?w=708&amp;ssl=1 708w, https:\/\/i0.wp.com\/blogdoeloiltoncajuhy.com.br\/site\/wp-content\/uploads\/2018\/11\/FestaNossaSenhoraGra%C3%A7as-2018_ultimo-dia.jpg?resize=212%2C300&amp;ssl=1 212w, https:\/\/i0.wp.com\/blogdoeloiltoncajuhy.com.br\/site\/wp-content\/uploads\/2018\/11\/FestaNossaSenhoraGra%C3%A7as-2018_ultimo-dia.jpg?resize=177%2C250&amp;ssl=1 177w\" sizes=\"(max-width: 708px) 100vw, 708px\" \/><\/a><\/p>\n<p><strong>*BLOG DO ELOILTON CAJUHY<\/strong><\/p>\n","protected":false},"excerpt":{"rendered":"<p>A comunidade cat\u00f3lica do Bairro da Pera, aqui em Senhor do Bonfim, estar\u00e1 em festa neste domingo (04), com a celebra\u00e7\u00e3o do dia de sua Padroeira Nossa Senhora das Gra\u00e7as. A programa\u00e7\u00e3o come\u00e7a \u00e0s 5h da manh\u00e3 e encerra no final da tarde com prociss\u00e3o e missa solene. Confira: *BLOG DO ELOILTON CAJUHY<\/p>\n","protected":false},"author":2,"featured_media":28974,"comment_status":"open","ping_status":"open","sticky":false,"template":"","format":"standard","meta":{"_acf_changed":false,"_monsterinsights_skip_tracking":false,"_monsterinsights_sitenote_active":false,"_monsterinsights_sitenote_note":"","_monsterinsights_sitenote_category":0,"_jetpack_memberships_contains_paid_content":false,"footnotes":"","jetpack_publicize_message":"","jetpack_publicize_feature_enabled":true,"jetpack_social_post_already_shared":true,"jetpack_social_options":{"image_generator_settings":{"template":"highway","default_image_id":0,"font":"","enabled":false},"version":2}},"categories":[1,4],"tags":[],"class_list":["post-28973","post","type-post","status-publish","format-standard","has-post-thumbnail","hentry","category-noticias","category-local"],"acf":[],"jetpack_publicize_connections":[],"jetpack_featured_media_url":"https:\/\/i0.wp.com\/blogdoeloiltoncajuhy.com.br\/site\/wp-content\/uploads\/2018\/11\/FestaNossaSenhoraGra%C3%A7as-2018_ultimo-dia.jpg?fit=708%2C1000&ssl=1","jetpack_sharing_enabled":true,"publishpress_future_workflow_manual_trigger":{"enabledWorkflows":[]},"_links":{"self":[{"href":"https:\/\/blogdoeloiltoncajuhy.com.br\/site\/wp-json\/wp\/v2\/posts\/28973","targetHints":{"allow":["GET"]}}],"collection":[{"href":"https:\/\/blogdoeloiltoncajuhy.com.br\/site\/wp-json\/wp\/v2\/posts"}],"about":[{"href":"https:\/\/blogdoeloiltoncajuhy.com.br\/site\/wp-json\/wp\/v2\/types\/post"}],"author":[{"embeddable":true,"href":"https:\/\/blogdoeloiltoncajuhy.com.br\/site\/wp-json\/wp\/v2\/users\/2"}],"replies":[{"embeddable":true,"href":"https:\/\/blogdoeloiltoncajuhy.com.br\/site\/wp-json\/wp\/v2\/comments?post=28973"}],"version-history":[{"count":1,"href":"https:\/\/blogdoeloiltoncajuhy.com.br\/site\/wp-json\/wp\/v2\/posts\/28973\/revisions"}],"predecessor-version":[{"id":28975,"href":"https:\/\/blogdoeloiltoncajuhy.com.br\/site\/wp-json\/wp\/v2\/posts\/28973\/revisions\/28975"}],"wp:featuredmedia":[{"embeddable":true,"href":"https:\/\/blogdoeloiltoncajuhy.com.br\/site\/wp-json\/wp\/v2\/media\/28974"}],"wp:attachment":[{"href":"https:\/\/blogdoeloiltoncajuhy.com.br\/site\/wp-json\/wp\/v2\/media?parent=28973"}],"wp:term":[{"taxonomy":"category","embeddable":true,"href":"https:\/\/blogdoeloiltoncajuhy.com.br\/site\/wp-json\/wp\/v2\/categories?post=28973"},{"taxonomy":"post_tag","embeddable":true,"href":"https:\/\/blogdoeloiltoncajuhy.com.br\/site\/wp-json\/wp\/v2\/tags?post=28973"}],"curies":[{"name":"wp","href":"https:\/\/api.w.org\/{rel}","templated":true}]}}