{"id":28971,"date":"2018-11-03T22:05:18","date_gmt":"2018-11-04T01:05:18","guid":{"rendered":"http:\/\/blogdoeloiltoncajuhy.com.br\/site\/?p=28971"},"modified":"2018-11-03T22:05:18","modified_gmt":"2018-11-04T01:05:18","slug":"comece-o-domingo-meditando-46","status":"publish","type":"post","link":"https:\/\/blogdoeloiltoncajuhy.com.br\/site\/comece-o-domingo-meditando-46\/","title":{"rendered":"Comece o domingo meditando"},"content":{"rendered":"<h5 style=\"text-align: center;\"><span style=\"color: #0000ff;\"><strong>Evangelho &#8211; Mt 5,1-12a &#8211;\u00a0Bem-aventurados os pobres em esp\u00edrito<\/strong><\/span><\/h5>\n<p><a href=\"https:\/\/i0.wp.com\/blogdoeloiltoncajuhy.com.br\/site\/wp-content\/uploads\/2017\/05\/liturgia_diaria_2-e1496227097750.jpg\"><img data-recalc-dims=\"1\" fetchpriority=\"high\" decoding=\"async\" class=\"aligncenter size-full wp-image-17809\" src=\"https:\/\/i0.wp.com\/blogdoeloiltoncajuhy.com.br\/site\/wp-content\/uploads\/2017\/05\/liturgia_diaria_2-e1496227097750.jpg?resize=400%2C303\" alt=\"\" width=\"400\" height=\"303\" \/><\/a>Naquele tempo:\u00a0Vendo Jesus as multid\u00f5es, subiu ao monte e sentou-se.\u00a0Os disc\u00edpulos aproximaram-se,\u00a0e Jesus come\u00e7ou a ensin\u00e1-los:<\/p>\n<p>&#8216;Bem-aventurados os pobres em esp\u00edrito,\u00a0porque deles \u00e9 o Reino dos C\u00e9us.<br \/>\nBem-aventurados os aflitos,\u00a0porque ser\u00e3o consolados.<br \/>\nBem-aventurados os mansos,\u00a0porque possuir\u00e3o a terra.<br \/>\nBem-aventurados os que t\u00eam fome e sede de justi\u00e7a,\u00a0porque ser\u00e3o saciados.<br \/>\nBem-aventurados os misericordiosos,\u00a0porque alcan\u00e7ar\u00e3o miseric\u00f3rdia.<br \/>\nBem-aventurados os puros de cora\u00e7\u00e3o,\u00a0porque ver\u00e3o a Deus.<br \/>\nBem-aventurados os que promovem a paz,\u00a0porque ser\u00e3o chamados filhos de Deus.<br \/>\nBem-aventurados os que s\u00e3o perseguidos\u00a0por causa da justi\u00e7a,\u00a0porque deles \u00e9 o Reino dos C\u00e9us.<br \/>\nBem-aventurados sois v\u00f3s, quando vos injuriarem\u00a0e perseguirem, e mentindo,\u00a0disserem todo tipo de mal contra v\u00f3s, por causa de mim.<\/p>\n<p>Alegrai-vos e exultai,\u00a0porque ser\u00e1 grande a vossa recompensa nos c\u00e9us.\u00a0<em><strong>Palavra da Salva\u00e7\u00e3o!<\/strong><\/em><\/p>\n<p><strong>*<a href=\"http:\/\/liturgiadiaria.cnbb.org.br\/app\/user\/user\/UserView.php?ano=2018&amp;mes=11&amp;dia=4\">CNBB<\/a><\/strong><\/p>\n","protected":false},"excerpt":{"rendered":"<p>Evangelho &#8211; Mt 5,1-12a &#8211;\u00a0Bem-aventurados os pobres em esp\u00edrito Naquele tempo:\u00a0Vendo Jesus as multid\u00f5es, subiu ao monte e sentou-se.\u00a0Os disc\u00edpulos aproximaram-se,\u00a0e Jesus come\u00e7ou a ensin\u00e1-los: &#8216;Bem-aventurados os pobres em esp\u00edrito,\u00a0porque deles \u00e9 o Reino dos C\u00e9us. Bem-aventurados os aflitos,\u00a0porque ser\u00e3o consolados. Bem-aventurados os mansos,\u00a0porque possuir\u00e3o a terra. Bem-aventurados os que t\u00eam fome e sede de [&hellip;]<\/p>\n","protected":false},"author":2,"featured_media":0,"comment_status":"open","ping_status":"open","sticky":false,"template":"","format":"standard","meta":{"_acf_changed":false,"_monsterinsights_skip_tracking":false,"_monsterinsights_sitenote_active":false,"_monsterinsights_sitenote_note":"","_monsterinsights_sitenote_category":0,"_jetpack_memberships_contains_paid_content":false,"footnotes":"","jetpack_publicize_message":"","jetpack_publicize_feature_enabled":true,"jetpack_social_post_already_shared":true,"jetpack_social_options":{"image_generator_settings":{"template":"highway","default_image_id":0,"font":"","enabled":false},"version":2}},"categories":[1,9],"tags":[],"class_list":["post-28971","post","type-post","status-publish","format-standard","hentry","category-noticias","category-reflexao"],"acf":[],"jetpack_publicize_connections":[],"jetpack_featured_media_url":"","jetpack_sharing_enabled":true,"publishpress_future_workflow_manual_trigger":{"enabledWorkflows":[]},"_links":{"self":[{"href":"https:\/\/blogdoeloiltoncajuhy.com.br\/site\/wp-json\/wp\/v2\/posts\/28971","targetHints":{"allow":["GET"]}}],"collection":[{"href":"https:\/\/blogdoeloiltoncajuhy.com.br\/site\/wp-json\/wp\/v2\/posts"}],"about":[{"href":"https:\/\/blogdoeloiltoncajuhy.com.br\/site\/wp-json\/wp\/v2\/types\/post"}],"author":[{"embeddable":true,"href":"https:\/\/blogdoeloiltoncajuhy.com.br\/site\/wp-json\/wp\/v2\/users\/2"}],"replies":[{"embeddable":true,"href":"https:\/\/blogdoeloiltoncajuhy.com.br\/site\/wp-json\/wp\/v2\/comments?post=28971"}],"version-history":[{"count":1,"href":"https:\/\/blogdoeloiltoncajuhy.com.br\/site\/wp-json\/wp\/v2\/posts\/28971\/revisions"}],"predecessor-version":[{"id":28972,"href":"https:\/\/blogdoeloiltoncajuhy.com.br\/site\/wp-json\/wp\/v2\/posts\/28971\/revisions\/28972"}],"wp:attachment":[{"href":"https:\/\/blogdoeloiltoncajuhy.com.br\/site\/wp-json\/wp\/v2\/media?parent=28971"}],"wp:term":[{"taxonomy":"category","embeddable":true,"href":"https:\/\/blogdoeloiltoncajuhy.com.br\/site\/wp-json\/wp\/v2\/categories?post=28971"},{"taxonomy":"post_tag","embeddable":true,"href":"https:\/\/blogdoeloiltoncajuhy.com.br\/site\/wp-json\/wp\/v2\/tags?post=28971"}],"curies":[{"name":"wp","href":"https:\/\/api.w.org\/{rel}","templated":true}]}}