{"id":28950,"date":"2018-11-03T09:25:36","date_gmt":"2018-11-03T12:25:36","guid":{"rendered":"http:\/\/blogdoeloiltoncajuhy.com.br\/site\/?p=28950"},"modified":"2018-11-03T09:26:45","modified_gmt":"2018-11-03T12:26:45","slug":"escolas-devem-escolher-obras-literarias-ate-a-segunda-feira-5","status":"publish","type":"post","link":"https:\/\/blogdoeloiltoncajuhy.com.br\/site\/escolas-devem-escolher-obras-literarias-ate-a-segunda-feira-5\/","title":{"rendered":"Escolas devem escolher obras liter\u00e1rias at\u00e9 a segunda-feira (5)"},"content":{"rendered":"<h3 style=\"text-align: center;\"><em>O processo de sele\u00e7\u00e3o dos livros que ser\u00e3o utilizados pelas institui\u00e7\u00f5es p\u00fablicas em 2019 teve in\u00edcio em 18 de outubro<\/em><\/h3>\n<figure id=\"attachment_28951\" aria-describedby=\"caption-attachment-28951\" style=\"width: 960px\" class=\"wp-caption aligncenter\"><a href=\"https:\/\/i0.wp.com\/blogdoeloiltoncajuhy.com.br\/site\/wp-content\/uploads\/2018\/11\/obras-literarias.jpeg\"><img data-recalc-dims=\"1\" fetchpriority=\"high\" decoding=\"async\" class=\"wp-image-28951 size-full\" src=\"https:\/\/i0.wp.com\/blogdoeloiltoncajuhy.com.br\/site\/wp-content\/uploads\/2018\/11\/obras-literarias.jpeg?resize=800%2C392\" alt=\"\" width=\"800\" height=\"392\" srcset=\"https:\/\/i0.wp.com\/blogdoeloiltoncajuhy.com.br\/site\/wp-content\/uploads\/2018\/11\/obras-literarias.jpeg?w=960&amp;ssl=1 960w, https:\/\/i0.wp.com\/blogdoeloiltoncajuhy.com.br\/site\/wp-content\/uploads\/2018\/11\/obras-literarias.jpeg?resize=300%2C147&amp;ssl=1 300w, https:\/\/i0.wp.com\/blogdoeloiltoncajuhy.com.br\/site\/wp-content\/uploads\/2018\/11\/obras-literarias.jpeg?resize=768%2C376&amp;ssl=1 768w, https:\/\/i0.wp.com\/blogdoeloiltoncajuhy.com.br\/site\/wp-content\/uploads\/2018\/11\/obras-literarias.jpeg?resize=250%2C122&amp;ssl=1 250w\" sizes=\"(max-width: 800px) 100vw, 800px\" \/><\/a><figcaption id=\"caption-attachment-28951\" class=\"wp-caption-text\">O FNDE publicou um guia digital com resenhas e informa\u00e7\u00f5es sobre todas as obras selecionadas para esta edi\u00e7\u00e3o, para ajudar na escolha das escolas &#8211; Foto: Pedro Ventura\/Ag\u00eancia Bras\u00edlia<\/figcaption><\/figure>\n<p>As escolas p\u00fablicas de educa\u00e7\u00e3o b\u00e1sica t\u00eam at\u00e9 a pr\u00f3xima segunda-feira (5) para escolher as obras liter\u00e1rias que v\u00e3o utilizar no ano letivo de 2019. O Fundo Nacional de Desenvolvimento da Educa\u00e7\u00e3o (FNDE) prorrogou o prazo pois at\u00e9 a tarde da \u00faltima quarta-feira (31) cerca de 42% das unidades de ensino que ser\u00e3o beneficiadas nesta edi\u00e7\u00e3o do programa ainda n\u00e3o tinham acessado o sistema para efetuar a escolha. O FNDE vai encaminhar acervos compostos aleatoriamente por t\u00edtulos do Programa Nacional do Livro e do Material Did\u00e1tico, o PNLD Liter\u00e1rio 2018, para escolas que n\u00e3o fizerem a sele\u00e7\u00e3o a tempo<\/p>\n<p>Esta \u00e9 a primeira vez que o FNDE permite que diretores e professores escolham as obras liter\u00e1rias que mais se adequam ao projeto pedag\u00f3gico de cada unidade de ensino. Apenas as redes municipais ou estaduais e as institui\u00e7\u00f5es federais, que aderiram formalmente ao PNLD Liter\u00e1rio 2018 por meio do sistema do Programa Dinheiro Direto na Escola, o PDDE Interativo, podem escolher o material.<\/p>\n<p>Para educa\u00e7\u00e3o infantil e turmas do primeiro ao terceiro ano do ensino fundamental, a escolha ser\u00e1 de acervos para sala de aula. J\u00e1 para o quarto e quinto anos do ensino fundamental e para o ensino m\u00e9dio, a sele\u00e7\u00e3o ser\u00e1 de acervos para biblioteca e de dois livros para cada aluno.<\/p>\n<p>Com o intuito de ajudar na escolha do PNLD Liter\u00e1rio 2018, o FNDE publicou em seu portal eletr\u00f4nico um guia digital do programa. O material cont\u00e9m resenhas e informa\u00e7\u00f5es sobre todas as obras selecionadas para esta edi\u00e7\u00e3o.<\/p>\n<p><em><strong>*Fonte: Minist\u00e9rio da Educa\u00e7\u00e3o<\/strong><\/em><\/p>\n","protected":false},"excerpt":{"rendered":"<p>O processo de sele\u00e7\u00e3o dos livros que ser\u00e3o utilizados pelas institui\u00e7\u00f5es p\u00fablicas em 2019 teve in\u00edcio em 18 de outubro As escolas p\u00fablicas de educa\u00e7\u00e3o b\u00e1sica t\u00eam at\u00e9 a pr\u00f3xima segunda-feira (5) para escolher as obras liter\u00e1rias que v\u00e3o utilizar no ano letivo de 2019. O Fundo Nacional de Desenvolvimento da Educa\u00e7\u00e3o (FNDE) prorrogou o [&hellip;]<\/p>\n","protected":false},"author":2,"featured_media":28951,"comment_status":"open","ping_status":"open","sticky":false,"template":"","format":"standard","meta":{"_acf_changed":false,"_monsterinsights_skip_tracking":false,"_monsterinsights_sitenote_active":false,"_monsterinsights_sitenote_note":"","_monsterinsights_sitenote_category":0,"_jetpack_memberships_contains_paid_content":false,"footnotes":"","jetpack_publicize_message":"","jetpack_publicize_feature_enabled":true,"jetpack_social_post_already_shared":true,"jetpack_social_options":{"image_generator_settings":{"template":"highway","default_image_id":0,"font":"","enabled":false},"version":2}},"categories":[14,1],"tags":[],"class_list":["post-28950","post","type-post","status-publish","format-standard","has-post-thumbnail","hentry","category-educacao","category-noticias"],"acf":[],"jetpack_publicize_connections":[],"jetpack_featured_media_url":"https:\/\/i0.wp.com\/blogdoeloiltoncajuhy.com.br\/site\/wp-content\/uploads\/2018\/11\/obras-literarias.jpeg?fit=960%2C470&ssl=1","jetpack_sharing_enabled":true,"publishpress_future_workflow_manual_trigger":{"enabledWorkflows":[]},"_links":{"self":[{"href":"https:\/\/blogdoeloiltoncajuhy.com.br\/site\/wp-json\/wp\/v2\/posts\/28950","targetHints":{"allow":["GET"]}}],"collection":[{"href":"https:\/\/blogdoeloiltoncajuhy.com.br\/site\/wp-json\/wp\/v2\/posts"}],"about":[{"href":"https:\/\/blogdoeloiltoncajuhy.com.br\/site\/wp-json\/wp\/v2\/types\/post"}],"author":[{"embeddable":true,"href":"https:\/\/blogdoeloiltoncajuhy.com.br\/site\/wp-json\/wp\/v2\/users\/2"}],"replies":[{"embeddable":true,"href":"https:\/\/blogdoeloiltoncajuhy.com.br\/site\/wp-json\/wp\/v2\/comments?post=28950"}],"version-history":[{"count":3,"href":"https:\/\/blogdoeloiltoncajuhy.com.br\/site\/wp-json\/wp\/v2\/posts\/28950\/revisions"}],"predecessor-version":[{"id":28954,"href":"https:\/\/blogdoeloiltoncajuhy.com.br\/site\/wp-json\/wp\/v2\/posts\/28950\/revisions\/28954"}],"wp:featuredmedia":[{"embeddable":true,"href":"https:\/\/blogdoeloiltoncajuhy.com.br\/site\/wp-json\/wp\/v2\/media\/28951"}],"wp:attachment":[{"href":"https:\/\/blogdoeloiltoncajuhy.com.br\/site\/wp-json\/wp\/v2\/media?parent=28950"}],"wp:term":[{"taxonomy":"category","embeddable":true,"href":"https:\/\/blogdoeloiltoncajuhy.com.br\/site\/wp-json\/wp\/v2\/categories?post=28950"},{"taxonomy":"post_tag","embeddable":true,"href":"https:\/\/blogdoeloiltoncajuhy.com.br\/site\/wp-json\/wp\/v2\/tags?post=28950"}],"curies":[{"name":"wp","href":"https:\/\/api.w.org\/{rel}","templated":true}]}}