{"id":28937,"date":"2018-11-02T09:34:47","date_gmt":"2018-11-02T12:34:47","guid":{"rendered":"http:\/\/blogdoeloiltoncajuhy.com.br\/site\/?p=28937"},"modified":"2018-11-02T09:34:47","modified_gmt":"2018-11-02T12:34:47","slug":"professora-e-agredida-apos-chamar-atencao-de-estudante-na-aula-em-ribeirao-preto-sp","status":"publish","type":"post","link":"https:\/\/blogdoeloiltoncajuhy.com.br\/site\/professora-e-agredida-apos-chamar-atencao-de-estudante-na-aula-em-ribeirao-preto-sp\/","title":{"rendered":"Professora \u00e9 agredida ap\u00f3s chamar aten\u00e7\u00e3o de estudante na aula em Ribeir\u00e3o Preto, SP"},"content":{"rendered":"<h5 style=\"text-align: center;\"><em>V\u00edtima conta que ficou desacordada ao levar soco e chute de aluno de 17 anos depois de mand\u00e1-lo para a diretoria. Dire\u00e7\u00e3o de Ensino estuda medidas disciplinares<\/em><\/h5>\n<figure id=\"attachment_28938\" aria-describedby=\"caption-attachment-28938\" style=\"width: 984px\" class=\"wp-caption aligncenter\"><a href=\"https:\/\/i0.wp.com\/blogdoeloiltoncajuhy.com.br\/site\/wp-content\/uploads\/2018\/11\/professora-agredida_sp.jpg\"><img data-recalc-dims=\"1\" fetchpriority=\"high\" decoding=\"async\" class=\"wp-image-28938 size-full\" src=\"https:\/\/i0.wp.com\/blogdoeloiltoncajuhy.com.br\/site\/wp-content\/uploads\/2018\/11\/professora-agredida_sp.jpg?resize=800%2C453\" alt=\"\" width=\"800\" height=\"453\" srcset=\"https:\/\/i0.wp.com\/blogdoeloiltoncajuhy.com.br\/site\/wp-content\/uploads\/2018\/11\/professora-agredida_sp.jpg?w=984&amp;ssl=1 984w, https:\/\/i0.wp.com\/blogdoeloiltoncajuhy.com.br\/site\/wp-content\/uploads\/2018\/11\/professora-agredida_sp.jpg?resize=300%2C170&amp;ssl=1 300w, https:\/\/i0.wp.com\/blogdoeloiltoncajuhy.com.br\/site\/wp-content\/uploads\/2018\/11\/professora-agredida_sp.jpg?resize=768%2C435&amp;ssl=1 768w, https:\/\/i0.wp.com\/blogdoeloiltoncajuhy.com.br\/site\/wp-content\/uploads\/2018\/11\/professora-agredida_sp.jpg?resize=250%2C142&amp;ssl=1 250w\" sizes=\"(max-width: 800px) 100vw, 800px\" \/><\/a><figcaption id=\"caption-attachment-28938\" class=\"wp-caption-text\">Professora diz ter sido agredida por aluno ap\u00f3s chamar aten\u00e7\u00e3o em sala de aula em Ribeir\u00e3o Preto \u2014 Foto: Reprodu\u00e7\u00e3o\/EPTV<\/figcaption><\/figure>\n<p>Uma professora foi agredida na noite de quarta-feira (31) na Escola Estadual Dr. Thomaz Alberto Whately, em Ribeir\u00e3o Preto (SP), depois de chamar a aten\u00e7\u00e3o de um aluno.<\/p>\n<p>O jovem apontado pelas agress\u00f5es \u00e9 um estudante de 17 anos que, segundo ela, tinha sido advertido sobre o desinteresse pela aula quando ela se recusou a dar um visto em seu caderno de atividades.<\/p>\n<p>A docente, que prefere n\u00e3o ser identificada, afirma que chegou a desmaiar ap\u00f3s levar um chute na perna e um soco no rosto.\u00a0Segundo a Diretoria Regional de Ensino, o aluno e a professora foram levados \u00e0 delegacia, onde foi registrada a ocorr\u00eancia.\u00a0A entidade repudiou o ato de viol\u00eancia e informou que medidas disciplinares contra o estudante est\u00e3o sendo avaliadas.<\/p>\n<div class=\"mc-column content-text active-extra-styles\" data-block-type=\"raw\" data-block-weight=\"7\" data-block-id=\"8\">\n<div class=\"content-intertitle\"><\/div>\n<\/div>\n<div class=\"mc-column content-text active-extra-styles \" data-block-type=\"unstyled\" data-block-weight=\"33\" data-block-id=\"17\">\n<p><strong>&#8216;Falei que n\u00e3o ia vistar o caderno&#8217;<\/strong><\/p>\n<p>A v\u00edtima conta que as aulas do per\u00edodo noturno na escola localizada nos Campos El\u00edseos estavam pr\u00f3ximas do fim quando o aluno pediu para ela dar um visto em seu caderno.<\/p>\n<p>&#8220;<em>Foi um aluno que durante a aula inteira eu vim chamando aten\u00e7\u00e3o. Ele estava atrapalhando o rendimento da aula, n\u00e3o produziu nada e eu falei que n\u00e3o ia vistar o caderno dele<\/em>&#8220;, conta.<br \/>\nEm seguida, relata que o jovem se irritou e que foi xingada por ele. &#8220;<em>Pedi para que ele se encaminhasse at\u00e9 a dire\u00e7\u00e3o da escola pelo desacato, ele saiu batendo a porta da sala<\/em>&#8220;.<\/p>\n<p>A professora afirma que saiu da sala atr\u00e1s do aluno pelo corredor, momento em que ele a desafiou, segundo ela. &#8220;<em>Chegando pr\u00f3ximo \u00e0 sala dos professores, eu estava atr\u00e1s dele, ele estava na minha frente esse aluno voltou-se contra mim, veio me peitando<\/em>&#8220;.\u00a0Um inspetor de alunos viu a situa\u00e7\u00e3o e tentou intervir, mas n\u00e3o conseguiu evitar que o aluno agredisse a professora, conta a docente.<\/p>\n<p>&#8220;<em>Num momento de rea\u00e7\u00e3o, empurrei ele pra se afastar de mim, o inspetor de alunos j\u00e1 veio pra separar que viu que algo pior poderia acontecer, mas n\u00e3o deu tempo, o aluno veio j\u00e1 primeiro. Ele me deu um chute na perna e depois um soco no rosto. Nisso eu vim a cair no ch\u00e3o j\u00e1 desacordada<\/em>&#8220;, lembra.<\/p>\n<figure id=\"attachment_28939\" aria-describedby=\"caption-attachment-28939\" style=\"width: 984px\" class=\"wp-caption aligncenter\"><a href=\"https:\/\/i0.wp.com\/blogdoeloiltoncajuhy.com.br\/site\/wp-content\/uploads\/2018\/11\/professora-agredida-escola.jpg\"><img data-recalc-dims=\"1\" decoding=\"async\" class=\"wp-image-28939 size-full\" src=\"https:\/\/i0.wp.com\/blogdoeloiltoncajuhy.com.br\/site\/wp-content\/uploads\/2018\/11\/professora-agredida-escola.jpg?resize=800%2C442\" alt=\"\" width=\"800\" height=\"442\" srcset=\"https:\/\/i0.wp.com\/blogdoeloiltoncajuhy.com.br\/site\/wp-content\/uploads\/2018\/11\/professora-agredida-escola.jpg?w=984&amp;ssl=1 984w, https:\/\/i0.wp.com\/blogdoeloiltoncajuhy.com.br\/site\/wp-content\/uploads\/2018\/11\/professora-agredida-escola.jpg?resize=300%2C166&amp;ssl=1 300w, https:\/\/i0.wp.com\/blogdoeloiltoncajuhy.com.br\/site\/wp-content\/uploads\/2018\/11\/professora-agredida-escola.jpg?resize=768%2C425&amp;ssl=1 768w, https:\/\/i0.wp.com\/blogdoeloiltoncajuhy.com.br\/site\/wp-content\/uploads\/2018\/11\/professora-agredida-escola.jpg?resize=250%2C138&amp;ssl=1 250w\" sizes=\"(max-width: 800px) 100vw, 800px\" \/><\/a><figcaption id=\"caption-attachment-28939\" class=\"wp-caption-text\">Escola Estadual Dr. Thomaz Alberto Whately, em Ribeir\u00e3o Preto (SP) \u2014 Foto: Reprodu\u00e7\u00e3o\/EPTV<\/figcaption><\/figure>\n<p>Na tarde desta quinta-feira (1\u00ba), a professora fez exame de corpo de delito no Instituto M\u00e9dico Legal (IML). A sensa\u00e7\u00e3o depois de ter sofrido a agress\u00e3o \u00e9 de impot\u00eancia, afirma.\u00a0&#8220;<em>Nunca tinha passado por essa agress\u00e3o f\u00edsica. A gente sabe que isso \u00e9 muito comum, a gente v\u00ea entrevistas, v\u00ea not\u00edcias&#8230; Na escola que dou aula j\u00e1 aconteceu algumas vezes, mas agress\u00e3o verbal<\/em>&#8220;.<\/p>\n<p><strong>Diretoria Regional de Ensino<\/strong><\/p>\n<p>A Diretoria Regional de Ribeir\u00e3o Preto, ligada \u00e0 Secretaria de Estado da Educa\u00e7\u00e3o, informou que uma equipe da Ronda Escolar foi acionada imediatamente, al\u00e9m dos respons\u00e1veis pelo aluno envolvido.<\/p>\n<p>&#8220;<em>Todos foram conduzidos at\u00e9 a delegacia para prestar depoimentos. Um Boletim de Ocorr\u00eancia foi registrado e a professora fez exame de corpo de delito. Uma apura\u00e7\u00e3o foi aberta pela Diretoria de Ensino de Ribeir\u00e3o Preto e o Conselho de Escola se reunir\u00e1 para avaliar o caso e estudar medidas disciplinares<\/em>&#8220;, comunicou.<\/p>\n<p>A pasta tamb\u00e9m comunicou que um professor mediador vai acompanhar o caso e refor\u00e7ar a\u00e7\u00f5es para evitar conflitos na escola.<\/p>\n<p><em><strong>*Por EPTV 2<\/strong><\/em><\/p>\n<\/div>\n","protected":false},"excerpt":{"rendered":"<p>V\u00edtima conta que ficou desacordada ao levar soco e chute de aluno de 17 anos depois de mand\u00e1-lo para a diretoria. Dire\u00e7\u00e3o de Ensino estuda medidas disciplinares Uma professora foi agredida na noite de quarta-feira (31) na Escola Estadual Dr. Thomaz Alberto Whately, em Ribeir\u00e3o Preto (SP), depois de chamar a aten\u00e7\u00e3o de um aluno. [&hellip;]<\/p>\n","protected":false},"author":2,"featured_media":28939,"comment_status":"open","ping_status":"open","sticky":false,"template":"","format":"standard","meta":{"_acf_changed":false,"_monsterinsights_skip_tracking":false,"_monsterinsights_sitenote_active":false,"_monsterinsights_sitenote_note":"","_monsterinsights_sitenote_category":0,"_jetpack_memberships_contains_paid_content":false,"footnotes":"","jetpack_publicize_message":"","jetpack_publicize_feature_enabled":true,"jetpack_social_post_already_shared":true,"jetpack_social_options":{"image_generator_settings":{"template":"highway","default_image_id":0,"font":"","enabled":false},"version":2}},"categories":[5,14,1],"tags":[],"class_list":["post-28937","post","type-post","status-publish","format-standard","has-post-thumbnail","hentry","category-cotidiano","category-educacao","category-noticias"],"acf":[],"jetpack_publicize_connections":[],"jetpack_featured_media_url":"https:\/\/i0.wp.com\/blogdoeloiltoncajuhy.com.br\/site\/wp-content\/uploads\/2018\/11\/professora-agredida-escola.jpg?fit=984%2C544&ssl=1","jetpack_sharing_enabled":true,"publishpress_future_workflow_manual_trigger":{"enabledWorkflows":[]},"_links":{"self":[{"href":"https:\/\/blogdoeloiltoncajuhy.com.br\/site\/wp-json\/wp\/v2\/posts\/28937","targetHints":{"allow":["GET"]}}],"collection":[{"href":"https:\/\/blogdoeloiltoncajuhy.com.br\/site\/wp-json\/wp\/v2\/posts"}],"about":[{"href":"https:\/\/blogdoeloiltoncajuhy.com.br\/site\/wp-json\/wp\/v2\/types\/post"}],"author":[{"embeddable":true,"href":"https:\/\/blogdoeloiltoncajuhy.com.br\/site\/wp-json\/wp\/v2\/users\/2"}],"replies":[{"embeddable":true,"href":"https:\/\/blogdoeloiltoncajuhy.com.br\/site\/wp-json\/wp\/v2\/comments?post=28937"}],"version-history":[{"count":1,"href":"https:\/\/blogdoeloiltoncajuhy.com.br\/site\/wp-json\/wp\/v2\/posts\/28937\/revisions"}],"predecessor-version":[{"id":28940,"href":"https:\/\/blogdoeloiltoncajuhy.com.br\/site\/wp-json\/wp\/v2\/posts\/28937\/revisions\/28940"}],"wp:featuredmedia":[{"embeddable":true,"href":"https:\/\/blogdoeloiltoncajuhy.com.br\/site\/wp-json\/wp\/v2\/media\/28939"}],"wp:attachment":[{"href":"https:\/\/blogdoeloiltoncajuhy.com.br\/site\/wp-json\/wp\/v2\/media?parent=28937"}],"wp:term":[{"taxonomy":"category","embeddable":true,"href":"https:\/\/blogdoeloiltoncajuhy.com.br\/site\/wp-json\/wp\/v2\/categories?post=28937"},{"taxonomy":"post_tag","embeddable":true,"href":"https:\/\/blogdoeloiltoncajuhy.com.br\/site\/wp-json\/wp\/v2\/tags?post=28937"}],"curies":[{"name":"wp","href":"https:\/\/api.w.org\/{rel}","templated":true}]}}