{"id":28934,"date":"2018-11-02T09:12:37","date_gmt":"2018-11-02T12:12:37","guid":{"rendered":"http:\/\/blogdoeloiltoncajuhy.com.br\/site\/?p=28934"},"modified":"2018-11-02T09:12:37","modified_gmt":"2018-11-02T12:12:37","slug":"portaria-do-detran-ba-confirma-placa-mercosul-para-dezembro","status":"publish","type":"post","link":"https:\/\/blogdoeloiltoncajuhy.com.br\/site\/portaria-do-detran-ba-confirma-placa-mercosul-para-dezembro\/","title":{"rendered":"Portaria do Detran-BA confirma placa Mercosul para dezembro"},"content":{"rendered":"<p><a href=\"https:\/\/i0.wp.com\/blogdoeloiltoncajuhy.com.br\/site\/wp-content\/uploads\/2018\/11\/placa-Mercosul.jpeg\"><img data-recalc-dims=\"1\" fetchpriority=\"high\" decoding=\"async\" class=\"aligncenter wp-image-28935\" src=\"https:\/\/i0.wp.com\/blogdoeloiltoncajuhy.com.br\/site\/wp-content\/uploads\/2018\/11\/placa-Mercosul.jpeg?resize=550%2C367\" alt=\"\" width=\"550\" height=\"367\" srcset=\"https:\/\/i0.wp.com\/blogdoeloiltoncajuhy.com.br\/site\/wp-content\/uploads\/2018\/11\/placa-Mercosul.jpeg?w=678&amp;ssl=1 678w, https:\/\/i0.wp.com\/blogdoeloiltoncajuhy.com.br\/site\/wp-content\/uploads\/2018\/11\/placa-Mercosul.jpeg?resize=300%2C200&amp;ssl=1 300w, https:\/\/i0.wp.com\/blogdoeloiltoncajuhy.com.br\/site\/wp-content\/uploads\/2018\/11\/placa-Mercosul.jpeg?resize=250%2C167&amp;ssl=1 250w\" sizes=\"(max-width: 550px) 100vw, 550px\" \/><\/a>A decis\u00e3o do Conselho Nacional de Tr\u00e2nsito (Contran) de revogar a suspens\u00e3o da entrada em vigor da placa veicular padr\u00e3o Mercosul, em dezembro deste ano, por causa de decis\u00e3o judicial que n\u00e3o se sustentou, recebeu o apoio do Departamento Estadual de Tr\u00e2nsito da Bahia (Detran-BA). O \u00f3rg\u00e3o estadual publicou, nesta quarta-feira (31), a portaria 1273, que estabelece mecanismos de controle para a mudan\u00e7a no emplacamento, dentro do prazo estabelecido pelo Contran, para modernizar o registro de ve\u00edculos e evitar fraudes.<\/p>\n<p>\u201c<em>Como a liminar que causava o impedimento caiu, n\u00e3o h\u00e1 motivo para retardar a medida. A placa com inova\u00e7\u00f5es precisa entrar em vigor antes da virada do ano, para iniciarmos uma fase mais segura no controle dos ve\u00edculos. Ap\u00f3s a portaria de hoje, a Bahia est\u00e1 pronta para executar o novo emplacamento<\/em>\u201d, declarou o diretor-geral do Detran-BA, L\u00facio Gomes.<\/p>\n<p>Pela decis\u00e3o do Contran, a partir de 1\u00b0 de dezembro, a placa Mercosul ser\u00e1 obrigat\u00f3ria para ve\u00edculos novos e nos casos de placas atuais danificadas e transfer\u00eancia de propriedade, categoria, munic\u00edpio ou estado. Ela disp\u00f5e de itens de seguran\u00e7a que v\u00e3o permitir a rastreabilidade e coibir a clonagem. As empresas fabricantes e estampadoras dever\u00e3o estar cadastradas no Departamento Nacional de Tr\u00e2nsito (Denatran).<\/p>\n<p><em><strong>*Fonte: Ascom\/Detran-BA<\/strong><\/em><\/p>\n","protected":false},"excerpt":{"rendered":"<p>A decis\u00e3o do Conselho Nacional de Tr\u00e2nsito (Contran) de revogar a suspens\u00e3o da entrada em vigor da placa veicular padr\u00e3o Mercosul, em dezembro deste ano, por causa de decis\u00e3o judicial que n\u00e3o se sustentou, recebeu o apoio do Departamento Estadual de Tr\u00e2nsito da Bahia (Detran-BA). O \u00f3rg\u00e3o estadual publicou, nesta quarta-feira (31), a portaria 1273, [&hellip;]<\/p>\n","protected":false},"author":2,"featured_media":28935,"comment_status":"open","ping_status":"open","sticky":false,"template":"","format":"standard","meta":{"_acf_changed":false,"_monsterinsights_skip_tracking":false,"_monsterinsights_sitenote_active":false,"_monsterinsights_sitenote_note":"","_monsterinsights_sitenote_category":0,"_jetpack_memberships_contains_paid_content":false,"footnotes":"","jetpack_publicize_message":"","jetpack_publicize_feature_enabled":true,"jetpack_social_post_already_shared":true,"jetpack_social_options":{"image_generator_settings":{"template":"highway","default_image_id":0,"font":"","enabled":false},"version":2}},"categories":[5,1],"tags":[],"class_list":["post-28934","post","type-post","status-publish","format-standard","has-post-thumbnail","hentry","category-cotidiano","category-noticias"],"acf":[],"jetpack_publicize_connections":[],"jetpack_featured_media_url":"https:\/\/i0.wp.com\/blogdoeloiltoncajuhy.com.br\/site\/wp-content\/uploads\/2018\/11\/placa-Mercosul.jpeg?fit=678%2C452&ssl=1","jetpack_sharing_enabled":true,"publishpress_future_workflow_manual_trigger":{"enabledWorkflows":[]},"_links":{"self":[{"href":"https:\/\/blogdoeloiltoncajuhy.com.br\/site\/wp-json\/wp\/v2\/posts\/28934","targetHints":{"allow":["GET"]}}],"collection":[{"href":"https:\/\/blogdoeloiltoncajuhy.com.br\/site\/wp-json\/wp\/v2\/posts"}],"about":[{"href":"https:\/\/blogdoeloiltoncajuhy.com.br\/site\/wp-json\/wp\/v2\/types\/post"}],"author":[{"embeddable":true,"href":"https:\/\/blogdoeloiltoncajuhy.com.br\/site\/wp-json\/wp\/v2\/users\/2"}],"replies":[{"embeddable":true,"href":"https:\/\/blogdoeloiltoncajuhy.com.br\/site\/wp-json\/wp\/v2\/comments?post=28934"}],"version-history":[{"count":1,"href":"https:\/\/blogdoeloiltoncajuhy.com.br\/site\/wp-json\/wp\/v2\/posts\/28934\/revisions"}],"predecessor-version":[{"id":28936,"href":"https:\/\/blogdoeloiltoncajuhy.com.br\/site\/wp-json\/wp\/v2\/posts\/28934\/revisions\/28936"}],"wp:featuredmedia":[{"embeddable":true,"href":"https:\/\/blogdoeloiltoncajuhy.com.br\/site\/wp-json\/wp\/v2\/media\/28935"}],"wp:attachment":[{"href":"https:\/\/blogdoeloiltoncajuhy.com.br\/site\/wp-json\/wp\/v2\/media?parent=28934"}],"wp:term":[{"taxonomy":"category","embeddable":true,"href":"https:\/\/blogdoeloiltoncajuhy.com.br\/site\/wp-json\/wp\/v2\/categories?post=28934"},{"taxonomy":"post_tag","embeddable":true,"href":"https:\/\/blogdoeloiltoncajuhy.com.br\/site\/wp-json\/wp\/v2\/tags?post=28934"}],"curies":[{"name":"wp","href":"https:\/\/api.w.org\/{rel}","templated":true}]}}