{"id":28930,"date":"2018-11-02T09:04:35","date_gmt":"2018-11-02T12:04:35","guid":{"rendered":"http:\/\/blogdoeloiltoncajuhy.com.br\/site\/?p=28930"},"modified":"2018-11-02T09:04:35","modified_gmt":"2018-11-02T12:04:35","slug":"pge-lanca-selo-de-combate-ao-racismo-institucional-entre-acoes-do-novembro-negro","status":"publish","type":"post","link":"https:\/\/blogdoeloiltoncajuhy.com.br\/site\/pge-lanca-selo-de-combate-ao-racismo-institucional-entre-acoes-do-novembro-negro\/","title":{"rendered":"PGE lan\u00e7a selo de combate ao racismo institucional entre a\u00e7\u00f5es do Novembro Negro"},"content":{"rendered":"<figure id=\"attachment_28931\" aria-describedby=\"caption-attachment-28931\" style=\"width: 1000px\" class=\"wp-caption aligncenter\"><a href=\"https:\/\/i0.wp.com\/blogdoeloiltoncajuhy.com.br\/site\/wp-content\/uploads\/2018\/11\/pge_selo-combate-racismo_1.jpg\"><img data-recalc-dims=\"1\" fetchpriority=\"high\" decoding=\"async\" class=\"wp-image-28931 size-full\" src=\"https:\/\/i0.wp.com\/blogdoeloiltoncajuhy.com.br\/site\/wp-content\/uploads\/2018\/11\/pge_selo-combate-racismo_1.jpg?resize=800%2C534\" alt=\"\" width=\"800\" height=\"534\" srcset=\"https:\/\/i0.wp.com\/blogdoeloiltoncajuhy.com.br\/site\/wp-content\/uploads\/2018\/11\/pge_selo-combate-racismo_1.jpg?w=1000&amp;ssl=1 1000w, https:\/\/i0.wp.com\/blogdoeloiltoncajuhy.com.br\/site\/wp-content\/uploads\/2018\/11\/pge_selo-combate-racismo_1.jpg?resize=300%2C200&amp;ssl=1 300w, https:\/\/i0.wp.com\/blogdoeloiltoncajuhy.com.br\/site\/wp-content\/uploads\/2018\/11\/pge_selo-combate-racismo_1.jpg?resize=768%2C512&amp;ssl=1 768w, https:\/\/i0.wp.com\/blogdoeloiltoncajuhy.com.br\/site\/wp-content\/uploads\/2018\/11\/pge_selo-combate-racismo_1.jpg?resize=250%2C167&amp;ssl=1 250w\" sizes=\"(max-width: 800px) 100vw, 800px\" \/><\/a><figcaption id=\"caption-attachment-28931\" class=\"wp-caption-text\">Foto: El\u00f3i Corr\u00eaa\/GOVBA<\/figcaption><\/figure>\n<p>A Procuradoria Geral do Estado (PGE) lan\u00e7ou, na manh\u00e3 desta quinta-feira (1\u00ba), na sede do \u00f3rg\u00e3o no Centro Administrativo da Bahia (CAB), o selo de combate ao racismo institucional que acompanhar\u00e1 todos os processos que forem cadastrados no protocolo do \u00f3rg\u00e3o. A a\u00e7\u00e3o faz parte da agenda do <em><strong>Novembro Negro do Governo do Estado<\/strong><\/em>, campanha que contar\u00e1 com uma s\u00e9rie de atividades no per\u00edodo de 1\u00ba a 30 de novembro.<\/p>\n<p>\u201c<em>\u00c9 uma a\u00e7\u00e3o que visa chamar a aten\u00e7\u00e3o para um assunto muito importante entre n\u00f3s. \u00c9 preciso enxergar que existe um problema na nossa sociedade, que muitas vezes \u00e9 camuflado, mas \u00e9 um problema real, que n\u00f3s temos que enfrentar de forma inteligente e propositiva. N\u00e3o adianta discurso e boas palavras se a gente n\u00e3o consegue transformar o Estado tanto internamente, quanto externamente para que a gente consiga fazer pol\u00edticas que tragam igualdade<\/em>\u201d, explicou o procurador geral do estado, Paulo Moreno.<\/p>\n<p>O racismo institucional ocorre quando institui\u00e7\u00f5es e organiza\u00e7\u00f5es n\u00e3o conseguem oferecer um servi\u00e7o profissional adequado \u00e0s pessoas por causa de sua cor, cultura, origem religiosa, racial ou \u00e9tnica. O racismo institucional sempre coloca pessoas de grupos raciais ou \u00e9tnicos discriminados em situa\u00e7\u00e3o de desvantagem no acesso a benef\u00edcios gerados pela a\u00e7\u00e3o de institui\u00e7\u00f5es e organiza\u00e7\u00f5es.<\/p>\n<p>Dentre as atividades programadas para o Novembro Negro da PGE, est\u00e1 um curso sobre racismo institucional, que ser\u00e1 realizado nos dias 7, 14, 21 e 28 de novembro em parceria com a Secretaria da Promo\u00e7\u00e3o da Igualdade Racial (Sepromi). \u201c<em>Ser\u00e1, ao longo do m\u00eas, um conjunto de palestras e de a\u00e7\u00f5es que versam sobre o racismo institucional e tamb\u00e9m o racismo estrutural, e pensa as pol\u00edticas p\u00fablicas para a popula\u00e7\u00e3o negra como forma de promo\u00e7\u00e3o da igualdade racial<\/em>\u201d, afirmou a secret\u00e1ria da Sepromi, F\u00e1bya Reis.<\/p>\n<figure id=\"attachment_28932\" aria-describedby=\"caption-attachment-28932\" style=\"width: 1000px\" class=\"wp-caption aligncenter\"><a href=\"https:\/\/i0.wp.com\/blogdoeloiltoncajuhy.com.br\/site\/wp-content\/uploads\/2018\/11\/pge_selo-combate-racismo_2.jpg\"><img data-recalc-dims=\"1\" decoding=\"async\" class=\"wp-image-28932 size-full\" src=\"https:\/\/i0.wp.com\/blogdoeloiltoncajuhy.com.br\/site\/wp-content\/uploads\/2018\/11\/pge_selo-combate-racismo_2.jpg?resize=800%2C497\" alt=\"\" width=\"800\" height=\"497\" srcset=\"https:\/\/i0.wp.com\/blogdoeloiltoncajuhy.com.br\/site\/wp-content\/uploads\/2018\/11\/pge_selo-combate-racismo_2.jpg?w=1000&amp;ssl=1 1000w, https:\/\/i0.wp.com\/blogdoeloiltoncajuhy.com.br\/site\/wp-content\/uploads\/2018\/11\/pge_selo-combate-racismo_2.jpg?resize=300%2C186&amp;ssl=1 300w, https:\/\/i0.wp.com\/blogdoeloiltoncajuhy.com.br\/site\/wp-content\/uploads\/2018\/11\/pge_selo-combate-racismo_2.jpg?resize=768%2C477&amp;ssl=1 768w, https:\/\/i0.wp.com\/blogdoeloiltoncajuhy.com.br\/site\/wp-content\/uploads\/2018\/11\/pge_selo-combate-racismo_2.jpg?resize=250%2C155&amp;ssl=1 250w\" sizes=\"(max-width: 800px) 100vw, 800px\" \/><\/a><figcaption id=\"caption-attachment-28932\" class=\"wp-caption-text\">Foto: El\u00f3i Corr\u00eaa\/GOVBA<\/figcaption><\/figure>\n<p>O m\u00eas de novembro \u00e9 marcado pela luta em favor da igualdade racial e repara\u00e7\u00e3o dos direitos da popula\u00e7\u00e3o afrodescendente, em fun\u00e7\u00e3o do <em><strong>Dia da Consci\u00eancia Negra<\/strong><\/em>, celebrado em 20 de novembro. A data tamb\u00e9m lembra a morte de Zumbi dos Palmares, l\u00edder do Quilombo dos Palmares, um dos mais importantes s\u00edmbolos de resist\u00eancia \u00e0 escravid\u00e3o dos negros no Brasil.<\/p>\n<p><em><strong>*Rep\u00f3rter: Lina Magali\/Secom-BA<\/strong><\/em><\/p>\n","protected":false},"excerpt":{"rendered":"<p>A Procuradoria Geral do Estado (PGE) lan\u00e7ou, na manh\u00e3 desta quinta-feira (1\u00ba), na sede do \u00f3rg\u00e3o no Centro Administrativo da Bahia (CAB), o selo de combate ao racismo institucional que acompanhar\u00e1 todos os processos que forem cadastrados no protocolo do \u00f3rg\u00e3o. A a\u00e7\u00e3o faz parte da agenda do Novembro Negro do Governo do Estado, campanha [&hellip;]<\/p>\n","protected":false},"author":2,"featured_media":28932,"comment_status":"open","ping_status":"open","sticky":false,"template":"","format":"standard","meta":{"_acf_changed":false,"_monsterinsights_skip_tracking":false,"_monsterinsights_sitenote_active":false,"_monsterinsights_sitenote_note":"","_monsterinsights_sitenote_category":0,"_jetpack_memberships_contains_paid_content":false,"footnotes":"","jetpack_publicize_message":"","jetpack_publicize_feature_enabled":true,"jetpack_social_post_already_shared":true,"jetpack_social_options":{"image_generator_settings":{"template":"highway","default_image_id":0,"font":"","enabled":false},"version":2}},"categories":[1,3],"tags":[],"class_list":["post-28930","post","type-post","status-publish","format-standard","has-post-thumbnail","hentry","category-noticias","category-politica"],"acf":[],"jetpack_publicize_connections":[],"jetpack_featured_media_url":"https:\/\/i0.wp.com\/blogdoeloiltoncajuhy.com.br\/site\/wp-content\/uploads\/2018\/11\/pge_selo-combate-racismo_2.jpg?fit=1000%2C621&ssl=1","jetpack_sharing_enabled":true,"publishpress_future_workflow_manual_trigger":{"enabledWorkflows":[]},"_links":{"self":[{"href":"https:\/\/blogdoeloiltoncajuhy.com.br\/site\/wp-json\/wp\/v2\/posts\/28930","targetHints":{"allow":["GET"]}}],"collection":[{"href":"https:\/\/blogdoeloiltoncajuhy.com.br\/site\/wp-json\/wp\/v2\/posts"}],"about":[{"href":"https:\/\/blogdoeloiltoncajuhy.com.br\/site\/wp-json\/wp\/v2\/types\/post"}],"author":[{"embeddable":true,"href":"https:\/\/blogdoeloiltoncajuhy.com.br\/site\/wp-json\/wp\/v2\/users\/2"}],"replies":[{"embeddable":true,"href":"https:\/\/blogdoeloiltoncajuhy.com.br\/site\/wp-json\/wp\/v2\/comments?post=28930"}],"version-history":[{"count":1,"href":"https:\/\/blogdoeloiltoncajuhy.com.br\/site\/wp-json\/wp\/v2\/posts\/28930\/revisions"}],"predecessor-version":[{"id":28933,"href":"https:\/\/blogdoeloiltoncajuhy.com.br\/site\/wp-json\/wp\/v2\/posts\/28930\/revisions\/28933"}],"wp:featuredmedia":[{"embeddable":true,"href":"https:\/\/blogdoeloiltoncajuhy.com.br\/site\/wp-json\/wp\/v2\/media\/28932"}],"wp:attachment":[{"href":"https:\/\/blogdoeloiltoncajuhy.com.br\/site\/wp-json\/wp\/v2\/media?parent=28930"}],"wp:term":[{"taxonomy":"category","embeddable":true,"href":"https:\/\/blogdoeloiltoncajuhy.com.br\/site\/wp-json\/wp\/v2\/categories?post=28930"},{"taxonomy":"post_tag","embeddable":true,"href":"https:\/\/blogdoeloiltoncajuhy.com.br\/site\/wp-json\/wp\/v2\/tags?post=28930"}],"curies":[{"name":"wp","href":"https:\/\/api.w.org\/{rel}","templated":true}]}}