{"id":28928,"date":"2018-11-02T08:50:25","date_gmt":"2018-11-02T11:50:25","guid":{"rendered":"http:\/\/blogdoeloiltoncajuhy.com.br\/site\/?p=28928"},"modified":"2018-11-02T08:50:25","modified_gmt":"2018-11-02T11:50:25","slug":"bahia-produtiva-investira-r-4-8-milhoes-nos-territorios-sertao-do-sao-francisco-e-piemonte-norte-itapicuru","status":"publish","type":"post","link":"https:\/\/blogdoeloiltoncajuhy.com.br\/site\/bahia-produtiva-investira-r-4-8-milhoes-nos-territorios-sertao-do-sao-francisco-e-piemonte-norte-itapicuru\/","title":{"rendered":"Bahia Produtiva investir\u00e1 R$ 4.8 milh\u00f5es nos territ\u00f3rios Sert\u00e3o do S\u00e3o Francisco e Piemonte Norte Itapicuru"},"content":{"rendered":"<p>O mutir\u00e3o para assinatura dos conv\u00eanios do projeto Bahia Produtiva chegou ao munic\u00edpio de Juazeiro, no norte do estado, nesta quarta-feira (31). A iniciativa, promovida pela Companhia de Desenvolvimento e A\u00e7\u00e3o Regional (CAR), empresa vinculada \u00e0 Secretaria de Desenvolvimento Rural (SDR), tem o objetivo de dar celeridade \u00e0s a\u00e7\u00f5es do projeto.<\/p>\n<p>Foram assinados 22 conv\u00eanios de associa\u00e7\u00f5es e cooperativas dos Territ\u00f3rios Sert\u00e3o do S\u00e3o Francisco e Piemonte Norte Itapicuru, contempladas nos editais de Agroind\u00fastrias, Quilombolas e Alian\u00e7as Produtivas Territoriais, totalizando um investimento de R$4.8 milh\u00f5es.<\/p>\n<p>De acordo com o diretor-presidente da CAR, Wilson Dias, essa grande mobiliza\u00e7\u00e3o \u00e9 para que os empreendimentos possam iniciar o ano de 2019 com os conv\u00eanios em execu\u00e7\u00e3o. &#8220;<em>Estamos fazendo esse mutir\u00e3o por toda a Bahia, pois queremos ver o esse povo melhorar suas rendas o mais breve poss\u00edvel<\/em>&#8220;, afirmou.<\/p>\n<p>Para a presidente da Associa\u00e7\u00e3o dos Moradores e Pequenos Produtores da Comunidade de Gameleira, Silvana Alves, o conv\u00eanio \u00e9 um avan\u00e7o para o grupo, que trabalha h\u00e1 mais de 15 anos na \u00e1rea de beneficiamento de frutas e polpas congeladas. &#8220;<em>O projeto Bahia Produtiva vem dar apoio \u00e0 parte que mais estava deficiente, que \u00e9 o transporte de produtos e a nossa unidade de beneficiamento, feita tamb\u00e9m pela CAR, que ser\u00e1 refor\u00e7ada<\/em>&#8220;, disse.<\/p>\n<p>Lourivaldo dos Santos, do Assentamento Alto Bonito, localizado em Caldeir\u00e3o Grande, comentou que o projeto vai ampliar a casa de farinha do local para gerar empregos e renda, beneficiando 33 fam\u00edlias. &#8220;<em>O Bahia Produtiva \u00e9 vida para a gente<\/em>&#8220;. O mutir\u00e3o j\u00e1 passou pelos munic\u00edpios de Serrinha, Riach\u00e3o do Jacu\u00edpe e Vit\u00f3ria da Conquista.<\/p>\n<p>No evento desta quarta (31), tamb\u00e9m foi assinado um conv\u00eanio entre a CAR e o Cons\u00f3rcio P\u00fablico do Sert\u00e3o do S\u00e3o Francisco para implanta\u00e7\u00e3o do Servi\u00e7o de Inspe\u00e7\u00e3o Municipal (SIM).<\/p>\n<p><em><strong>*Secom-BA<\/strong><\/em><\/p>\n","protected":false},"excerpt":{"rendered":"<p>O mutir\u00e3o para assinatura dos conv\u00eanios do projeto Bahia Produtiva chegou ao munic\u00edpio de Juazeiro, no norte do estado, nesta quarta-feira (31). A iniciativa, promovida pela Companhia de Desenvolvimento e A\u00e7\u00e3o Regional (CAR), empresa vinculada \u00e0 Secretaria de Desenvolvimento Rural (SDR), tem o objetivo de dar celeridade \u00e0s a\u00e7\u00f5es do projeto. Foram assinados 22 conv\u00eanios [&hellip;]<\/p>\n","protected":false},"author":2,"featured_media":0,"comment_status":"open","ping_status":"open","sticky":false,"template":"","format":"standard","meta":{"_acf_changed":false,"_monsterinsights_skip_tracking":false,"_monsterinsights_sitenote_active":false,"_monsterinsights_sitenote_note":"","_monsterinsights_sitenote_category":0,"_jetpack_memberships_contains_paid_content":false,"footnotes":"","jetpack_publicize_message":"","jetpack_publicize_feature_enabled":true,"jetpack_social_post_already_shared":true,"jetpack_social_options":{"image_generator_settings":{"template":"highway","default_image_id":0,"font":"","enabled":false},"version":2}},"categories":[1,3],"tags":[],"class_list":["post-28928","post","type-post","status-publish","format-standard","hentry","category-noticias","category-politica"],"acf":[],"jetpack_publicize_connections":[],"jetpack_featured_media_url":"","jetpack_sharing_enabled":true,"publishpress_future_workflow_manual_trigger":{"enabledWorkflows":[]},"_links":{"self":[{"href":"https:\/\/blogdoeloiltoncajuhy.com.br\/site\/wp-json\/wp\/v2\/posts\/28928","targetHints":{"allow":["GET"]}}],"collection":[{"href":"https:\/\/blogdoeloiltoncajuhy.com.br\/site\/wp-json\/wp\/v2\/posts"}],"about":[{"href":"https:\/\/blogdoeloiltoncajuhy.com.br\/site\/wp-json\/wp\/v2\/types\/post"}],"author":[{"embeddable":true,"href":"https:\/\/blogdoeloiltoncajuhy.com.br\/site\/wp-json\/wp\/v2\/users\/2"}],"replies":[{"embeddable":true,"href":"https:\/\/blogdoeloiltoncajuhy.com.br\/site\/wp-json\/wp\/v2\/comments?post=28928"}],"version-history":[{"count":1,"href":"https:\/\/blogdoeloiltoncajuhy.com.br\/site\/wp-json\/wp\/v2\/posts\/28928\/revisions"}],"predecessor-version":[{"id":28929,"href":"https:\/\/blogdoeloiltoncajuhy.com.br\/site\/wp-json\/wp\/v2\/posts\/28928\/revisions\/28929"}],"wp:attachment":[{"href":"https:\/\/blogdoeloiltoncajuhy.com.br\/site\/wp-json\/wp\/v2\/media?parent=28928"}],"wp:term":[{"taxonomy":"category","embeddable":true,"href":"https:\/\/blogdoeloiltoncajuhy.com.br\/site\/wp-json\/wp\/v2\/categories?post=28928"},{"taxonomy":"post_tag","embeddable":true,"href":"https:\/\/blogdoeloiltoncajuhy.com.br\/site\/wp-json\/wp\/v2\/tags?post=28928"}],"curies":[{"name":"wp","href":"https:\/\/api.w.org\/{rel}","templated":true}]}}