{"id":28926,"date":"2018-11-02T08:35:45","date_gmt":"2018-11-02T11:35:45","guid":{"rendered":"http:\/\/blogdoeloiltoncajuhy.com.br\/site\/?p=28926"},"modified":"2018-11-02T08:35:45","modified_gmt":"2018-11-02T11:35:45","slug":"concurso-da-assembleia-legislativa-da-bahia-e-suspenso-pelo-tj-ba","status":"publish","type":"post","link":"https:\/\/blogdoeloiltoncajuhy.com.br\/site\/concurso-da-assembleia-legislativa-da-bahia-e-suspenso-pelo-tj-ba\/","title":{"rendered":"Concurso da Assembleia Legislativa da Bahia \u00e9 suspenso pelo TJ-BA"},"content":{"rendered":"<p><a href=\"https:\/\/i0.wp.com\/blogdoeloiltoncajuhy.com.br\/site\/wp-content\/uploads\/2018\/08\/alba.jpg\"><img data-recalc-dims=\"1\" fetchpriority=\"high\" decoding=\"async\" class=\"aligncenter size-full wp-image-27452\" src=\"https:\/\/i0.wp.com\/blogdoeloiltoncajuhy.com.br\/site\/wp-content\/uploads\/2018\/08\/alba.jpg?resize=560%2C360\" alt=\"\" width=\"560\" height=\"360\" srcset=\"https:\/\/i0.wp.com\/blogdoeloiltoncajuhy.com.br\/site\/wp-content\/uploads\/2018\/08\/alba.jpg?w=560&amp;ssl=1 560w, https:\/\/i0.wp.com\/blogdoeloiltoncajuhy.com.br\/site\/wp-content\/uploads\/2018\/08\/alba.jpg?resize=300%2C193&amp;ssl=1 300w, https:\/\/i0.wp.com\/blogdoeloiltoncajuhy.com.br\/site\/wp-content\/uploads\/2018\/08\/alba.jpg?resize=250%2C161&amp;ssl=1 250w\" sizes=\"(max-width: 560px) 100vw, 560px\" \/><\/a>O concurso da Assembleia Legislativa da Bahia (Alba), que teve as inscri\u00e7\u00f5es abertas no dia 29 de outubro, foi suspenso pelo Tribunal de Justi\u00e7a do Estado da Bahia (TJ-BA) nesta quinta-feira, 1\u00ba. A medida foi dada pela desembargadora Silvia Zarif.<\/p>\n<p>Segundo informa\u00e7\u00f5es da TJ-BA, o efetivo suspensivo determinou o bloqueio de R$ 10 milh\u00f5es nas contas da Alba at\u00e9 que o \u00f3rg\u00e3o apresente as informa\u00e7\u00f5es solicitadas pela Justi\u00e7a. Caso o descumprimento continue, ser\u00e3o bloqueados os mesmos valores a casa 15 dias, a partir da data de intima\u00e7\u00e3o.<\/p>\n<p>O motivo da senten\u00e7a foi dado porque os aprovados no concurso p\u00fablico em substitui\u00e7\u00e3o aos cargos tempor\u00e1rios no Regime Especial de Direito Administrativo (REDA) n\u00e3o foram chamados. Desta forma, novos tempor\u00e1rios n\u00e3o podem ser contratados pela Alba at\u00e9 que os classificados anteriormente sejam convocados.<\/p>\n<p>A assembleia necessita comprovar a inexist\u00eancia de contratados tempor\u00e1rios de pessoal, ou em regime de urg\u00eancia, para que a situa\u00e7\u00e3o seja regularizada. Em documento, o TJ-BA sinaliza que a validade do concurso anterior foi vencida no dia 3 de julho deste ano, sem possibilidade de renova\u00e7\u00e3o.<\/p>\n<p>O requerimento solicita que a Alba tamb\u00e9m apresente a lista dos aprovados contratados temporariamente ou sob reg\u00eancia do Reda, e que sejam reservadas as vagas aos agravantes. Segundo o documento, a Alba alegou ilegitimidade recursal dos agravantes.<\/p>\n<p>&#8220;<em>Determino, ainda, com base no meu poder geral de cautela, a suspens\u00e3o do Edital do concurso n\u00ba 01\/2018, at\u00e9 ulterior delibera\u00e7\u00e3o<\/em>&#8220;, determina a desembargadora Silvia Zarif.<\/p>\n<p><em><strong>*A Tarde<\/strong><\/em><\/p>\n","protected":false},"excerpt":{"rendered":"<p>O concurso da Assembleia Legislativa da Bahia (Alba), que teve as inscri\u00e7\u00f5es abertas no dia 29 de outubro, foi suspenso pelo Tribunal de Justi\u00e7a do Estado da Bahia (TJ-BA) nesta quinta-feira, 1\u00ba. A medida foi dada pela desembargadora Silvia Zarif. Segundo informa\u00e7\u00f5es da TJ-BA, o efetivo suspensivo determinou o bloqueio de R$ 10 milh\u00f5es nas [&hellip;]<\/p>\n","protected":false},"author":2,"featured_media":0,"comment_status":"open","ping_status":"open","sticky":false,"template":"","format":"standard","meta":{"_acf_changed":false,"_monsterinsights_skip_tracking":false,"_monsterinsights_sitenote_active":false,"_monsterinsights_sitenote_note":"","_monsterinsights_sitenote_category":0,"_jetpack_memberships_contains_paid_content":false,"footnotes":"","jetpack_publicize_message":"","jetpack_publicize_feature_enabled":true,"jetpack_social_post_already_shared":true,"jetpack_social_options":{"image_generator_settings":{"template":"highway","default_image_id":0,"font":"","enabled":false},"version":2}},"categories":[1,3],"tags":[],"class_list":["post-28926","post","type-post","status-publish","format-standard","hentry","category-noticias","category-politica"],"acf":[],"jetpack_publicize_connections":[],"jetpack_featured_media_url":"","jetpack_sharing_enabled":true,"publishpress_future_workflow_manual_trigger":{"enabledWorkflows":[]},"_links":{"self":[{"href":"https:\/\/blogdoeloiltoncajuhy.com.br\/site\/wp-json\/wp\/v2\/posts\/28926","targetHints":{"allow":["GET"]}}],"collection":[{"href":"https:\/\/blogdoeloiltoncajuhy.com.br\/site\/wp-json\/wp\/v2\/posts"}],"about":[{"href":"https:\/\/blogdoeloiltoncajuhy.com.br\/site\/wp-json\/wp\/v2\/types\/post"}],"author":[{"embeddable":true,"href":"https:\/\/blogdoeloiltoncajuhy.com.br\/site\/wp-json\/wp\/v2\/users\/2"}],"replies":[{"embeddable":true,"href":"https:\/\/blogdoeloiltoncajuhy.com.br\/site\/wp-json\/wp\/v2\/comments?post=28926"}],"version-history":[{"count":1,"href":"https:\/\/blogdoeloiltoncajuhy.com.br\/site\/wp-json\/wp\/v2\/posts\/28926\/revisions"}],"predecessor-version":[{"id":28927,"href":"https:\/\/blogdoeloiltoncajuhy.com.br\/site\/wp-json\/wp\/v2\/posts\/28926\/revisions\/28927"}],"wp:attachment":[{"href":"https:\/\/blogdoeloiltoncajuhy.com.br\/site\/wp-json\/wp\/v2\/media?parent=28926"}],"wp:term":[{"taxonomy":"category","embeddable":true,"href":"https:\/\/blogdoeloiltoncajuhy.com.br\/site\/wp-json\/wp\/v2\/categories?post=28926"},{"taxonomy":"post_tag","embeddable":true,"href":"https:\/\/blogdoeloiltoncajuhy.com.br\/site\/wp-json\/wp\/v2\/tags?post=28926"}],"curies":[{"name":"wp","href":"https:\/\/api.w.org\/{rel}","templated":true}]}}