{"id":28921,"date":"2018-11-01T20:43:18","date_gmt":"2018-11-01T23:43:18","guid":{"rendered":"http:\/\/blogdoeloiltoncajuhy.com.br\/site\/?p=28921"},"modified":"2018-11-01T20:43:18","modified_gmt":"2018-11-01T23:43:18","slug":"confira-a-programacao-desta-sexta-feira-02-da-festa-da-padroeira-do-bairro-da-pera","status":"publish","type":"post","link":"https:\/\/blogdoeloiltoncajuhy.com.br\/site\/confira-a-programacao-desta-sexta-feira-02-da-festa-da-padroeira-do-bairro-da-pera\/","title":{"rendered":"Confira a programa\u00e7\u00e3o desta sexta-feira (02) da festa da padroeira do Bairro da Pera"},"content":{"rendered":"<p><a href=\"https:\/\/i0.wp.com\/blogdoeloiltoncajuhy.com.br\/site\/wp-content\/uploads\/2018\/11\/FestaNossaSenhoraGra%C3%A7as-2018_capa.jpg\"><img data-recalc-dims=\"1\" fetchpriority=\"high\" decoding=\"async\" class=\"aligncenter wp-image-28898\" src=\"https:\/\/i0.wp.com\/blogdoeloiltoncajuhy.com.br\/site\/wp-content\/uploads\/2018\/11\/FestaNossaSenhoraGra%C3%A7as-2018_capa.jpg?resize=323%2C460\" alt=\"\" width=\"323\" height=\"460\" srcset=\"https:\/\/i0.wp.com\/blogdoeloiltoncajuhy.com.br\/site\/wp-content\/uploads\/2018\/11\/FestaNossaSenhoraGra%C3%A7as-2018_capa.jpg?w=562&amp;ssl=1 562w, https:\/\/i0.wp.com\/blogdoeloiltoncajuhy.com.br\/site\/wp-content\/uploads\/2018\/11\/FestaNossaSenhoraGra%C3%A7as-2018_capa.jpg?resize=211%2C300&amp;ssl=1 211w, https:\/\/i0.wp.com\/blogdoeloiltoncajuhy.com.br\/site\/wp-content\/uploads\/2018\/11\/FestaNossaSenhoraGra%C3%A7as-2018_capa.jpg?resize=176%2C250&amp;ssl=1 176w\" sizes=\"(max-width: 323px) 100vw, 323px\" \/><\/a>A comunidade cat\u00f3lica da Pera est\u00e1 celebrando a festa de sua padroeira Nossa Senhora das Gra\u00e7as. As atividades seguem at\u00e9 domingo (04), data m\u00e1xima da celebra\u00e7\u00e3o.<\/p>\n<p><strong>Confira a programa\u00e7\u00e3o desta sexta-feira, dia 02 de novembro:<\/strong><\/p>\n<p><a href=\"https:\/\/i0.wp.com\/blogdoeloiltoncajuhy.com.br\/site\/wp-content\/uploads\/2018\/11\/FestaNossaSenhoraGra%C3%A7as-2018_2.jpg\"><img data-recalc-dims=\"1\" decoding=\"async\" class=\"aligncenter size-full wp-image-28922\" src=\"https:\/\/i0.wp.com\/blogdoeloiltoncajuhy.com.br\/site\/wp-content\/uploads\/2018\/11\/FestaNossaSenhoraGra%C3%A7as-2018_2.jpg?resize=800%2C520\" alt=\"\" width=\"800\" height=\"520\" srcset=\"https:\/\/i0.wp.com\/blogdoeloiltoncajuhy.com.br\/site\/wp-content\/uploads\/2018\/11\/FestaNossaSenhoraGra%C3%A7as-2018_2.jpg?w=800&amp;ssl=1 800w, https:\/\/i0.wp.com\/blogdoeloiltoncajuhy.com.br\/site\/wp-content\/uploads\/2018\/11\/FestaNossaSenhoraGra%C3%A7as-2018_2.jpg?resize=300%2C195&amp;ssl=1 300w, https:\/\/i0.wp.com\/blogdoeloiltoncajuhy.com.br\/site\/wp-content\/uploads\/2018\/11\/FestaNossaSenhoraGra%C3%A7as-2018_2.jpg?resize=768%2C499&amp;ssl=1 768w, https:\/\/i0.wp.com\/blogdoeloiltoncajuhy.com.br\/site\/wp-content\/uploads\/2018\/11\/FestaNossaSenhoraGra%C3%A7as-2018_2.jpg?resize=250%2C163&amp;ssl=1 250w\" sizes=\"(max-width: 800px) 100vw, 800px\" \/><\/a><\/p>\n<p><em><strong>*BLOG DO ELOILTON CAJUHY<\/strong><\/em><\/p>\n","protected":false},"excerpt":{"rendered":"<p>A comunidade cat\u00f3lica da Pera est\u00e1 celebrando a festa de sua padroeira Nossa Senhora das Gra\u00e7as. As atividades seguem at\u00e9 domingo (04), data m\u00e1xima da celebra\u00e7\u00e3o. Confira a programa\u00e7\u00e3o desta sexta-feira, dia 02 de novembro: *BLOG DO ELOILTON CAJUHY<\/p>\n","protected":false},"author":2,"featured_media":28922,"comment_status":"open","ping_status":"open","sticky":false,"template":"","format":"standard","meta":{"_acf_changed":false,"_monsterinsights_skip_tracking":false,"_monsterinsights_sitenote_active":false,"_monsterinsights_sitenote_note":"","_monsterinsights_sitenote_category":0,"_jetpack_memberships_contains_paid_content":false,"footnotes":"","jetpack_publicize_message":"","jetpack_publicize_feature_enabled":true,"jetpack_social_post_already_shared":true,"jetpack_social_options":{"image_generator_settings":{"template":"highway","default_image_id":0,"font":"","enabled":false},"version":2}},"categories":[1,4],"tags":[],"class_list":["post-28921","post","type-post","status-publish","format-standard","has-post-thumbnail","hentry","category-noticias","category-local"],"acf":[],"jetpack_publicize_connections":[],"jetpack_featured_media_url":"https:\/\/i0.wp.com\/blogdoeloiltoncajuhy.com.br\/site\/wp-content\/uploads\/2018\/11\/FestaNossaSenhoraGra%C3%A7as-2018_2.jpg?fit=800%2C520&ssl=1","jetpack_sharing_enabled":true,"publishpress_future_workflow_manual_trigger":{"enabledWorkflows":[]},"_links":{"self":[{"href":"https:\/\/blogdoeloiltoncajuhy.com.br\/site\/wp-json\/wp\/v2\/posts\/28921","targetHints":{"allow":["GET"]}}],"collection":[{"href":"https:\/\/blogdoeloiltoncajuhy.com.br\/site\/wp-json\/wp\/v2\/posts"}],"about":[{"href":"https:\/\/blogdoeloiltoncajuhy.com.br\/site\/wp-json\/wp\/v2\/types\/post"}],"author":[{"embeddable":true,"href":"https:\/\/blogdoeloiltoncajuhy.com.br\/site\/wp-json\/wp\/v2\/users\/2"}],"replies":[{"embeddable":true,"href":"https:\/\/blogdoeloiltoncajuhy.com.br\/site\/wp-json\/wp\/v2\/comments?post=28921"}],"version-history":[{"count":1,"href":"https:\/\/blogdoeloiltoncajuhy.com.br\/site\/wp-json\/wp\/v2\/posts\/28921\/revisions"}],"predecessor-version":[{"id":28923,"href":"https:\/\/blogdoeloiltoncajuhy.com.br\/site\/wp-json\/wp\/v2\/posts\/28921\/revisions\/28923"}],"wp:featuredmedia":[{"embeddable":true,"href":"https:\/\/blogdoeloiltoncajuhy.com.br\/site\/wp-json\/wp\/v2\/media\/28922"}],"wp:attachment":[{"href":"https:\/\/blogdoeloiltoncajuhy.com.br\/site\/wp-json\/wp\/v2\/media?parent=28921"}],"wp:term":[{"taxonomy":"category","embeddable":true,"href":"https:\/\/blogdoeloiltoncajuhy.com.br\/site\/wp-json\/wp\/v2\/categories?post=28921"},{"taxonomy":"post_tag","embeddable":true,"href":"https:\/\/blogdoeloiltoncajuhy.com.br\/site\/wp-json\/wp\/v2\/tags?post=28921"}],"curies":[{"name":"wp","href":"https:\/\/api.w.org\/{rel}","templated":true}]}}