{"id":28915,"date":"2018-11-01T20:00:33","date_gmt":"2018-11-01T23:00:33","guid":{"rendered":"http:\/\/blogdoeloiltoncajuhy.com.br\/site\/?p=28915"},"modified":"2018-11-01T20:00:33","modified_gmt":"2018-11-01T23:00:33","slug":"igreja-catolica-de-bonfim-divulga-locais-e-horarios-de-missas-em-homenagem-aos-mortos","status":"publish","type":"post","link":"https:\/\/blogdoeloiltoncajuhy.com.br\/site\/igreja-catolica-de-bonfim-divulga-locais-e-horarios-de-missas-em-homenagem-aos-mortos\/","title":{"rendered":"Igreja Cat\u00f3lica de Bonfim divulga locais e hor\u00e1rios de missas em homenagem aos mortos"},"content":{"rendered":"<p><a href=\"https:\/\/i0.wp.com\/blogdoeloiltoncajuhy.com.br\/site\/wp-content\/uploads\/2018\/11\/missa-finados.png\"><img data-recalc-dims=\"1\" fetchpriority=\"high\" decoding=\"async\" class=\"aligncenter wp-image-28916\" src=\"https:\/\/i0.wp.com\/blogdoeloiltoncajuhy.com.br\/site\/wp-content\/uploads\/2018\/11\/missa-finados.png?resize=450%2C301\" alt=\"\" width=\"450\" height=\"301\" srcset=\"https:\/\/i0.wp.com\/blogdoeloiltoncajuhy.com.br\/site\/wp-content\/uploads\/2018\/11\/missa-finados.png?w=300&amp;ssl=1 300w, https:\/\/i0.wp.com\/blogdoeloiltoncajuhy.com.br\/site\/wp-content\/uploads\/2018\/11\/missa-finados.png?resize=250%2C168&amp;ssl=1 250w\" sizes=\"(max-width: 450px) 100vw, 450px\" \/><\/a>A Igreja Cat\u00f3lica de Senhor do Bonfim divulgou nesta quinta-feira (1\u00ba), os locais e hor\u00e1rios das celebra\u00e7\u00f5es de missas em homenagem ao Dia de Finados, comemorado nesta sexta-feira.<\/p>\n<p><strong>Confira:<\/strong><\/p>\n<ul>\n<li>\n<h5>9h &#8211; Cemit\u00e9rio S\u00e3o Marcos \/ Alto da Maravilha;<\/h5>\n<\/li>\n<li>\n<h5>10h &#8211; Cemit\u00e9rio Jardim da Saudade \/ Alto do Cigano;<\/h5>\n<\/li>\n<li>\n<h5>17h &#8211; Cemit\u00e9rio S\u00e3o L\u00e1zaro \/ Alto da Maravilha;<\/h5>\n<\/li>\n<li>\n<h5>19h30 &#8211;\u00a0Catedral Diocesana.<\/h5>\n<\/li>\n<\/ul>\n<h5><strong>*BLOG DO ELOILTON CAJUHY<\/strong><\/h5>\n","protected":false},"excerpt":{"rendered":"<p>A Igreja Cat\u00f3lica de Senhor do Bonfim divulgou nesta quinta-feira (1\u00ba), os locais e hor\u00e1rios das celebra\u00e7\u00f5es de missas em homenagem ao Dia de Finados, comemorado nesta sexta-feira. Confira: 9h &#8211; Cemit\u00e9rio S\u00e3o Marcos \/ Alto da Maravilha; 10h &#8211; Cemit\u00e9rio Jardim da Saudade \/ Alto do Cigano; 17h &#8211; Cemit\u00e9rio S\u00e3o L\u00e1zaro \/ Alto [&hellip;]<\/p>\n","protected":false},"author":2,"featured_media":28916,"comment_status":"open","ping_status":"open","sticky":false,"template":"","format":"standard","meta":{"_acf_changed":false,"_monsterinsights_skip_tracking":false,"_monsterinsights_sitenote_active":false,"_monsterinsights_sitenote_note":"","_monsterinsights_sitenote_category":0,"_jetpack_memberships_contains_paid_content":false,"footnotes":"","jetpack_publicize_message":"","jetpack_publicize_feature_enabled":true,"jetpack_social_post_already_shared":true,"jetpack_social_options":{"image_generator_settings":{"template":"highway","default_image_id":0,"font":"","enabled":false},"version":2}},"categories":[1,4],"tags":[],"class_list":["post-28915","post","type-post","status-publish","format-standard","has-post-thumbnail","hentry","category-noticias","category-local"],"acf":[],"jetpack_publicize_connections":[],"jetpack_featured_media_url":"https:\/\/i0.wp.com\/blogdoeloiltoncajuhy.com.br\/site\/wp-content\/uploads\/2018\/11\/missa-finados.png?fit=300%2C201&ssl=1","jetpack_sharing_enabled":true,"publishpress_future_workflow_manual_trigger":{"enabledWorkflows":[]},"_links":{"self":[{"href":"https:\/\/blogdoeloiltoncajuhy.com.br\/site\/wp-json\/wp\/v2\/posts\/28915","targetHints":{"allow":["GET"]}}],"collection":[{"href":"https:\/\/blogdoeloiltoncajuhy.com.br\/site\/wp-json\/wp\/v2\/posts"}],"about":[{"href":"https:\/\/blogdoeloiltoncajuhy.com.br\/site\/wp-json\/wp\/v2\/types\/post"}],"author":[{"embeddable":true,"href":"https:\/\/blogdoeloiltoncajuhy.com.br\/site\/wp-json\/wp\/v2\/users\/2"}],"replies":[{"embeddable":true,"href":"https:\/\/blogdoeloiltoncajuhy.com.br\/site\/wp-json\/wp\/v2\/comments?post=28915"}],"version-history":[{"count":1,"href":"https:\/\/blogdoeloiltoncajuhy.com.br\/site\/wp-json\/wp\/v2\/posts\/28915\/revisions"}],"predecessor-version":[{"id":28917,"href":"https:\/\/blogdoeloiltoncajuhy.com.br\/site\/wp-json\/wp\/v2\/posts\/28915\/revisions\/28917"}],"wp:featuredmedia":[{"embeddable":true,"href":"https:\/\/blogdoeloiltoncajuhy.com.br\/site\/wp-json\/wp\/v2\/media\/28916"}],"wp:attachment":[{"href":"https:\/\/blogdoeloiltoncajuhy.com.br\/site\/wp-json\/wp\/v2\/media?parent=28915"}],"wp:term":[{"taxonomy":"category","embeddable":true,"href":"https:\/\/blogdoeloiltoncajuhy.com.br\/site\/wp-json\/wp\/v2\/categories?post=28915"},{"taxonomy":"post_tag","embeddable":true,"href":"https:\/\/blogdoeloiltoncajuhy.com.br\/site\/wp-json\/wp\/v2\/tags?post=28915"}],"curies":[{"name":"wp","href":"https:\/\/api.w.org\/{rel}","templated":true}]}}