{"id":28910,"date":"2018-11-01T16:10:09","date_gmt":"2018-11-01T19:10:09","guid":{"rendered":"http:\/\/blogdoeloiltoncajuhy.com.br\/site\/?p=28910"},"modified":"2018-11-01T16:10:09","modified_gmt":"2018-11-01T19:10:09","slug":"prf-inicia-operacao-finados-2018-nas-rodovias-federais-da-bahia","status":"publish","type":"post","link":"https:\/\/blogdoeloiltoncajuhy.com.br\/site\/prf-inicia-operacao-finados-2018-nas-rodovias-federais-da-bahia\/","title":{"rendered":"PRF inicia Opera\u00e7\u00e3o Finados 2018 nas rodovias federais da Bahia"},"content":{"rendered":"<h5 style=\"text-align: center;\"><em>Com refor\u00e7o no policiamento ostensivo e preventivo, ser\u00e1 priorizada a fiscaliza\u00e7\u00e3o de condutas de risco como ultrapassagens proibidas, alcoolemia ao dirigir, excesso de velocidade, dentre outras, com foco na redu\u00e7\u00e3o de acidentes<\/em><\/h5>\n<p><a href=\"https:\/\/i0.wp.com\/blogdoeloiltoncajuhy.com.br\/site\/wp-content\/uploads\/2018\/11\/PRF_operacao-finados_2018.jpg\"><img data-recalc-dims=\"1\" fetchpriority=\"high\" decoding=\"async\" class=\"aligncenter size-full wp-image-28911\" src=\"https:\/\/i0.wp.com\/blogdoeloiltoncajuhy.com.br\/site\/wp-content\/uploads\/2018\/11\/PRF_operacao-finados_2018.jpg?resize=800%2C445\" alt=\"\" width=\"800\" height=\"445\" srcset=\"https:\/\/i0.wp.com\/blogdoeloiltoncajuhy.com.br\/site\/wp-content\/uploads\/2018\/11\/PRF_operacao-finados_2018.jpg?w=800&amp;ssl=1 800w, https:\/\/i0.wp.com\/blogdoeloiltoncajuhy.com.br\/site\/wp-content\/uploads\/2018\/11\/PRF_operacao-finados_2018.jpg?resize=300%2C167&amp;ssl=1 300w, https:\/\/i0.wp.com\/blogdoeloiltoncajuhy.com.br\/site\/wp-content\/uploads\/2018\/11\/PRF_operacao-finados_2018.jpg?resize=768%2C427&amp;ssl=1 768w, https:\/\/i0.wp.com\/blogdoeloiltoncajuhy.com.br\/site\/wp-content\/uploads\/2018\/11\/PRF_operacao-finados_2018.jpg?resize=250%2C139&amp;ssl=1 250w\" sizes=\"(max-width: 800px) 100vw, 800px\" \/><\/a>A Pol\u00edcia Rodovi\u00e1ria Federal (PRF) iniciou nesta quinta-feira, 1\u00ba de novembro, a Opera\u00e7\u00e3o Finados 2018. At\u00e9 \u00e0s 23h59 do pr\u00f3ximo domingo (4), o \u00f3rg\u00e3o refor\u00e7ar\u00e1 o policiamento nas rodovias federais de todo o Brasil. Na Bahia, haver\u00e1 a concentra\u00e7\u00e3o da fiscaliza\u00e7\u00e3o em locais e hor\u00e1rios de maior incid\u00eancia de acidentes e crimes de acordo com levantamentos da PRF.<\/p>\n<p>No dia 02 de novembro \u00e9 celebrado o Dia de Finados, reservado para homenagem aos mortos. Ritual de algumas religi\u00f5es no Brasil, entre elas a Cat\u00f3lica, os fi\u00e9is se deslocam aos cemit\u00e9rios e igrejas, em todo o Brasil, para memorar os falecidos. A data faz parte do calend\u00e1rio de feriados em nosso pa\u00eds e, por estar pr\u00f3xima ao final de semana, promove um feriado prolongado e, consequentemente, aumento do fluxo nas rodovias em todo Brasil.<\/p>\n<p>A PRF realizar\u00e1 a\u00e7\u00f5es preventivas para redu\u00e7\u00e3o da viol\u00eancia do tr\u00e2nsito e de acidentes relacionados ao excesso de velocidade, \u00e0 alcoolemia ao volante, \u00e0s ultrapassagens proibidas e envolvendo motocicletas ou ciclomotores. O planejamento da Pol\u00edcia Rodovi\u00e1ria Federal faz parte de esfor\u00e7os de v\u00e1rios organismos nacionais e internacionais para a redu\u00e7\u00e3o da viol\u00eancia no tr\u00e2nsito.<\/p>\n<p>Educa\u00e7\u00e3o para o tr\u00e2nsito \u2013 Como nas \u00faltimas opera\u00e7\u00f5es, a PRF promover\u00e1 a\u00e7\u00f5es educativas que buscam sensibilizar motoristas e passageiros de seus pap\u00e9is na constru\u00e7\u00e3o de um tr\u00e2nsito mais seguro. Em alguns postos, condutores ser\u00e3o convidados a assistir a v\u00eddeos que mostram comportamentos inadequados no tr\u00e2nsito e as consequ\u00eancias dessas condutas. Os motoristas t\u00eam a oportunidade de fazer uma reflex\u00e3o sobre suas atitudes e assimilar novos h\u00e1bitos.<\/p>\n<p><strong>Dicas para uma viagem segura<\/strong><\/p>\n<p><em>Planejamento da viagem \u2013<\/em> O motorista deve se informar sobre as dist\u00e2ncias que vai percorrer, condi\u00e7\u00f5es do tempo, pontos de parada, exist\u00eancia de postos de combust\u00edveis e de restaurantes \u00e0 beira da estrada. N\u00e3o esquecer documenta\u00e7\u00e3o pessoal e do ve\u00edculo.<\/p>\n<p><em>Revis\u00e3o preventiva \u2013<\/em> Providenciar a checagem do autom\u00f3vel mesmo para pequenas viagens. Far\u00f3is acesos para ver e ser visto; pneus calibrados e em bom estado; motor revisado, com \u00f3leo e n\u00edvel da \u00e1gua do radiador em dia. N\u00e3o esquecer de verificar a presen\u00e7a e estado dos equipamentos de porte obrigat\u00f3rio, principalmente pneu estepe, macaco, tri\u00e2ngulo e chave de roda, al\u00e9m dos limpadores de para-brisa e luzes do ve\u00edculo;<\/p>\n<p><em>Pausas para descanso \u2013<\/em> O condutor deve programar paradas a cada 3 horas. Quem se exp\u00f5e a muitas horas dirigindo fica sujeito ao fen\u00f4meno da \u201chipnose rodovi\u00e1ria\u201d, na qual se mant\u00e9m de olhos abertos, mas sem percep\u00e7\u00e3o da realidade \u00e0 sua volta. Ela vem acompanhada de sonol\u00eancia, perda de reflexos e de for\u00e7a motora;<\/p>\n<p><em>Previs\u00e3o do tempo \u2013<\/em> Procurar se informar sobre as condi\u00e7\u00f5es do tempo nos lugares por onde vai passar. O Instituto Nacional de Meteorologia (Inmet) disponibiliza gratuitamente informa\u00e7\u00f5es sobre o clima no endere\u00e7o www.inmet.gov.br;<\/p>\n<p><em>Aten\u00e7\u00e3o redobrada \u2013<\/em> Observar as placas que indicam os limites de velocidade e as condi\u00e7\u00f5es de ultrapassagem. Elas n\u00e3o foram colocadas naquele ponto da estrada sem motivo. Nos trechos em obras, o motorista deve reduzir a velocidade e obedecer a sinaliza\u00e7\u00e3o local.<\/p>\n<p><em>Descanso \u2013<\/em> Durma bem antes de qualquer viagem de autom\u00f3vel. O sono e o cansa\u00e7o s\u00e3o grandes inimigos de uma viagem segura.<\/p>\n<p><em>Cinto de seguran\u00e7a \u2013<\/em> Use sempre o cinto de seguran\u00e7a, este equipamento \u00e9 obrigat\u00f3rio para todos os ocupantes do ve\u00edculo.<\/p>\n<p>Em caso de emerg\u00eancia, ligue 191.<\/p>\n<p><strong>Viagem com crian\u00e7as<\/strong><\/p>\n<p>O art. 83 do Estatuto da Crian\u00e7a e do Adolescente disp\u00f5e que: nenhuma crian\u00e7a (pessoa at\u00e9 12 anos incompletos) poder\u00e1 viajar para fora da Comarca onde reside, desacompanhada dos pais ou respons\u00e1vel (tutor ou guardi\u00e3o), sem expressa autoriza\u00e7\u00e3o judicial.<\/p>\n<p>Essa autoriza\u00e7\u00e3o n\u00e3o \u00e9 exigida quando a crian\u00e7a estiver acompanhada de ascendente (av\u00f4 ou bisav\u00f4) ou colateral (irm\u00e3o ou tio), maior de dezoito anos. O parentesco deve ser comprovado por documentos do parente e da crian\u00e7a.<\/p>\n<p>Tampouco \u00e9 necess\u00e1ria a autoriza\u00e7\u00e3o judicial quando a crian\u00e7a viajar acompanhada de pessoa maior, expressamente autorizada pelo pai, m\u00e3e ou respons\u00e1vel.<\/p>\n<p><strong>Restri\u00e7\u00e3o de tr\u00e1fego<\/strong><\/p>\n<p>A fim de promover a fluidez do tr\u00e2nsito em grandes feriados, quando h\u00e1 maior movimenta\u00e7\u00e3o nas estradas, a Pol\u00edcia Rodovi\u00e1ria Federal editou a Portaria n\u00ba 117 de 26 de dezembro de 2017 restringindo em determinados dias e hor\u00e1rios o tr\u00e2nsito de Combina\u00e7\u00f5es de Ve\u00edculos de Cargas (CVC), portando Autoriza\u00e7\u00e3o Especial de Tr\u00e2nsito (AET), de Combina\u00e7\u00f5es de Transporte de Ve\u00edculos (CTV) e Combina\u00e7\u00f5es de Transporte de Ve\u00edculos e Cargas Paletizadas (CTVP), portando ou n\u00e3o a AET, bem como o tr\u00e2nsito dos demais ve\u00edculos portadores de AET.<\/p>\n<p><em><strong>Quinta-feira 01\/11\/2018 das 16:00 \u00e0s 22:00 horas<\/strong><\/em><\/p>\n<p><em><strong>Sexta-feira 02\/11\/2018 das 06:00 \u00e0s 12:00 horas<\/strong><\/em><\/p>\n<p><em><strong>Domingo 04\/11\/2018 16:00 \u00e0s 22:00 horas<\/strong><\/em><\/p>\n<p><strong>*Ag\u00eancia \/ PRF<\/strong><\/p>\n","protected":false},"excerpt":{"rendered":"<p>Com refor\u00e7o no policiamento ostensivo e preventivo, ser\u00e1 priorizada a fiscaliza\u00e7\u00e3o de condutas de risco como ultrapassagens proibidas, alcoolemia ao dirigir, excesso de velocidade, dentre outras, com foco na redu\u00e7\u00e3o de acidentes A Pol\u00edcia Rodovi\u00e1ria Federal (PRF) iniciou nesta quinta-feira, 1\u00ba de novembro, a Opera\u00e7\u00e3o Finados 2018. At\u00e9 \u00e0s 23h59 do pr\u00f3ximo domingo (4), o [&hellip;]<\/p>\n","protected":false},"author":2,"featured_media":28911,"comment_status":"open","ping_status":"open","sticky":false,"template":"","format":"standard","meta":{"_acf_changed":false,"_monsterinsights_skip_tracking":false,"_monsterinsights_sitenote_active":false,"_monsterinsights_sitenote_note":"","_monsterinsights_sitenote_category":0,"_jetpack_memberships_contains_paid_content":false,"footnotes":"","jetpack_publicize_message":"","jetpack_publicize_feature_enabled":true,"jetpack_social_post_already_shared":true,"jetpack_social_options":{"image_generator_settings":{"template":"highway","default_image_id":0,"font":"","enabled":false},"version":2}},"categories":[5,1],"tags":[],"class_list":["post-28910","post","type-post","status-publish","format-standard","has-post-thumbnail","hentry","category-cotidiano","category-noticias"],"acf":[],"jetpack_publicize_connections":[],"jetpack_featured_media_url":"https:\/\/i0.wp.com\/blogdoeloiltoncajuhy.com.br\/site\/wp-content\/uploads\/2018\/11\/PRF_operacao-finados_2018.jpg?fit=800%2C445&ssl=1","jetpack_sharing_enabled":true,"publishpress_future_workflow_manual_trigger":{"enabledWorkflows":[]},"_links":{"self":[{"href":"https:\/\/blogdoeloiltoncajuhy.com.br\/site\/wp-json\/wp\/v2\/posts\/28910","targetHints":{"allow":["GET"]}}],"collection":[{"href":"https:\/\/blogdoeloiltoncajuhy.com.br\/site\/wp-json\/wp\/v2\/posts"}],"about":[{"href":"https:\/\/blogdoeloiltoncajuhy.com.br\/site\/wp-json\/wp\/v2\/types\/post"}],"author":[{"embeddable":true,"href":"https:\/\/blogdoeloiltoncajuhy.com.br\/site\/wp-json\/wp\/v2\/users\/2"}],"replies":[{"embeddable":true,"href":"https:\/\/blogdoeloiltoncajuhy.com.br\/site\/wp-json\/wp\/v2\/comments?post=28910"}],"version-history":[{"count":1,"href":"https:\/\/blogdoeloiltoncajuhy.com.br\/site\/wp-json\/wp\/v2\/posts\/28910\/revisions"}],"predecessor-version":[{"id":28912,"href":"https:\/\/blogdoeloiltoncajuhy.com.br\/site\/wp-json\/wp\/v2\/posts\/28910\/revisions\/28912"}],"wp:featuredmedia":[{"embeddable":true,"href":"https:\/\/blogdoeloiltoncajuhy.com.br\/site\/wp-json\/wp\/v2\/media\/28911"}],"wp:attachment":[{"href":"https:\/\/blogdoeloiltoncajuhy.com.br\/site\/wp-json\/wp\/v2\/media?parent=28910"}],"wp:term":[{"taxonomy":"category","embeddable":true,"href":"https:\/\/blogdoeloiltoncajuhy.com.br\/site\/wp-json\/wp\/v2\/categories?post=28910"},{"taxonomy":"post_tag","embeddable":true,"href":"https:\/\/blogdoeloiltoncajuhy.com.br\/site\/wp-json\/wp\/v2\/tags?post=28910"}],"curies":[{"name":"wp","href":"https:\/\/api.w.org\/{rel}","templated":true}]}}