{"id":28907,"date":"2018-11-01T10:40:59","date_gmt":"2018-11-01T13:40:59","guid":{"rendered":"http:\/\/blogdoeloiltoncajuhy.com.br\/site\/?p=28907"},"modified":"2018-11-01T10:40:59","modified_gmt":"2018-11-01T13:40:59","slug":"politica-frente-ambientalista-promete-obstruir-eventual-fusao-entre-ministerios-da-agricultura-e-meio-ambiente","status":"publish","type":"post","link":"https:\/\/blogdoeloiltoncajuhy.com.br\/site\/politica-frente-ambientalista-promete-obstruir-eventual-fusao-entre-ministerios-da-agricultura-e-meio-ambiente\/","title":{"rendered":"POL\u00cdTICA: Frente Ambientalista promete obstruir eventual fus\u00e3o entre minist\u00e9rios da Agricultura e Meio Ambiente"},"content":{"rendered":"<p><a href=\"https:\/\/i0.wp.com\/blogdoeloiltoncajuhy.com.br\/site\/wp-content\/uploads\/2018\/11\/frente-parlamentar-ambientalista.jpg\"><img data-recalc-dims=\"1\" fetchpriority=\"high\" decoding=\"async\" class=\"aligncenter wp-image-28908\" src=\"https:\/\/i0.wp.com\/blogdoeloiltoncajuhy.com.br\/site\/wp-content\/uploads\/2018\/11\/frente-parlamentar-ambientalista.jpg?resize=460%2C308\" alt=\"\" width=\"460\" height=\"308\" srcset=\"https:\/\/i0.wp.com\/blogdoeloiltoncajuhy.com.br\/site\/wp-content\/uploads\/2018\/11\/frente-parlamentar-ambientalista.jpg?w=311&amp;ssl=1 311w, https:\/\/i0.wp.com\/blogdoeloiltoncajuhy.com.br\/site\/wp-content\/uploads\/2018\/11\/frente-parlamentar-ambientalista.jpg?resize=300%2C201&amp;ssl=1 300w, https:\/\/i0.wp.com\/blogdoeloiltoncajuhy.com.br\/site\/wp-content\/uploads\/2018\/11\/frente-parlamentar-ambientalista.jpg?resize=250%2C167&amp;ssl=1 250w\" sizes=\"(max-width: 460px) 100vw, 460px\" \/><\/a>A <em><strong>Frente Parlamentar Ambientalista<\/strong><\/em> prometeu, durante ato nesta quarta-feira, 31, obstruir eventual proposta do futuro <em><strong>governo Jair Bolsonaro<\/strong><\/em> para juntar o <em><strong>Minist\u00e9rio da Agricultura, Pecu\u00e1ria e Abastecimento com o Minist\u00e9rio do Meio Ambiente (MMA)<\/strong><\/em>.<\/p>\n<p>Para o coordenador da frente, <em><strong>deputado Alessandro Molon<\/strong><\/em>, \u00e9 preciso ir contra a p\u00e9ssima ideia de subordinar a pauta do meio ambiente \u00e0 pauta do agroneg\u00f3cio.\u00a0\u201c<em>Se o novo governo insistir nessa p\u00e9ssima ideia, atrav\u00e9s de uma medida provis\u00f3ria, isso ser\u00e1 objeto de uma disputa pol\u00edtica aqui nesta Casa. Vamos obstruir, apresentar emendas. Trazer a sociedade aqui pra dentro para dizer, em nome do Brasil, que n\u00f3s brasileiros e brasileiras n\u00e3o queremos que se acabe com o Minist\u00e9rio do Meio Ambiente<\/em>\u201d.<\/p>\n<p>A atua\u00e7\u00e3o do minist\u00e9rio, segundo Molon, vai muito al\u00e9m da agropecu\u00e1ria. Dos quase 1.800 processos de licenciamento ambiental no Ibama atualmente, apenas 29 t\u00eam rela\u00e7\u00e3o com agricultura.<\/p>\n<p>O <em><strong>2\u00ba vice-presidente da Comiss\u00e3o de Meio Ambiente,<\/strong><\/em> <strong><em>deputado Nilto Tatto<\/em><\/strong>, do PT paulista, acredita que a jun\u00e7\u00e3o das pastas mostra um desconhecimento do futuro governo sobre o trabalho do Minist\u00e9rio do Meio Ambiente.<\/p>\n<p>\u201c<em>Ele n\u00e3o conhece nada de floresta, n\u00e3o conhece nada de biodiversidade. N\u00e3o tem no\u00e7\u00e3o nenhuma da extens\u00e3o territorial que hoje est\u00e1 sob a guarda do Minist\u00e9rio do Meio Ambiente, com a responsabilidade de proteger a fauna e a flora, toda a biodiversidade que \u00e9 importante para o conjunto da sociedade brasileira<\/em>\u201d.\u00a0O receio, na vis\u00e3o de Tatto, \u00e9 que as demandas ambientais fiquem em segundo plano.<\/p>\n<p>Os atuais ministros das duas pastas tamb\u00e9m criticaram a eventual fus\u00e3o. Em nota, o <em><strong>Minist\u00e9rio do Meio Ambiente<\/strong><\/em> disse que a medida poderia resultar &#8220;<em>em danos para as duas agendas<\/em>&#8220;. O <em><strong>ministro da Agricultura, Blairo Maggi<\/strong><\/em>, afirmou que a a\u00e7\u00e3o vai ajudar a contestar o discurso feito nos \u00faltimos anos de que o agroneg\u00f3cio brasileiro \u00e9 sustent\u00e1vel.<\/p>\n<p>J\u00e1 o <em><strong>1\u00ba vice-presidente da Comiss\u00e3o de Agricultura, deputado Evair Vieira de Melo<\/strong><\/em>, do PP do Esp\u00edrito Santo, justificou a fus\u00e3o das pastas para desburocratizar e agilizar a\u00e7\u00f5es.\u00a0\u201c<em>S\u00e3o dois dinossauros que est\u00e3o a\u00ed na m\u00e1quina p\u00fablica brasileira que n\u00e3o conseguem mais dialogar com a velocidade e com as inova\u00e7\u00f5es que o Brasil da produ\u00e7\u00e3o precisa e merece, da preserva\u00e7\u00e3o, da conserva\u00e7\u00e3o ou da recupera\u00e7\u00e3o<\/em>\u201d.<\/p>\n<p>O Brasil, segundo Melo, precisa defender a agenda da sustentabilidade e n\u00e3o da agricultura ou do meio ambiente. O deputado tamb\u00e9m criticou o processo de licenciamento ambiental que, para ele, \u00e9 muito rigoroso para concess\u00e3o, mas brando nas san\u00e7\u00f5es.<\/p>\n<p><em><strong>*Reportagem &#8211; Tiago Miranda \/ R\u00e1dio C\u00e2mara<\/strong><\/em><\/p>\n","protected":false},"excerpt":{"rendered":"<p>A Frente Parlamentar Ambientalista prometeu, durante ato nesta quarta-feira, 31, obstruir eventual proposta do futuro governo Jair Bolsonaro para juntar o Minist\u00e9rio da Agricultura, Pecu\u00e1ria e Abastecimento com o Minist\u00e9rio do Meio Ambiente (MMA). Para o coordenador da frente, deputado Alessandro Molon, \u00e9 preciso ir contra a p\u00e9ssima ideia de subordinar a pauta do meio [&hellip;]<\/p>\n","protected":false},"author":2,"featured_media":28908,"comment_status":"open","ping_status":"open","sticky":false,"template":"","format":"standard","meta":{"_acf_changed":false,"_monsterinsights_skip_tracking":false,"_monsterinsights_sitenote_active":false,"_monsterinsights_sitenote_note":"","_monsterinsights_sitenote_category":0,"_jetpack_memberships_contains_paid_content":false,"footnotes":"","jetpack_publicize_message":"","jetpack_publicize_feature_enabled":true,"jetpack_social_post_already_shared":true,"jetpack_social_options":{"image_generator_settings":{"template":"highway","default_image_id":0,"font":"","enabled":false},"version":2}},"categories":[1,3],"tags":[],"class_list":["post-28907","post","type-post","status-publish","format-standard","has-post-thumbnail","hentry","category-noticias","category-politica"],"acf":[],"jetpack_publicize_connections":[],"jetpack_featured_media_url":"https:\/\/i0.wp.com\/blogdoeloiltoncajuhy.com.br\/site\/wp-content\/uploads\/2018\/11\/frente-parlamentar-ambientalista.jpg?fit=311%2C208&ssl=1","jetpack_sharing_enabled":true,"publishpress_future_workflow_manual_trigger":{"enabledWorkflows":[]},"_links":{"self":[{"href":"https:\/\/blogdoeloiltoncajuhy.com.br\/site\/wp-json\/wp\/v2\/posts\/28907","targetHints":{"allow":["GET"]}}],"collection":[{"href":"https:\/\/blogdoeloiltoncajuhy.com.br\/site\/wp-json\/wp\/v2\/posts"}],"about":[{"href":"https:\/\/blogdoeloiltoncajuhy.com.br\/site\/wp-json\/wp\/v2\/types\/post"}],"author":[{"embeddable":true,"href":"https:\/\/blogdoeloiltoncajuhy.com.br\/site\/wp-json\/wp\/v2\/users\/2"}],"replies":[{"embeddable":true,"href":"https:\/\/blogdoeloiltoncajuhy.com.br\/site\/wp-json\/wp\/v2\/comments?post=28907"}],"version-history":[{"count":1,"href":"https:\/\/blogdoeloiltoncajuhy.com.br\/site\/wp-json\/wp\/v2\/posts\/28907\/revisions"}],"predecessor-version":[{"id":28909,"href":"https:\/\/blogdoeloiltoncajuhy.com.br\/site\/wp-json\/wp\/v2\/posts\/28907\/revisions\/28909"}],"wp:featuredmedia":[{"embeddable":true,"href":"https:\/\/blogdoeloiltoncajuhy.com.br\/site\/wp-json\/wp\/v2\/media\/28908"}],"wp:attachment":[{"href":"https:\/\/blogdoeloiltoncajuhy.com.br\/site\/wp-json\/wp\/v2\/media?parent=28907"}],"wp:term":[{"taxonomy":"category","embeddable":true,"href":"https:\/\/blogdoeloiltoncajuhy.com.br\/site\/wp-json\/wp\/v2\/categories?post=28907"},{"taxonomy":"post_tag","embeddable":true,"href":"https:\/\/blogdoeloiltoncajuhy.com.br\/site\/wp-json\/wp\/v2\/tags?post=28907"}],"curies":[{"name":"wp","href":"https:\/\/api.w.org\/{rel}","templated":true}]}}